{"id":443463,"date":"2025-10-06T18:43:10","date_gmt":"2025-10-06T18:43:10","guid":{"rendered":"https:\/\/www.europesays.com\/fr\/443463\/"},"modified":"2025-10-06T18:43:10","modified_gmt":"2025-10-06T18:43:10","slug":"grenoble-femme-a-moitie-nue-retrouvee-morte-pres-dune-piste-cyclable-on-en-sait-plus","status":"publish","type":"post","link":"https:\/\/www.europesays.com\/fr\/443463\/","title":{"rendered":"Grenoble. Femme \u00e0 moiti\u00e9 nue retrouv\u00e9e morte pr\u00e8s d&rsquo;une piste cyclable : on en sait plus"},"content":{"rendered":"<p>            Par<br \/>\n        <strong><br \/>\n            <a href=\"https:\/\/actu.fr\/auteur\/lisa-rodrigues\" title=\"Consulter tous les articles de Lisa Rodrigues\" target=\"_blank\" rel=\"noopener\">Lisa Rodrigues<\/a><br \/>\n        <\/strong><\/p>\n<p>        Publi\u00e9 le<\/p>\n<p>            6 oct. 2025 \u00e0 20h31        <\/p>\n<p>Son corps a \u00e9t\u00e9 d\u00e9couvert par un passant. Une <strong>femme a \u00e9t\u00e9 retrouv\u00e9e morte<\/strong>, dimanche 5 octobre en matin\u00e9e, rue commandant de Reynies pr\u00e8s de la Chronov\u00e9lo, \u00e0 quelques m\u00e8tres du square Foch \u00e0 <a href=\"https:\/\/actu.fr\/auvergne-rhone-alpes\/grenoble_38185\" target=\"_blank\" rel=\"noopener\">Grenoble<\/a>. Les enqu\u00eateurs ont pass\u00e9 une partie de la journ\u00e9e sur place pour tenter d\u2019\u00e9claircir les circonstances de sa mort, alors qu\u2019elle a \u00e9t\u00e9 <strong>retrouv\u00e9e en partie d\u00e9nud\u00e9e<\/strong>, le pantalon rabaiss\u00e9 au niveau des genoux.\u00a0<br \/>Son autopsie r\u00e9alis\u00e9e lundi 6 octobre a pu apporter quelques r\u00e9ponses aux enqu\u00eateurs.<\/p>\n<p>    <a href=\"https:\/\/www.google.com\/maps\/embed?pb=!1m18!1m12!1m3!1d2812.344682751852!2d5.7173237750235275!3d45.18011847107066!2m3!1f0!2f0!3f0!3m2!1i1024!2i768!4f13.1!3m3!1m2!1s0x478af49a00d2bc39%3A0xcee30ebbd79244d2!2sRue%20Commandant%20de%20Reynies%2C%2038100%20Grenoble!5e0!3m2!1sfr!2sfr!4v1759774292000!5m2!1sfr!2sfr\" title=\"Ouvrie le lien\" target=\"_blank\" rel=\"noopener\">Cliquez ici pour visualiser le contenu<\/a><\/p>\n<p>Pas \u00ab\u00a0d\u2019intervention ext\u00e9rieure\u00a0\u00bb<\/p>\n<p class=\" wall-content\">En fin de journ\u00e9e, le parquet de Grenoble a pr\u00e9cis\u00e9 que la victime est \u00ab\u00a0une <strong>femme originaire du Nig\u00e9ria \u00e2g\u00e9e de 45 ans<\/strong>\u00ab\u00a0.<\/p>\n<p class=\" wall-content\">L\u2019autopsie r\u00e9alis\u00e9e a permis d\u2019estimer l\u2019heure probable de la mort \u00ab\u00a0\u00e0 environ 12 heures avant la d\u00e9couverte de la d\u00e9funte\u00a0\u00bb, soit dans la nuit de samedi \u00e0 dimanche.\u00a0<\/p>\n<blockquote class=\"ac-article-quote wall-content\">\n<p>Aucun signe de violence n&rsquo;a \u00e9t\u00e9 retrouv\u00e9 sur son corps. Elle est d\u00e9c\u00e9d\u00e9e brutalement d&rsquo;une rupture d&rsquo;an\u00e9vrisme qui n&rsquo;a pas \u00e9t\u00e9 caus\u00e9e par une intervention ext\u00e9rieure de type choc \u00e0 la t\u00eate.<\/p>\n<p>    <strong>Parquet de Grenoble<\/strong>\n            <\/p><\/blockquote>\n<p class=\" wall-content\">La piste criminelle avait un temps \u00e9t\u00e9 envisag\u00e9e.<\/p>\n<p>Enqu\u00eate ouverte pour non assistance \u00e0 personne en p\u00e9ril<\/p>\n<p class=\" wall-content\">Concernant la position de la victime, d\u00e9couverte \u00e0 moiti\u00e9 nue, le parquet pr\u00e9cise que des pr\u00e9servatifs ont \u00e9t\u00e9 retrouv\u00e9s \u00e0 proximit\u00e9 du corps et alors que le secteur est connu pour abriter des activit\u00e9s de prostitution.<\/p>\n<p>Votre r\u00e9gion, votre actu !<\/p>\n<p>Recevez chaque jour les infos qui comptent pour vous.<\/p>\n<p>\t<a href=\"https:\/\/actu.fr\/newsletter\" class=\"ac-btn ac-btn--corner ac-btn--medium ac-btn--blue800\" target=\"_blank\" rel=\"noopener\">S&rsquo;incrire<\/a><\/p>\n<p class=\" wall-content\">Ainsi, \u00ab\u00a0il est <strong>probable que [la victime] se livrait \u00e0 la prostitution<\/strong> au moment de son d\u00e9c\u00e8s\u00a0\u00bb, poursuit le parquet.<\/p>\n<p class=\" wall-content\">Une enqu\u00eate a \u00e9t\u00e9 ouverte pour non assistance \u00e0 personne en p\u00e9ril. Les forces de l\u2019ordre vont donc s\u2019atteler \u00e0 retrouver les clients de la victime gr\u00e2ce \u00e0 l\u2019analyse des pr\u00e9servatifs retrouv\u00e9s.<\/p>\n<p class=\" wall-content\">Personnalisez votre actualit\u00e9 en ajoutant vos villes et m\u00e9dias en favori avec <a href=\"https:\/\/moncompte.actu.fr\" title=\"D\u00e9couvez Mon Actu\" rel=\"nofollow noopener\" data-trk=\"{&quot;cta&quot;:{&quot;action&quot;:&quot;https:\\\/\\\/moncompte.actu.fr&quot;,&quot;category&quot;:&quot;mon compte&quot;,&quot;from&quot;:&quot;article footer&quot;,&quot;name&quot;:&quot;Mon actu&quot;,&quot;type&quot;:&quot;cta&quot;}}\" target=\"_blank\">Mon Actu<\/a>.<\/p>\n","protected":false},"excerpt":{"rendered":"Par Lisa Rodrigues Publi\u00e9 le 6 oct. 2025 \u00e0 20h31 Son corps a \u00e9t\u00e9 d\u00e9couvert par un passant.&hellip;\n","protected":false},"author":2,"featured_media":443464,"comment_status":"","ping_status":"","sticky":false,"template":"","format":"standard","meta":{"footnotes":""},"categories":[9566],"tags":[1111,11,2430,1777,674,118,1011,27,2731,303,12,1072,25],"class_list":{"0":"post-443463","1":"post","2":"type-post","3":"status-publish","4":"format-standard","5":"has-post-thumbnail","7":"category-grenoble","8":"tag-actu","9":"tag-actualites","10":"tag-auvergne-rhone-alpes","11":"tag-eu","12":"tag-europe","13":"tag-faits-divers","14":"tag-fr","15":"tag-france","16":"tag-grenoble","17":"tag-justice","18":"tag-news","19":"tag-police","20":"tag-republique-francaise"},"share_on_mastodon":{"url":"https:\/\/pubeurope.com\/@fr\/115328699947568261","error":""},"_links":{"self":[{"href":"https:\/\/www.europesays.com\/fr\/wp-json\/wp\/v2\/posts\/443463","targetHints":{"allow":["GET"]}}],"collection":[{"href":"https:\/\/www.europesays.com\/fr\/wp-json\/wp\/v2\/posts"}],"about":[{"href":"https:\/\/www.europesays.com\/fr\/wp-json\/wp\/v2\/types\/post"}],"author":[{"embeddable":true,"href":"https:\/\/www.europesays.com\/fr\/wp-json\/wp\/v2\/users\/2"}],"replies":[{"embeddable":true,"href":"https:\/\/www.europesays.com\/fr\/wp-json\/wp\/v2\/comments?post=443463"}],"version-history":[{"count":0,"href":"https:\/\/www.europesays.com\/fr\/wp-json\/wp\/v2\/posts\/443463\/revisions"}],"wp:featuredmedia":[{"embeddable":true,"href":"https:\/\/www.europesays.com\/fr\/wp-json\/wp\/v2\/media\/443464"}],"wp:attachment":[{"href":"https:\/\/www.europesays.com\/fr\/wp-json\/wp\/v2\/media?parent=443463"}],"wp:term":[{"taxonomy":"category","embeddable":true,"href":"https:\/\/www.europesays.com\/fr\/wp-json\/wp\/v2\/categories?post=443463"},{"taxonomy":"post_tag","embeddable":true,"href":"https:\/\/www.europesays.com\/fr\/wp-json\/wp\/v2\/tags?post=443463"}],"curies":[{"name":"wp","href":"https:\/\/api.w.org\/{rel}","templated":true}]}}