{"id":443465,"date":"2025-10-06T18:44:29","date_gmt":"2025-10-06T18:44:29","guid":{"rendered":"https:\/\/www.europesays.com\/fr\/443465\/"},"modified":"2025-10-06T18:44:29","modified_gmt":"2025-10-06T18:44:29","slug":"a-rennes-cooperl-va-celebrer-ses-10-annees-dinnovation","status":"publish","type":"post","link":"https:\/\/www.europesays.com\/fr\/443465\/","title":{"rendered":"\u00c0 Rennes, Cooperl va c\u00e9l\u00e9brer ses 10 ann\u00e9es d\u2019innovation"},"content":{"rendered":"<p>Le 06 octobre 2025 \u00e0 10h18, modifi\u00e9 le 06 octobre 2025 \u00e0 12h06<\/p>\n<p class=\"tlg-h5\">Cooperl et le campus rennais The Land organisent, le 8\u00a0octobre 2025, la troisi\u00e8me \u00e9dition des Carrefours de l\u2019innovation. L\u2019occasion d\u2019\u00e9voquer les avanc\u00e9es et les perspectives pour la fili\u00e8re porcine.<\/p>\n<p><img fetchpriority=\"high\" decoding=\"async\" src=\"https:\/\/www.europesays.com\/fr\/wp-content\/uploads\/2025\/10\/68e394ed15bcd9455a04dc77.1.jpeg\" width=\"960\" height=\"600\" class=\"web_golden_xl\" loading=\"eager\" alt=\"\u00c0 Lamballe, la Bulle Cooperl Environnement retrace les dix ann\u00e9es d\u2019innovations port\u00e9es par la coop\u00e9rative porcine.\"\/>\u00c0 Lamballe, la Bulle Cooperl Environnement retrace les dix ann\u00e9es d\u2019innovations port\u00e9es par la coop\u00e9rative porcine. (Le T\u00e9l\u00e9gramme\/Beno\u00eet Tr\u00e9horel)<\/p>\n","protected":false},"excerpt":{"rendered":"Le 06 octobre 2025 \u00e0 10h18, modifi\u00e9 le 06 octobre 2025 \u00e0 12h06 Cooperl et le campus rennais&hellip;\n","protected":false},"author":2,"featured_media":443466,"comment_status":"","ping_status":"","sticky":false,"template":"","format":"standard","meta":{"footnotes":""},"categories":[2821],"tags":[1111,11,327,5825,829,56973,33,257,1777,674,1011,27,12,584,25],"class_list":{"0":"post-443465","1":"post","2":"type-post","3":"status-publish","4":"format-standard","5":"has-post-thumbnail","7":"category-rennes","8":"tag-actu","9":"tag-actualites","10":"tag-agriculture","11":"tag-agroalimentaire","12":"tag-bretagne","13":"tag-cooperl","14":"tag-economie","15":"tag-entreprise","16":"tag-eu","17":"tag-europe","18":"tag-fr","19":"tag-france","20":"tag-news","21":"tag-rennes","22":"tag-republique-francaise"},"share_on_mastodon":{"url":"https:\/\/pubeurope.com\/@fr\/115328704334628963","error":""},"_links":{"self":[{"href":"https:\/\/www.europesays.com\/fr\/wp-json\/wp\/v2\/posts\/443465","targetHints":{"allow":["GET"]}}],"collection":[{"href":"https:\/\/www.europesays.com\/fr\/wp-json\/wp\/v2\/posts"}],"about":[{"href":"https:\/\/www.europesays.com\/fr\/wp-json\/wp\/v2\/types\/post"}],"author":[{"embeddable":true,"href":"https:\/\/www.europesays.com\/fr\/wp-json\/wp\/v2\/users\/2"}],"replies":[{"embeddable":true,"href":"https:\/\/www.europesays.com\/fr\/wp-json\/wp\/v2\/comments?post=443465"}],"version-history":[{"count":0,"href":"https:\/\/www.europesays.com\/fr\/wp-json\/wp\/v2\/posts\/443465\/revisions"}],"wp:featuredmedia":[{"embeddable":true,"href":"https:\/\/www.europesays.com\/fr\/wp-json\/wp\/v2\/media\/443466"}],"wp:attachment":[{"href":"https:\/\/www.europesays.com\/fr\/wp-json\/wp\/v2\/media?parent=443465"}],"wp:term":[{"taxonomy":"category","embeddable":true,"href":"https:\/\/www.europesays.com\/fr\/wp-json\/wp\/v2\/categories?post=443465"},{"taxonomy":"post_tag","embeddable":true,"href":"https:\/\/www.europesays.com\/fr\/wp-json\/wp\/v2\/tags?post=443465"}],"curies":[{"name":"wp","href":"https:\/\/api.w.org\/{rel}","templated":true}]}}