{"id":443484,"date":"2025-10-06T18:54:13","date_gmt":"2025-10-06T18:54:13","guid":{"rendered":"https:\/\/www.europesays.com\/fr\/443484\/"},"modified":"2025-10-06T18:54:13","modified_gmt":"2025-10-06T18:54:13","slug":"un-chien-enrage-fait-trois-blesses-pres-de-toulouse-mordue-par-lanimal-une-enfant-de-2-ans-heliportee-en-urgence","status":"publish","type":"post","link":"https:\/\/www.europesays.com\/fr\/443484\/","title":{"rendered":"Un chien enrag\u00e9 fait trois bless\u00e9s pr\u00e8s de Toulouse\u00a0: mordue par l\u2019animal, une enfant de 2 ans h\u00e9liport\u00e9e en urgence"},"content":{"rendered":"<p>\n                                                                    l&rsquo;essentiel<br \/>\n                                                                Un chien enrag\u00e9 a sem\u00e9 la panique ce lundi \u00e0 Aurignac, en Haute-Garonne. Plusieurs personnes ont \u00e9t\u00e9 attaqu\u00e9es, dont une fillette de deux ans gri\u00e8vement bless\u00e9e au visage. Une enqu\u00eate est en cours pour d\u00e9terminer les circonstances exactes de ce drame.\n                            <\/p>\n<p>C\u2019est une sc\u00e8ne de chaos provoqu\u00e9e par un simple animal. Plusieurs personnes ont \u00e9t\u00e9 attaqu\u00e9es par un chien enrag\u00e9 ce lundi 6\u00a0octobre au sud de Toulouse. Une fillette de 2 ans a \u00e9t\u00e9 gravement bless\u00e9e au visage. La petite fille a d\u00fb \u00eatre h\u00e9liport\u00e9e vers l\u2019h\u00f4pital des enfants pour subir une op\u00e9ration en urgence.<\/p>\n<p class=\"std-elt__inline\">\n        <strong>\u00c0 lire aussi :<\/strong><br \/>\n        <a href=\"https:\/\/www.ladepeche.fr\/2020\/09\/10\/que-faire-si-vous-avez-ete-mordu-par-un-chien-9061655.php\" rel=\"nofollow noopener\" target=\"_blank\">Que faire si vous avez \u00e9t\u00e9 mordu par un chien ?<\/a>\n    <\/p>\n<p>Les faits se sont d\u00e9roul\u00e9s \u00e0 Aurignac, une commune situ\u00e9e au sud-est de la Haute-Garonne, pr\u00e8s de Saint-Gaudens. Peu avant 17\u00a0heures, un chien aurait, pour une raison ind\u00e9termin\u00e9e, attaqu\u00e9 plusieurs riverains de la rue du Pountil. \u00ab\u00a0Une femme de 31 ans, une maman de 23 ans et sa fille de 2 ans pr\u00e9sentaient des morsures \u00e0 notre arriv\u00e9e\u00a0\u00bb, confirme le Sdis 31.<\/p>\n<p>Comment est mort l\u2019animal\u00a0?<\/p>\n<p>L\u2019intervention a mobilis\u00e9 sept pompiers des casernes de Saint-Gaudens et d\u2019Aurignac, accompagn\u00e9s du Smur et de la gendarmerie. Les blessures de la plus jeune victime sont graves et n\u00e9cessitent une hospitalisation. Une enqu\u00eate a \u00e9t\u00e9 ouverte par le parquet de Saint-Gaudens pour faire toute la lumi\u00e8re sur les circonstances. Selon nos informations, le chien serait myst\u00e9rieusement mort. Les gendarmes n\u2019y sont pour rien. A-t-il \u00e9t\u00e9 tu\u00e9 par une victime\u00a0? Ou accident\u00e9 apr\u00e8s son coup de folie\u00a0? Aucune information n\u2019a encore \u00e9t\u00e9 r\u00e9v\u00e9l\u00e9e \u00e0 ce sujet. Si son propri\u00e9taire est identifi\u00e9, il devrait \u00eatre rapidement entendu pour lever les zones d\u2019ombre de cette affaire.<\/p>\n","protected":false},"excerpt":{"rendered":"l&rsquo;essentiel Un chien enrag\u00e9 a sem\u00e9 la panique ce lundi \u00e0 Aurignac, en Haute-Garonne. Plusieurs personnes ont \u00e9t\u00e9&hellip;\n","protected":false},"author":2,"featured_media":443485,"comment_status":"","ping_status":"","sticky":false,"template":"","format":"standard","meta":{"footnotes":""},"categories":[2816],"tags":[1111,11,1777,674,1011,27,12,2680,25,2312],"class_list":{"0":"post-443484","1":"post","2":"type-post","3":"status-publish","4":"format-standard","5":"has-post-thumbnail","7":"category-toulouse","8":"tag-actu","9":"tag-actualites","10":"tag-eu","11":"tag-europe","12":"tag-fr","13":"tag-france","14":"tag-news","15":"tag-occitanie","16":"tag-republique-francaise","17":"tag-toulouse"},"share_on_mastodon":{"url":"https:\/\/pubeurope.com\/@fr\/115328743171789457","error":""},"_links":{"self":[{"href":"https:\/\/www.europesays.com\/fr\/wp-json\/wp\/v2\/posts\/443484","targetHints":{"allow":["GET"]}}],"collection":[{"href":"https:\/\/www.europesays.com\/fr\/wp-json\/wp\/v2\/posts"}],"about":[{"href":"https:\/\/www.europesays.com\/fr\/wp-json\/wp\/v2\/types\/post"}],"author":[{"embeddable":true,"href":"https:\/\/www.europesays.com\/fr\/wp-json\/wp\/v2\/users\/2"}],"replies":[{"embeddable":true,"href":"https:\/\/www.europesays.com\/fr\/wp-json\/wp\/v2\/comments?post=443484"}],"version-history":[{"count":0,"href":"https:\/\/www.europesays.com\/fr\/wp-json\/wp\/v2\/posts\/443484\/revisions"}],"wp:featuredmedia":[{"embeddable":true,"href":"https:\/\/www.europesays.com\/fr\/wp-json\/wp\/v2\/media\/443485"}],"wp:attachment":[{"href":"https:\/\/www.europesays.com\/fr\/wp-json\/wp\/v2\/media?parent=443484"}],"wp:term":[{"taxonomy":"category","embeddable":true,"href":"https:\/\/www.europesays.com\/fr\/wp-json\/wp\/v2\/categories?post=443484"},{"taxonomy":"post_tag","embeddable":true,"href":"https:\/\/www.europesays.com\/fr\/wp-json\/wp\/v2\/tags?post=443484"}],"curies":[{"name":"wp","href":"https:\/\/api.w.org\/{rel}","templated":true}]}}