{"id":443486,"date":"2025-10-06T18:55:17","date_gmt":"2025-10-06T18:55:17","guid":{"rendered":"https:\/\/www.europesays.com\/fr\/443486\/"},"modified":"2025-10-06T18:55:17","modified_gmt":"2025-10-06T18:55:17","slug":"cette-semaine-la-marine-vous-embarque-a-toulouse","status":"publish","type":"post","link":"https:\/\/www.europesays.com\/fr\/443486\/","title":{"rendered":"Cette semaine, la Marine vous embarque \u00e0 Toulouse !"},"content":{"rendered":"<p>\u00ab\u00a0Tout le monde conna\u00eet la Marine, mais rares sont ceux qui savent en quoi consistent r\u00e9ellement nos missions\u00a0\u00bb, note le Commandant Cyril Beauvais, responsable du recrutement pour la Marine nationale dans le Sud-Ouest. C\u2019est donc pour palier cette m\u00e9connaissance et attirer de potentielles recrues qu\u2019une op\u00e9ration in\u00e9dite se d\u00e9roulera ces vendredi 10 et samedi 11\u00a0octobre \u00e0 Toulouse. Pendant deux jours, une centaine de marins seront r\u00e9unis Port Viguerie pour accueillir les visiteurs et partager leurs parcours et exp\u00e9riences. Objectif\u00a0: permettre \u00e0 un public \u00e9loign\u00e9 g\u00e9ographiquement des c\u00f4tes maritimes de d\u00e9couvrir les diff\u00e9rents parcours propos\u00e9s par la Marine nationale.<\/p>\n<p>\u00ab\u00a0Une vie d\u2019aventures\u00a0\u00bb<\/p>\n<p>Des parcours vari\u00e9s\u00a0! Depuis l\u2019\u00e9cole des mousses jusqu\u2019\u00e0 l\u2019\u00e9cole navale, en passant par celles des matelots, des fusiliers marins ou de maistrance, les opportunit\u00e9s sont en effet tr\u00e8s diversifi\u00e9es et accessibles \u00e0 tous. \u00ab\u00a0Nous recrutons d\u00e8s l\u2019\u00e2ge de 16 ans des jeunes qui poursuivent la voie acad\u00e9mique classique en plus d\u2019apprendre leur m\u00e9tier de marin, mais \u00e9galement du niveau Bac \u00e0 Bac +6 dans plus de 80 m\u00e9tiers\u00a0\u00bb, rappelle Cyril Beauvais. 4000 personnes chaque ann\u00e9e, soit environ 10\u00a0% de l\u2019effectif de ce corps d\u2019arm\u00e9e qui propose non seulement des formations r\u00e9mun\u00e9r\u00e9es et des perspectives de carri\u00e8re, mais aussi \u00ab\u00a0une vie d\u2019aventures\u00a0\u00bb. \u00ab\u00a0Notre th\u00e9\u00e2tre c\u2019est la mer, que l\u2019on soit sur, sous ou au-dessus de l\u2019eau. Et c\u2019est bien s\u00fbr le monde\u00a0\u00bb, souligne le Commandant.<\/p>\n<p>Lors de l\u2019op\u00e9ration La Marine Recrute \u00e0 Toulouse, les visiteurs pourront ainsi rencontrer et \u00e9changer avec un guetteur s\u00e9maphoriste (un profil particuli\u00e8rement recherch\u00e9), un contr\u00f4leur a\u00e9rien, un ma\u00eetre d\u2019h\u00f4tel ou un atomicien de propulsion navale. S\u2019informer \u00e9galement aupr\u00e8s des conseillers recruteurs. Assister \u00e0 des d\u00e9monstrations m\u00e9tiers ou \u00e0 la projection du film \u00ab\u00a0Marins, l\u2019appel du large\u00a0\u00bb. Et \u00e9videmment postuler. En 2024, 231 Occitans ont rejoint les rangs de la Marine nationale, qui compte 40. 000 marins op\u00e9rant chaque jour sur le deuxi\u00e8me domaine maritime mondial. Un p\u00e9rim\u00e8tre qui repr\u00e9sente environ 11 millions de km\u00b2, soit la superficie de l\u2019Europe\u00a0! <br class=\"autobr\"\/><br \/>\nIngrid Lemelle<\/p>\n<p><strong>Les vendredi 10 et samedi 11\u00a0octobre, de 9h \u00e0 18h, Port Viguerie, \u00e0 Toulouse.<\/strong><\/p>\n<p>Cr\u00e9dit photo\u00a0: Marine nationale.<\/p>\n","protected":false},"excerpt":{"rendered":"\u00ab\u00a0Tout le monde conna\u00eet la Marine, mais rares sont ceux qui savent en quoi consistent r\u00e9ellement nos missions\u00a0\u00bb,&hellip;\n","protected":false},"author":2,"featured_media":443487,"comment_status":"","ping_status":"","sticky":false,"template":"","format":"standard","meta":{"footnotes":""},"categories":[2816],"tags":[1111,11,1813,341,1777,674,1119,1011,27,567,12,2680,25,2312],"class_list":{"0":"post-443486","1":"post","2":"type-post","3":"status-publish","4":"format-standard","5":"has-post-thumbnail","7":"category-toulouse","8":"tag-actu","9":"tag-actualites","10":"tag-armee","11":"tag-emploi","12":"tag-eu","13":"tag-europe","14":"tag-formation","15":"tag-fr","16":"tag-france","17":"tag-marine-nationale","18":"tag-news","19":"tag-occitanie","20":"tag-republique-francaise","21":"tag-toulouse"},"share_on_mastodon":{"url":"https:\/\/pubeurope.com\/@fr\/115328747149967064","error":""},"_links":{"self":[{"href":"https:\/\/www.europesays.com\/fr\/wp-json\/wp\/v2\/posts\/443486","targetHints":{"allow":["GET"]}}],"collection":[{"href":"https:\/\/www.europesays.com\/fr\/wp-json\/wp\/v2\/posts"}],"about":[{"href":"https:\/\/www.europesays.com\/fr\/wp-json\/wp\/v2\/types\/post"}],"author":[{"embeddable":true,"href":"https:\/\/www.europesays.com\/fr\/wp-json\/wp\/v2\/users\/2"}],"replies":[{"embeddable":true,"href":"https:\/\/www.europesays.com\/fr\/wp-json\/wp\/v2\/comments?post=443486"}],"version-history":[{"count":0,"href":"https:\/\/www.europesays.com\/fr\/wp-json\/wp\/v2\/posts\/443486\/revisions"}],"wp:featuredmedia":[{"embeddable":true,"href":"https:\/\/www.europesays.com\/fr\/wp-json\/wp\/v2\/media\/443487"}],"wp:attachment":[{"href":"https:\/\/www.europesays.com\/fr\/wp-json\/wp\/v2\/media?parent=443486"}],"wp:term":[{"taxonomy":"category","embeddable":true,"href":"https:\/\/www.europesays.com\/fr\/wp-json\/wp\/v2\/categories?post=443486"},{"taxonomy":"post_tag","embeddable":true,"href":"https:\/\/www.europesays.com\/fr\/wp-json\/wp\/v2\/tags?post=443486"}],"curies":[{"name":"wp","href":"https:\/\/api.w.org\/{rel}","templated":true}]}}