{"id":443492,"date":"2025-10-06T18:58:10","date_gmt":"2025-10-06T18:58:10","guid":{"rendered":"https:\/\/www.europesays.com\/fr\/443492\/"},"modified":"2025-10-06T18:58:10","modified_gmt":"2025-10-06T18:58:10","slug":"avec-lavignonnaise-misty-phoenix-le-royal-tour-de-drag-race-france-va-chauffer-marseille","status":"publish","type":"post","link":"https:\/\/www.europesays.com\/fr\/443492\/","title":{"rendered":"Avec l\u2019Avignonnaise Misty Phoenix, le Royal Tour de Drag Race France va chauffer Marseille"},"content":{"rendered":"<p>\u00c0 l\u2019image de son parcours remarquable cet \u00e9t\u00e9 dans Drag Race France All Stars, l\u2019\u00e9mission de France 2 dont elle a atteint la finale, Misty Phoenix confirme sa nouvelle dimension sur sc\u00e8ne. <a href=\"https:\/\/www.laprovence.com\/article\/culture-loisirs\/1061724618069214\/le-royal-tour-de-drag-race-france-lance-a-paris-la-provence-y-etait-et-vous-raconte\" target=\"_blank\" rel=\"noopener\">Lors des premi\u00e8res dates du Royal Tour<\/a>, lanc\u00e9 il y a un mois \u00e0 Paris avec les autres drag-queens de la saison, l\u2019Avignonnaise a \u00e9t\u00e9 pl\u00e9biscit\u00e9e. Capable de faire rire \u00e0 tout instant comme d\u2019\u00e9blouir par son sens du show, l\u2019artiste jouera \u00e0 domicile \u00e0 Marseille, pour la date programm\u00e9e au D\u00f4me ce jeudi 9\u00a0octobre. Une \u00e9tape de plus dans une tourn\u00e9e collective des Z\u00e9niths apr\u00e8s laquelle Ulysse Gambeau, de son nom civil, compte bien lancer son propre spectacle.<\/p>\n<p><strong>Avec cette tourn\u00e9e, le public de Drag Race d\u00e9couvre un show tr\u00e8s diff\u00e9rent des ann\u00e9es pr\u00e9c\u00e9dentes\u2026<\/strong>&#13;\n<\/p>\n<p>On peut m\u00eame dire que tout a chang\u00e9, il y a pas mal de tableaux de groupes qui font qu\u2019on est plus souvent sur sc\u00e8ne. En coulisses, l\u2019organisation doit \u00eatre efficace\u00a0: par exemple quand je sors de mon solo, j\u2019ai trente secondes pour me changer avant de repartir sur un moment collectif. Il y a une \u00e9quipe mais aussi beaucoup d\u2019entraide entre les queens, c\u2019est \u00e0 l\u2019image de la saison t\u00e9l\u00e9vis\u00e9e, car on avance toutes ensemble. Quant au spectacle, je l\u2019a&#8230;<\/p>\n","protected":false},"excerpt":{"rendered":"\u00c0 l\u2019image de son parcours remarquable cet \u00e9t\u00e9 dans Drag Race France All Stars, l\u2019\u00e9mission de France 2&hellip;\n","protected":false},"author":2,"featured_media":443493,"comment_status":"","ping_status":"","sticky":false,"template":"","format":"standard","meta":{"footnotes":""},"categories":[2814],"tags":[17,1111,11,3396,251,25682,1777,674,1011,27,56974,884,56975,12,52954,882,25,2057,3584],"class_list":{"0":"post-443492","1":"post","2":"type-post","3":"status-publish","4":"format-standard","5":"has-post-thumbnail","7":"category-marseille","8":"tag-17","9":"tag-actu","10":"tag-actualites","11":"tag-avec","12":"tag-culture","13":"tag-drag","14":"tag-eu","15":"tag-europe","16":"tag-fr","17":"tag-france","18":"tag-lavignonnaise","19":"tag-marseille","20":"tag-misty","21":"tag-news","22":"tag-phoenix","23":"tag-provence-alpes-cote-dazur","24":"tag-republique-francaise","25":"tag-royal","26":"tag-tour"},"share_on_mastodon":{"url":"https:\/\/pubeurope.com\/@fr\/115328758887186248","error":""},"_links":{"self":[{"href":"https:\/\/www.europesays.com\/fr\/wp-json\/wp\/v2\/posts\/443492","targetHints":{"allow":["GET"]}}],"collection":[{"href":"https:\/\/www.europesays.com\/fr\/wp-json\/wp\/v2\/posts"}],"about":[{"href":"https:\/\/www.europesays.com\/fr\/wp-json\/wp\/v2\/types\/post"}],"author":[{"embeddable":true,"href":"https:\/\/www.europesays.com\/fr\/wp-json\/wp\/v2\/users\/2"}],"replies":[{"embeddable":true,"href":"https:\/\/www.europesays.com\/fr\/wp-json\/wp\/v2\/comments?post=443492"}],"version-history":[{"count":0,"href":"https:\/\/www.europesays.com\/fr\/wp-json\/wp\/v2\/posts\/443492\/revisions"}],"wp:featuredmedia":[{"embeddable":true,"href":"https:\/\/www.europesays.com\/fr\/wp-json\/wp\/v2\/media\/443493"}],"wp:attachment":[{"href":"https:\/\/www.europesays.com\/fr\/wp-json\/wp\/v2\/media?parent=443492"}],"wp:term":[{"taxonomy":"category","embeddable":true,"href":"https:\/\/www.europesays.com\/fr\/wp-json\/wp\/v2\/categories?post=443492"},{"taxonomy":"post_tag","embeddable":true,"href":"https:\/\/www.europesays.com\/fr\/wp-json\/wp\/v2\/tags?post=443492"}],"curies":[{"name":"wp","href":"https:\/\/api.w.org\/{rel}","templated":true}]}}