{"id":443498,"date":"2025-10-06T19:01:34","date_gmt":"2025-10-06T19:01:34","guid":{"rendered":"https:\/\/www.europesays.com\/fr\/443498\/"},"modified":"2025-10-06T19:01:34","modified_gmt":"2025-10-06T19:01:34","slug":"lyon-7e-maison-courgette-rendre-le-vegetarien-sexy","status":"publish","type":"post","link":"https:\/\/www.europesays.com\/fr\/443498\/","title":{"rendered":"Lyon 7e. Maison Courgette\u00a0: \u00ab\u00a0Rendre le v\u00e9g\u00e9tarien sexy\u00a0\u00bb"},"content":{"rendered":"<p>Lanc\u00e9e en haut des pentes de la Croix-Rousse, l\u2019adresse est devenue un rep\u00e8re pour les amateurs de cuisine v\u00e9g\u00e9tarienne. Pour le 7e arrondissement, Marianne et Alexandre, les co-g\u00e9rants de Maison Courgette, conservent la m\u00eame ambition\u00a0: \u00ab\u00a0Quand on a mont\u00e9 le projet Maison Courgette il y a cinq ans, on avait d\u00e9j\u00e0 envisag\u00e9 de s\u2019installer ici\u00a0\u00bb, raconte Marianne. Finalement, c\u2019est \u00e0 la Croix-Rousse que l\u2019aventure avait commenc\u00e9, s\u00e9duits par un local dot\u00e9 d\u2019un&#8230;<\/p>\n","protected":false},"excerpt":{"rendered":"Lanc\u00e9e en haut des pentes de la Croix-Rousse, l\u2019adresse est devenue un rep\u00e8re pour les amateurs de cuisine&hellip;\n","protected":false},"author":2,"featured_media":443499,"comment_status":"","ping_status":"","sticky":false,"template":"","format":"standard","meta":{"footnotes":""},"categories":[1889],"tags":[1111,11,2430,4406,33,2757,1777,674,1011,27,2428,9744,9743,12,25],"class_list":{"0":"post-443498","1":"post","2":"type-post","3":"status-publish","4":"format-standard","5":"has-post-thumbnail","7":"category-lyon","8":"tag-actu","9":"tag-actualites","10":"tag-auvergne-rhone-alpes","11":"tag-commerce-et-services","12":"tag-economie","13":"tag-edition-lyon-villeurbanne","14":"tag-eu","15":"tag-europe","16":"tag-fr","17":"tag-france","18":"tag-lyon","19":"tag-lyon-8e","20":"tag-lyon-8e-arrondissement","21":"tag-news","22":"tag-republique-francaise"},"share_on_mastodon":{"url":"https:\/\/pubeurope.com\/@fr\/115328770533127611","error":""},"_links":{"self":[{"href":"https:\/\/www.europesays.com\/fr\/wp-json\/wp\/v2\/posts\/443498","targetHints":{"allow":["GET"]}}],"collection":[{"href":"https:\/\/www.europesays.com\/fr\/wp-json\/wp\/v2\/posts"}],"about":[{"href":"https:\/\/www.europesays.com\/fr\/wp-json\/wp\/v2\/types\/post"}],"author":[{"embeddable":true,"href":"https:\/\/www.europesays.com\/fr\/wp-json\/wp\/v2\/users\/2"}],"replies":[{"embeddable":true,"href":"https:\/\/www.europesays.com\/fr\/wp-json\/wp\/v2\/comments?post=443498"}],"version-history":[{"count":0,"href":"https:\/\/www.europesays.com\/fr\/wp-json\/wp\/v2\/posts\/443498\/revisions"}],"wp:featuredmedia":[{"embeddable":true,"href":"https:\/\/www.europesays.com\/fr\/wp-json\/wp\/v2\/media\/443499"}],"wp:attachment":[{"href":"https:\/\/www.europesays.com\/fr\/wp-json\/wp\/v2\/media?parent=443498"}],"wp:term":[{"taxonomy":"category","embeddable":true,"href":"https:\/\/www.europesays.com\/fr\/wp-json\/wp\/v2\/categories?post=443498"},{"taxonomy":"post_tag","embeddable":true,"href":"https:\/\/www.europesays.com\/fr\/wp-json\/wp\/v2\/tags?post=443498"}],"curies":[{"name":"wp","href":"https:\/\/api.w.org\/{rel}","templated":true}]}}