{"id":443504,"date":"2025-10-06T19:05:12","date_gmt":"2025-10-06T19:05:12","guid":{"rendered":"https:\/\/www.europesays.com\/fr\/443504\/"},"modified":"2025-10-06T19:05:12","modified_gmt":"2025-10-06T19:05:12","slug":"le-danseur-etoile-et-choregraphe-patrice-bart-est-decede","status":"publish","type":"post","link":"https:\/\/www.europesays.com\/fr\/443504\/","title":{"rendered":"Le danseur \u00e9toile et chor\u00e9graphe Patrice Bart est d\u00e9c\u00e9d\u00e9"},"content":{"rendered":"<p class=\"mb-4 text-lg md:leading-8 break-words\"><strong>disparition &#8211; L\u2019artiste \u00ab\u00a0aura pass\u00e9 54 ann\u00e9es au sein de l\u2019Op\u00e9ra de Paris, de ses premiers pas \u00e0 l\u2019\u00c9cole de Danse \u00e0 son d\u00e9part en\u00a02011\u00a0\u00bb, rappelle l\u2019institution<\/strong><\/p>\n<p class=\"mb-4 text-lg md:leading-8 break-words\">C\u2019\u00e9tait une figure de <a href=\"https:\/\/www.20minutes.fr\/arts-stars\/culture\/4119100-20241031-paris-operas-garnier-bastille-vont-fermer-tour-tour-jusqu-2030?at_medium=RSS%20feed&amp;at_campaign=ynews&amp;utm_source=yahoo&amp;utm_medium=rss&amp;utm_campaign=news_feed&amp;utm_content=in_article_link\" rel=\"nofollow noopener\" target=\"_blank\" data-ylk=\"slk:l\u2019Op\u00e9ra national de Paris;elm:context_link;itc:0;sec:content-canvas\" class=\"link \">l\u2019Op\u00e9ra national de Paris<\/a> (OnP). Le danseur \u00e9toile et chor\u00e9graphe Patrice Bart est d\u00e9c\u00e9d\u00e9 \u00e0 l\u2019\u00e2ge de 80 ans, a annonc\u00e9 lundi l\u2019institution, rendant hommage \u00e0 une \u00ab\u00a0personne essentielle pour plusieurs g\u00e9n\u00e9rations de danseuses et danseurs\u00a0\u00bb. L\u2019artiste, qui a aussi \u00e9t\u00e9 ma\u00eetre de Ballet, \u00ab\u00a0aura pass\u00e9 54 ann\u00e9es au sein de l\u2019Op\u00e9ra de <a href=\"https:\/\/www.20minutes.fr\/paris\/?at_medium=RSS%20feed&amp;at_campaign=ynews&amp;utm_source=yahoo&amp;utm_medium=rss&amp;utm_campaign=news_feed&amp;utm_content=in_article_link\" rel=\"nofollow noopener\" target=\"_blank\" data-ylk=\"slk:Paris;elm:context_link;itc:0;sec:content-canvas\" class=\"link \">Paris<\/a>, de ses premiers pas \u00e0 l\u2019\u00c9cole de Danse \u00e0 son d\u00e9part en\u00a02011\u00a0\u00bb, ajoute l\u2019OnP.<\/p>\n<p class=\"mb-4 text-lg md:leading-8 break-words\">N\u00e9 en\u00a01945, Patrice Bart entre \u00e0 l\u2019\u00c9cole de danse de l\u2019OnP en\u00a01957, \u00e0 l\u2019\u00e2ge de 12 ans. Il est engag\u00e9 dans le corps de Ballet \u00e0 seulement 14 ans, poursuivant sa scolarit\u00e9 en parall\u00e8le. Il franchit tous les grades et devient danseur \u00e9toile en\u00a01972, \u00e0 24 ans. \u00ab\u00a0C\u2019est magnifique parce que c\u2019est l\u2019aboutissement de ce dont on a r\u00eav\u00e9 toute sa jeunesse et en m\u00eame temps, c\u2019est le d\u00e9marrage d\u2019une autre vie\u00a0\u00bb, racontait-il \u00e0 l\u2019AFP en\u00a02011, date \u00e0 laquelle il quittait l\u2019institution.<\/p>\n<p>\u00ab\u00a0Tous les grands r\u00f4les du r\u00e9pertoire\u00a0\u00bb<\/p>\n<p class=\"mb-4 text-lg md:leading-8 break-words\">L\u2019OnP indique qu\u2019il a dans\u00e9 \u00ab\u00a0tous les grands r\u00f4les du r\u00e9pertoire, de \u00ab\u00a0P\u00e9trouchka\u00a0\u00bb au Prince de \u00ab\u00a0La Belle au bois dormant\u00a0\u00bb, de \u00ab\u00a0Don Quichotte\u00a0\u00bb au \u00ab\u00a0Fils prodigue\u00a0\u00bb, et fait partie des cr\u00e9ations de Serge Lifar [\u2026], de Roland Petit [\u2026], de MacMillan [\u2026] ou de Noureev\u00a0\u00bb. En\u00a01987, il devient ma\u00eetre de Ballet puis se voit \u00ab\u00a0associ\u00e9 \u00e0 la direction de la danse\u00a0\u00bb de l\u2019OnP en\u00a01990, une fonction qu\u2019il occupera jusqu\u2019en\u00a02011.<\/p>\n<p class=\"mb-4 text-lg md:leading-8 break-words\">Chor\u00e9graphe, il signe plusieurs \u0153uvres pour le Staatsoper de Berlin ( \u00ab\u00a0Don Quichotte\u00a0\u00bb en\u00a01993, \u00ab\u00a0Le Lac des cygnes\u00a0\u00bb en\u00a01997 en(&#8230;)<\/p>\n<p class=\"mb-4 text-lg md:leading-8 break-words\"><a href=\"https:\/\/www.20minutes.fr\/arts-stars\/culture\/4177564-20251006-paris-danseur-etoile-choregraphe-patrice-bart-decede?at_medium=RSS%20feed&amp;at_campaign=ynews&amp;utm_source=yahoo&amp;utm_medium=rss&amp;utm_campaign=news_feed&amp;utm_content=read_more_link&quot;\" rel=\"nofollow noopener\" target=\"_blank\" data-ylk=\"slk:Lire la suite sur 20minutes;elm:context_link;itc:0;sec:content-canvas\" class=\"link \">Lire la suite sur 20minutes<\/a><\/p>\n<p>\u00c0 lire aussi :<br \/><a href=\"https:\/\/www.20minutes.fr\/arts-stars\/culture\/4174781-20250923-musee-grevin-guillaume-diop-premier-danseur-etoile-noir-opera-paris-double-cire?at_medium=RSS%20feed&amp;at_campaign=ynews&amp;utm_source=yahoo&amp;utm_medium=rss&amp;utm_campaign=news_feed&amp;utm_content=related_content_link\" rel=\"nofollow noopener\" target=\"_blank\" data-ylk=\"slk:Mus\u00e9e Gr\u00e9vin\u00a0: Guillaume Diop, le premier danseur \u00e9toile noir de l\u2019Op\u00e9ra de Paris, a son \u00ab\u00a0double\u00a0\u00bb de cire;elm:context_link;itc:0;sec:content-canvas\" class=\"link \">Mus\u00e9e Gr\u00e9vin\u00a0: Guillaume Diop, le premier danseur \u00e9toile noir de l\u2019Op\u00e9ra de Paris, a son \u00ab\u00a0double\u00a0\u00bb de cire<\/a><br \/><a href=\"https:\/\/www.20minutes.fr\/culture\/4011446-20221123-opera-paris-annonce-depart-surprise-danseur-etoile-francois-alu?at_medium=RSS%20feed&amp;at_campaign=ynews&amp;utm_source=yahoo&amp;utm_medium=rss&amp;utm_campaign=news_feed&amp;utm_content=related_content_link\" rel=\"nofollow noopener\" target=\"_blank\" data-ylk=\"slk:L\u2019Op\u00e9ra de Paris annonce le d\u00e9part surprise du danseur \u00e9toile Fran\u00e7ois Alu;elm:context_link;itc:0;sec:content-canvas\" class=\"link \">L\u2019Op\u00e9ra de Paris annonce le d\u00e9part surprise du danseur \u00e9toile Fran\u00e7ois Alu<\/a><\/p>\n","protected":false},"excerpt":{"rendered":"disparition &#8211; L\u2019artiste \u00ab\u00a0aura pass\u00e9 54 ann\u00e9es au sein de l\u2019Op\u00e9ra de Paris, de ses premiers pas \u00e0&hellip;\n","protected":false},"author":2,"featured_media":443505,"comment_status":"","ping_status":"","sticky":false,"template":"","format":"standard","meta":{"footnotes":""},"categories":[1888],"tags":[1111,1928,11,1927,1777,674,1011,27,4112,32532,56976,12,1926,626,1925,56977,25],"class_list":{"0":"post-443504","1":"post","2":"type-post","3":"status-publish","4":"format-standard","5":"has-post-thumbnail","7":"category-paris","8":"tag-actu","9":"tag-actu-paris","10":"tag-actualites","11":"tag-actualites-paris","12":"tag-eu","13":"tag-europe","14":"tag-fr","15":"tag-france","16":"tag-lecole","17":"tag-linstitution","18":"tag-maitre-de-ballet","19":"tag-news","20":"tag-news-paris","21":"tag-paris","22":"tag-paris-news","23":"tag-patrice-bart","24":"tag-republique-francaise"},"share_on_mastodon":{"url":"https:\/\/pubeurope.com\/@fr\/115328786341098122","error":""},"_links":{"self":[{"href":"https:\/\/www.europesays.com\/fr\/wp-json\/wp\/v2\/posts\/443504","targetHints":{"allow":["GET"]}}],"collection":[{"href":"https:\/\/www.europesays.com\/fr\/wp-json\/wp\/v2\/posts"}],"about":[{"href":"https:\/\/www.europesays.com\/fr\/wp-json\/wp\/v2\/types\/post"}],"author":[{"embeddable":true,"href":"https:\/\/www.europesays.com\/fr\/wp-json\/wp\/v2\/users\/2"}],"replies":[{"embeddable":true,"href":"https:\/\/www.europesays.com\/fr\/wp-json\/wp\/v2\/comments?post=443504"}],"version-history":[{"count":0,"href":"https:\/\/www.europesays.com\/fr\/wp-json\/wp\/v2\/posts\/443504\/revisions"}],"wp:featuredmedia":[{"embeddable":true,"href":"https:\/\/www.europesays.com\/fr\/wp-json\/wp\/v2\/media\/443505"}],"wp:attachment":[{"href":"https:\/\/www.europesays.com\/fr\/wp-json\/wp\/v2\/media?parent=443504"}],"wp:term":[{"taxonomy":"category","embeddable":true,"href":"https:\/\/www.europesays.com\/fr\/wp-json\/wp\/v2\/categories?post=443504"},{"taxonomy":"post_tag","embeddable":true,"href":"https:\/\/www.europesays.com\/fr\/wp-json\/wp\/v2\/tags?post=443504"}],"curies":[{"name":"wp","href":"https:\/\/api.w.org\/{rel}","templated":true}]}}