{"id":443508,"date":"2025-10-06T19:07:15","date_gmt":"2025-10-06T19:07:15","guid":{"rendered":"https:\/\/www.europesays.com\/fr\/443508\/"},"modified":"2025-10-06T19:07:15","modified_gmt":"2025-10-06T19:07:15","slug":"meghan-markle-sa-visite-surprise-a-paris-fait-trembler-charles-iii-et-william-ca-change-tout","status":"publish","type":"post","link":"https:\/\/www.europesays.com\/fr\/443508\/","title":{"rendered":"Meghan Markle, sa visite surprise \u00e0 Paris fait trembler Charles III et William : \u201c\u00c7a change tout\u2026\u201d"},"content":{"rendered":"<p>                                    <img decoding=\"async\" src=\"https:\/\/www.europesays.com\/fr\/wp-content\/uploads\/2025\/10\/8356e85ecd0f85bd015beae53bf3997fcadd2605f9a1835e40cb289e5c5b9a55.jpg\" alt=\"GALA Meghan Markle\u00a0: ce qu'il faut conna\u00eetre\" class=\"a11y-hidden\" fetchpriority=\"high\"\/><\/p>\n<p class=\"fig-standfirst\">Meghan Markle a fait un passage \u00e9clair \u00e0 Paris, ce samedi 4 octobre, pour assister au d\u00e9fil\u00e9 de Balenciaga. Outre-manche, sa venue a fait r\u00e9agir, notamment \u00e0 Clarence House et Kensington Palace.<\/p>\n<p class=\"fig-paragraph\">Personne ne s\u2019y attendait. Ce samedi 4 octobre, Meghan Markle est apparue \u00e0 Paris, \u00e0 la surprise g\u00e9n\u00e9rale,\u00a0<a href=\"http:\/\/www.gala.fr\/royautes\/meghan-markle-croise-anna-wintour-a-la-fashion-week-de-paris-on-sait-ce-qu-elles-se-sont-dit-20251006\" data-fig-type=\"Article\" data-gtm-custom-categorie=\"navigation\" data-gtm-custom-action=\"crossclick\" data-gtm-custom-label=\"Contextuel\" data-gtm-event=\"customEventSPE\" data-fig-domain=\"GALA\" target=\"_blank\" rel=\"noopener\">au d\u00e9fil\u00e9 de la marque Balenciaga<\/a>. La duchesse de Sussex n\u2019avait jusqu\u2019ici jamais particip\u00e9\u00a0<a href=\"http:\/\/www.gala.fr\/royautes\/moment-genant-pour-meghan-markle-a-la-fashion-week-de-paris-sa-bise-ratee-fait-couler-beaucoup-d-encre-20251005\" target=\"_blank\" data-fig-type=\"Article\" rel=\"noopener\" data-gtm-custom-categorie=\"navigation\" data-gtm-custom-action=\"crossclick\" data-gtm-custom-label=\"Contextuel\" data-gtm-event=\"customEventSPE\" data-fig-domain=\"GALA\">\u00e0 la Fashion Week de la capitale<\/a>. Une grande premi\u00e8re, donc, pour l\u2019\u00e9pouse du prince Harry qui est venue soutenir Pierpaolo Piccioli, r\u00e9cemment nomm\u00e9 directeur cr\u00e9atif de la maison de luxe, comme l\u2019a indiqu\u00e9 un porte-parole de l\u2019ancienne actrice\u00a0<a href=\"https:\/\/www.hellomagazine.com\/royalty\/859714\/meghan-markle-attends-balenciaga-show-in-paris-fashion-week-exclusive\/\" target=\"_blank\" rel=\"sponsored noopener\" data-gtm-custom-categorie=\"navigation\" data-gtm-custom-action=\"crossclick\" data-gtm-custom-label=\"Contextuel\" data-gtm-event=\"customEventSPE\">au magazine HELLO!<\/a> . Revenue sur le devant de la sc\u00e8ne m\u00e9diatique il y a pr\u00e8s d\u2019un an avec son retour sur Instagram et sa s\u00e9rie lifestyle sur Netflix,\u00a0<a href=\"http:\/\/www.gala.fr\/royautes\/meghan-markle-a-paris-son-dernier-voyage-en-france-avec-harry-et-archie-avait-fait-jaser-20251006\" data-fig-type=\"Article\" data-gtm-custom-categorie=\"navigation\" data-gtm-custom-action=\"crossclick\" data-gtm-custom-label=\"Contextuel\" data-gtm-event=\"customEventSPE\" data-fig-domain=\"GALA\" target=\"_blank\" rel=\"noopener\">la m\u00e8re d\u2019Archie et Lilibet Diana<\/a>\u00a0semble, avec ce voyage en France, franchi une nouvelle \u00e9tape dans sa reconqu\u00eate de l\u2019Europe.<\/p>\n<p class=\"fig-paragraph\">Si cette vir\u00e9e mode a\u00a0<a href=\"http:\/\/www.gala.fr\/royautes\/meghan-markle-irrespectueuse-envers-lady-diana-cette-video-qui-n-en-finit-plus-de-faire-parler-20251006\" data-fig-type=\"Article\" data-gtm-custom-categorie=\"navigation\" data-gtm-custom-action=\"crossclick\" data-gtm-custom-label=\"Contextuel\" data-gtm-event=\"customEventSPE\" data-fig-domain=\"GALA\" target=\"_blank\" rel=\"noopener\">d\u00e9cha\u00een\u00e9 les passions, notamment dans les tablo\u00efds britanniques<\/a>, elle a aussi nourri quelques inqui\u00e9tudes au Palais de Buckingham. \u00ab S\u2019ils comptent vraiment passer plus de temps ici, cela change tout\u00a0\u00bb, a confi\u00e9 un ex-courtisan aupr\u00e8s du\u00a0<a href=\"https:\/\/www.thedailybeast.com\/meghan-markles-paris-fashion-trip-spells-trouble-for-royals\/\" target=\"_blank\" rel=\"sponsored noopener\" data-gtm-custom-categorie=\"navigation\" data-gtm-custom-action=\"crossclick\" data-gtm-custom-label=\"Contextuel\" data-gtm-event=\"customEventSPE\">Daily Beast<\/a>, apr\u00e8s avoir d\u00e9couvert les photos de Meghan \u00e0 Paris. Si l\u2019id\u00e9e d\u2019un retour progressif des Sussex en Europe semble de plus en plus plausible, rappelons que le prince Harry a d\u00e9clar\u00e9 vouloir passer plus de temps en sur sa terre natale dans les prochains mois, notamment pour se rapprocher de son p\u00e8re, toujours soign\u00e9 pour son cancer.<\/p>\n<p>                                    <a class=\"fig-a11y-skip a11y-hidden\" href=\"#fig-a11y-skip-main-inarticle\"><br \/>\n        Passer la publicit\u00e9<br \/>\n    <\/a><\/p>\n<p>Meghan Markle\u00a0: de la femme traqu\u00e9e \u00e0 la duchesse assur\u00e9e, anatomie d\u2019un retour <strong>retentissant<\/strong><\/p>\n<p class=\"fig-paragraph\">Avec leurs d\u00e9placements \u00e0 Londres et Paris, Harry et Meghan peuvent laisser penser que leurs inqui\u00e9tudes pass\u00e9es autour de leur s\u00e9curit\u00e9 se sont estomp\u00e9es. Tous deux semblent d\u00e9sormais pr\u00eats \u00e0 traverser l\u2019Atlantique plus souvent, pour se rapprocher de l\u2019Angleterre, et, dans le cas de Meghan Markle, ouvrir ses horions professionnels. Et ce constat n\u2019est pas anodin. Car si Harry et Meghan se sont install\u00e9s en Californie pour s\u2019\u00e9loigner des contraintes de la Couronne, leurs r\u00e9centes apparitions europ\u00e9ennes ont le pouvoir de rebattre les cartes. D\u2019autant plus que la duchesse, souriante et parfaitement \u00e0 l\u2019aise au premier rang du d\u00e9fil\u00e9 Balenciaga, a donn\u00e9 l\u2019image d\u2019une femme d\u00e9sormais s\u00fbre de sa place sur la sc\u00e8ne internationale.<\/p>\n<p class=\"fig-paragraph\">\u00ab En choisissant Paris, elle a \u00e9tabli un terrain neutre. Il s\u2019agissait de l\u2019Europe continentale, et non de la Grande-Bretagne \u2013 glamour, mais \u00e0 l\u2019\u00e9cart de la politique royale. L\u2019espace d\u2019une soir\u00e9e, elle n\u2019\u00e9tait pas la duchesse en fuite, mais celle qui revenait\u00a0\u00bb, r\u00e9sume Tom Sykes, dans son article pour le Daily Beast.<\/p>\n","protected":false},"excerpt":{"rendered":"Meghan Markle a fait un passage \u00e9clair \u00e0 Paris, ce samedi 4 octobre, pour assister au d\u00e9fil\u00e9 de&hellip;\n","protected":false},"author":2,"featured_media":443509,"comment_status":"","ping_status":"","sticky":false,"template":"","format":"standard","meta":{"footnotes":""},"categories":[1888],"tags":[11,46337,56978,1777,674,545,992,1011,27,5861,908,12,626,25,5857],"class_list":{"0":"post-443508","1":"post","2":"type-post","3":"status-publish","4":"format-standard","5":"has-post-thumbnail","7":"category-paris","8":"tag-actualites","9":"tag-charles-dangleterre","10":"tag-duc-et-duchesse-de-sussex","11":"tag-eu","12":"tag-europe","13":"tag-famille-royale-britannique","14":"tag-fashion-week","15":"tag-fr","16":"tag-france","17":"tag-gotha","18":"tag-meghan-markle","19":"tag-news","20":"tag-paris","21":"tag-republique-francaise","22":"tag-william-dangleterre"},"share_on_mastodon":{"url":"https:\/\/pubeurope.com\/@fr\/115328794879084698","error":""},"_links":{"self":[{"href":"https:\/\/www.europesays.com\/fr\/wp-json\/wp\/v2\/posts\/443508","targetHints":{"allow":["GET"]}}],"collection":[{"href":"https:\/\/www.europesays.com\/fr\/wp-json\/wp\/v2\/posts"}],"about":[{"href":"https:\/\/www.europesays.com\/fr\/wp-json\/wp\/v2\/types\/post"}],"author":[{"embeddable":true,"href":"https:\/\/www.europesays.com\/fr\/wp-json\/wp\/v2\/users\/2"}],"replies":[{"embeddable":true,"href":"https:\/\/www.europesays.com\/fr\/wp-json\/wp\/v2\/comments?post=443508"}],"version-history":[{"count":0,"href":"https:\/\/www.europesays.com\/fr\/wp-json\/wp\/v2\/posts\/443508\/revisions"}],"wp:featuredmedia":[{"embeddable":true,"href":"https:\/\/www.europesays.com\/fr\/wp-json\/wp\/v2\/media\/443509"}],"wp:attachment":[{"href":"https:\/\/www.europesays.com\/fr\/wp-json\/wp\/v2\/media?parent=443508"}],"wp:term":[{"taxonomy":"category","embeddable":true,"href":"https:\/\/www.europesays.com\/fr\/wp-json\/wp\/v2\/categories?post=443508"},{"taxonomy":"post_tag","embeddable":true,"href":"https:\/\/www.europesays.com\/fr\/wp-json\/wp\/v2\/tags?post=443508"}],"curies":[{"name":"wp","href":"https:\/\/api.w.org\/{rel}","templated":true}]}}