{"id":443514,"date":"2025-10-06T19:10:24","date_gmt":"2025-10-06T19:10:24","guid":{"rendered":"https:\/\/www.europesays.com\/fr\/443514\/"},"modified":"2025-10-06T19:10:24","modified_gmt":"2025-10-06T19:10:24","slug":"laffaire-giant-n1-mondial-du-velo-suspendu-par-les-usa-prend-une-dimension-politique","status":"publish","type":"post","link":"https:\/\/www.europesays.com\/fr\/443514\/","title":{"rendered":"L&rsquo;affaire Giant, n\u00b01 mondial du v\u00e9lo suspendu par les USA, prend une dimension politique"},"content":{"rendered":"<p>Les \u00c9tats-Unis ont suspendu fin septembre l\u2019importation de v\u00e9los et pi\u00e8ces d\u00e9tach\u00e9es Giant, accusant le groupe ta\u00efwanais de recourir au travail forc\u00e9. Cette d\u00e9cision, qui s\u2019appuie initialement sur une enqu\u00eate journalistique, prend d\u00e9sormais une dimension politique \u00e0 Ta\u00efwan.<\/p>\n<p><a href=\"https:\/\/images.frandroid.com\/wp-content\/uploads\/2025\/10\/giant.jpg\" target=\"_blank\" class=\"article-content__figure\" rel=\"nofollow noopener\"><img fetchpriority=\"high\" decoding=\"async\" loading=\"eager\" width=\"1200\" height=\"800\" src=\"https:\/\/www.europesays.com\/fr\/wp-content\/uploads\/2025\/10\/giant.jpg\" alt=\"Giant\" class=\"wp-image-2816177 wp-image wp-image\"  \/><\/a>Source : Ian Edokov via Unsplash<\/p>\n<p>Depuis la fin septembre, le g\u00e9ant ta\u00efwanais du cycle Giant est au centre d\u2019un contentieux in\u00e9dit. Les autorit\u00e9s douani\u00e8res am\u00e9ricaines (CBP, Customs and Border Protection) <a href=\"https:\/\/www.frandroid.com\/marques\/giant\/2808787_usage-du-travail-force-le-n1-mondial-du-velo-lourdement-accuse-par-les-usa-qui-bloquent-toutes-ses-importations-avec-effet-immediat\" rel=\"nofollow noopener\" target=\"_blank\">ont \u00e9mis une ordonnance<\/a> suspendant l\u2019importation de v\u00e9los et de pi\u00e8ces d\u00e9tach\u00e9es de la marque vers les \u00c9tats-Unis.<\/p>\n<p>Le motif invoqu\u00e9 est particuli\u00e8rement lourd : \u00ab des informations qui indiquent raisonnablement l\u2019usage du travail forc\u00e9 \u00bb, pr\u00e9cisait le communiqu\u00e9. Selon la m\u00eame source, \u00ab Giant a profit\u00e9 de ces abus, ce qui a entra\u00een\u00e9 la production de biens \u00e0 un prix inf\u00e9rieur \u00e0 la valeur du march\u00e9 \u00bb. Giant s\u2019est d\u00e9fendu dans un communiqu\u00e9 qui d\u00e9taillait l\u2019ensemble des mesures mises en place par l\u2019entreprise.<\/p>\n<p>Aucune enqu\u00eate des USA<\/p>\n<p>Belinda Yeh, responsable des relations publiques de Giant, a fait savoir par courriel \u2013 consult\u00e9 par BRAIN, via <a href=\"https:\/\/nieuwsfiets.nu\/2025\/10\/02\/giant-update-geen-zendingen-vastgehouden-door-cbp\/\" target=\"_blank\" rel=\"nofollow noopener\">Nieuwsfiets<\/a> \u2013 que \u00ab le CBP n\u2019a jamais men\u00e9 d\u2019enqu\u00eate sur place dans l\u2019usine ta\u00efwanaise du groupe Giant, et aucun de nos services ni de nos employ\u00e9s n\u2019a \u00e9t\u00e9 contact\u00e9 pour une interview ou une question \u00bb. Autrement dit, l\u2019entreprise nie toute d\u00e9marche directe des autorit\u00e9s am\u00e9ricaines aupr\u00e8s de ses sites de production.<\/p>\n<p><a href=\"https:\/\/images.frandroid.com\/wp-content\/uploads\/2025\/08\/giant-group.jpeg\" target=\"_blank\" class=\"article-content__figure\" rel=\"nofollow noopener\"><img loading=\"lazy\" decoding=\"async\" width=\"1200\" height=\"800\" src=\"https:\/\/www.europesays.com\/fr\/wp-content\/uploads\/2025\/10\/giant-group-1200x800.jpeg\" alt=\"Giant Group\" class=\"wp-image-2758003 wp-image\"  \/><\/a><\/p>\n<p>La d\u00e9cision du CBP ne s\u2019appuierait pas sur une investigation interne, mais sur le travail du journaliste danois Peter Bengtsen, qui a publi\u00e9 son enqu\u00eate dans les colonnes du m\u00e9dia <a target=\"_blank\" href=\"https:\/\/mondediplo.com\/outside-in\/giant-ban\" rel=\"nofollow noopener\">Le Monde Diplomatique<\/a>. Ce dernier affirme avoir interrog\u00e9 plus de vingt travailleurs vietnamiens et tha\u00eflandais employ\u00e9s dans l\u2019usine Giant de Taichung. Il dit avoir r\u00e9dig\u00e9 un rapport, transmis en mars dernier au site du minist\u00e8re du Travail am\u00e9ricain, et qui aurait servi de base aux mesures actuelles.<\/p>\n<p>Un dossier qui d\u00e9passe la sph\u00e8re industrielle<\/p>\n<p>Au-del\u00e0 de l\u2019entreprise, l\u2019affaire prend une tournure politique. La maire de Taichung, Lu Shiuyan, rappelle que la fabrication de v\u00e9los constitue un secteur strat\u00e9gique pour la ville. Elle estime que les industriels font d\u00e9j\u00e0 face aux droits de douane impos\u00e9s par Washington, et avance l\u2019hypoth\u00e8se d\u2019un lien avec les n\u00e9gociations commerciales en cours entre les \u00c9tats-Unis et Ta\u00efwan.<\/p>\n<p>Le minist\u00e8re ta\u00efwanais des Affaires \u00e9conomiques a de son c\u00f4t\u00e9 assur\u00e9 qu\u2019il collaborerait avec le minist\u00e8re du Travail pour acc\u00e9l\u00e9rer la lev\u00e9e de cette interdiction.<\/p>\n<p>Aujourd\u2019hui, Giant est consid\u00e9r\u00e9 comme le n\u00b01 mondial du v\u00e9lo. Frandroid continuera de couvrir cette affaire, qui pourrait cr\u00e9er des turbulences sur le march\u00e9 en raison du statut actuel du g\u00e9ant ta\u00efwanais.<\/p>\n","protected":false},"excerpt":{"rendered":"Les \u00c9tats-Unis ont suspendu fin septembre l\u2019importation de v\u00e9los et pi\u00e8ces d\u00e9tach\u00e9es Giant, accusant le groupe ta\u00efwanais de&hellip;\n","protected":false},"author":2,"featured_media":443515,"comment_status":"","ping_status":"","sticky":false,"template":"","format":"standard","meta":{"footnotes":""},"categories":[1589],"tags":[11,73,1866,12,1864,1865,1863,308],"class_list":{"0":"post-443514","1":"post","2":"type-post","3":"status-publish","4":"format-standard","5":"has-post-thumbnail","7":"category-etats-unis","8":"tag-actualites","9":"tag-etats-unis","10":"tag-etats-unis-damerique","11":"tag-news","12":"tag-united-states","13":"tag-united-states-of-america","14":"tag-us","15":"tag-usa"},"share_on_mastodon":{"url":"https:\/\/pubeurope.com\/@fr\/115328806524218306","error":""},"_links":{"self":[{"href":"https:\/\/www.europesays.com\/fr\/wp-json\/wp\/v2\/posts\/443514","targetHints":{"allow":["GET"]}}],"collection":[{"href":"https:\/\/www.europesays.com\/fr\/wp-json\/wp\/v2\/posts"}],"about":[{"href":"https:\/\/www.europesays.com\/fr\/wp-json\/wp\/v2\/types\/post"}],"author":[{"embeddable":true,"href":"https:\/\/www.europesays.com\/fr\/wp-json\/wp\/v2\/users\/2"}],"replies":[{"embeddable":true,"href":"https:\/\/www.europesays.com\/fr\/wp-json\/wp\/v2\/comments?post=443514"}],"version-history":[{"count":0,"href":"https:\/\/www.europesays.com\/fr\/wp-json\/wp\/v2\/posts\/443514\/revisions"}],"wp:featuredmedia":[{"embeddable":true,"href":"https:\/\/www.europesays.com\/fr\/wp-json\/wp\/v2\/media\/443515"}],"wp:attachment":[{"href":"https:\/\/www.europesays.com\/fr\/wp-json\/wp\/v2\/media?parent=443514"}],"wp:term":[{"taxonomy":"category","embeddable":true,"href":"https:\/\/www.europesays.com\/fr\/wp-json\/wp\/v2\/categories?post=443514"},{"taxonomy":"post_tag","embeddable":true,"href":"https:\/\/www.europesays.com\/fr\/wp-json\/wp\/v2\/tags?post=443514"}],"curies":[{"name":"wp","href":"https:\/\/api.w.org\/{rel}","templated":true}]}}