{"id":443527,"date":"2025-10-06T19:17:11","date_gmt":"2025-10-06T19:17:11","guid":{"rendered":"https:\/\/www.europesays.com\/fr\/443527\/"},"modified":"2025-10-06T19:17:11","modified_gmt":"2025-10-06T19:17:11","slug":"la-france-dans-le-grand-nimporte-quoi-liberation","status":"publish","type":"post","link":"https:\/\/www.europesays.com\/fr\/443527\/","title":{"rendered":"la France dans le grand n\u2019importe quoi \u2013 Lib\u00e9ration"},"content":{"rendered":"<p class=\"sc-cPiKLX AiZTS text-element\">Il est parfois utile, pour mesurer l\u2019ampleur d\u2019une crise, de regarder ailleurs. Un rapide <a href=\"https:\/\/www.liberation.fr\/international\/demission-de-sebastien-lecornu-la-presse-internationale-entre-stupeur-et-preoccupation-20251006_TIFIMSRLQRGNZLDRBZPXJULUWQ\/?redirected=1\" target=\"_blank\" rel=\"noopener\" title=\"https:\/\/www.liberation.fr\/international\/demission-de-sebastien-lecornu-la-presse-internationale-entre-stupeur-et-preoccupation-20251006_TIFIMSRLQRGNZLDRBZPXJULUWQ\/?redirected=1\">coup d\u2019\u0153il \u00e0 la presse \u00e9trang\u00e8re<\/a> apr\u00e8s l\u2019annonce de la d\u00e9mission de S\u00e9bastien Lecornu, vingt-huit jours apr\u00e8s sa nomination et quinze heures seulement apr\u00e8s l\u2019annonce de la composition de son gouvernement, donne une bonne id\u00e9e de l\u2019ampleur des d\u00e9g\u00e2ts dans lesquels patauge la France. En r\u00e9sum\u00e9, il est question d\u2019un immense \u00abd\u00e9sordre\u00bb politique, d\u2019un Pr\u00e9sident compar\u00e9 \u00e0 \u00abun canard boiteux\u00bb en quasi \u00abincapacit\u00e9\u00bb. Et quand la presse allemande rappelle l\u2019importance dans le paysage europ\u00e9en d\u2019une \u00abFrance stable\u00bb, on h\u00e9site, quant \u00e0 l\u2019interpr\u00e9tation, entre la branche \u00e0 laquelle il faut encore se raccrocher et la nostalgie d\u2019une id\u00e9e qui fut longtemps une v\u00e9rit\u00e9.  <\/p>\n<p class=\"sc-cPiKLX AiZTS text-element\">Ce lundi 6 octobre, la France a d\u00e9val\u00e9 trois marches suppl\u00e9mentaires dans le grand n\u2019importe quoi politique. Et il est inutile de se poser longtemps la question sur la mani\u00e8re dont les Fran\u00e7ais ont regard\u00e9 ce triste spectacle. Avec consternation. Mais aussi, chez les plus vuln\u00e9rables, avec un n\u0153ud d\u2019inqui\u00e9tude au ven <\/p>\n","protected":false},"excerpt":{"rendered":"Il est parfois utile, pour mesurer l\u2019ampleur d\u2019une crise, de regarder ailleurs. Un rapide coup d\u2019\u0153il \u00e0 la&hellip;\n","protected":false},"author":2,"featured_media":443528,"comment_status":"","ping_status":"","sticky":false,"template":"","format":"standard","meta":{"footnotes":""},"categories":[4],"tags":[11,1073,1011,27,418,12,25,11067],"class_list":{"0":"post-443527","1":"post","2":"type-post","3":"status-publish","4":"format-standard","5":"has-post-thumbnail","7":"category-france","8":"tag-actualites","9":"tag-emmanuel-macron","10":"tag-fr","11":"tag-france","12":"tag-gouvernement","13":"tag-news","14":"tag-republique-francaise","15":"tag-sebastien-lecornu"},"share_on_mastodon":{"url":"https:\/\/pubeurope.com\/@fr\/115328833492846151","error":""},"_links":{"self":[{"href":"https:\/\/www.europesays.com\/fr\/wp-json\/wp\/v2\/posts\/443527","targetHints":{"allow":["GET"]}}],"collection":[{"href":"https:\/\/www.europesays.com\/fr\/wp-json\/wp\/v2\/posts"}],"about":[{"href":"https:\/\/www.europesays.com\/fr\/wp-json\/wp\/v2\/types\/post"}],"author":[{"embeddable":true,"href":"https:\/\/www.europesays.com\/fr\/wp-json\/wp\/v2\/users\/2"}],"replies":[{"embeddable":true,"href":"https:\/\/www.europesays.com\/fr\/wp-json\/wp\/v2\/comments?post=443527"}],"version-history":[{"count":0,"href":"https:\/\/www.europesays.com\/fr\/wp-json\/wp\/v2\/posts\/443527\/revisions"}],"wp:featuredmedia":[{"embeddable":true,"href":"https:\/\/www.europesays.com\/fr\/wp-json\/wp\/v2\/media\/443528"}],"wp:attachment":[{"href":"https:\/\/www.europesays.com\/fr\/wp-json\/wp\/v2\/media?parent=443527"}],"wp:term":[{"taxonomy":"category","embeddable":true,"href":"https:\/\/www.europesays.com\/fr\/wp-json\/wp\/v2\/categories?post=443527"},{"taxonomy":"post_tag","embeddable":true,"href":"https:\/\/www.europesays.com\/fr\/wp-json\/wp\/v2\/tags?post=443527"}],"curies":[{"name":"wp","href":"https:\/\/api.w.org\/{rel}","templated":true}]}}