{"id":443541,"date":"2025-10-06T19:30:18","date_gmt":"2025-10-06T19:30:18","guid":{"rendered":"https:\/\/www.europesays.com\/fr\/443541\/"},"modified":"2025-10-06T19:30:18","modified_gmt":"2025-10-06T19:30:18","slug":"sarah-jeanne-labrosse-lancera-son-premier-livre-de-recettes","status":"publish","type":"post","link":"https:\/\/www.europesays.com\/fr\/443541\/","title":{"rendered":"Sarah-Jeanne Labrosse lancera son premier livre de recettes!"},"content":{"rendered":"<p>\u00abJe ne suis pas du genre \u00e0 dire les choses quand je suis en train de les faire. Dans le sens que je ne documente pas mes d\u00e9marches de vie. J\u2019ai tout fait. C\u2019est fini! [\u2026] C\u2019est beaucoup d\u2019essais et erreurs. C\u2019\u00e9tait vraiment cool comme exercice. C\u2019est du travail, l\u00e0!\u00bb<\/p>\n<p>Lorsque l&rsquo;animatrice du balado a demand\u00e9 \u00e0 <b><a href=\"https:\/\/www.noovomoi.ca\/en-vedette\/sarah-jeanne-labrosse-aborde-choix-prenoms-enfants-rare-fois.html\" target=\"_blank\" rel=\"noopener\">Sarah-Jeanne Labrosse<\/a><\/b> quelles \u00e9taient ses sources d&rsquo;inspiration pour ses recettes, elle a expliqu\u00e9 qu&rsquo;elle \u00e9tait all\u00e9e puiser \u00e0 plusieurs endroits:<\/p>\n<p>\u00abC&rsquo;est soit \u00e0 partir d\u2019une recette de ma m\u00e8re, ou quelque chose que j\u2019ai essay\u00e9 un moment donn\u00e9, ou le souvenir d\u2019une recette de quelqu\u2019un. [\u2026]\u00a0C\u2019est toujours parti de quelque chose ou d\u2019une id\u00e9e, il y a peut-\u00eatre deux ou trois affaires l\u00e0-dedans o\u00f9 je me dis \u2018\u00c7a c\u2019est vraiment\u2026 je ne l\u2019ai pas vu nulle part, ce n\u2019est pas inspir\u00e9 de rien, et c\u2019est mon id\u00e9e du moment et \u00e7a avait march\u00e9\u2019. \u00c0 part de \u00e7a, \u00e9videmment, je n\u2019ai pas la pr\u00e9tention de dire que j\u2019invente, c&rsquo;est plus un livre qui donne des formules, des id\u00e9es pour que ce soit simple et go\u00fbteux. Parce que moi je refuse que \u00e7a devienne fade chez moi parce que j&rsquo;ai trois enfants et que j&rsquo;ai pas le temps. \u00c7a me d\u00e9range pas que ce soit un peu beige, mais je veux que ce soit un peu sain, et un peu le fun en bouche.\u00bb<\/p>\n<p>Vous pouvez \u00e9couter ce segment autour de la 51e minute dans la vid\u00e9o ci-dessous:<\/p>\n","protected":false},"excerpt":{"rendered":"\u00abJe ne suis pas du genre \u00e0 dire les choses quand je suis en train de les faire.&hellip;\n","protected":false},"author":2,"featured_media":443542,"comment_status":"","ping_status":"","sticky":false,"template":"","format":"standard","meta":{"footnotes":""},"categories":[1357],"tags":[258,1379,58,847,59,652,1011,27,1380,2610,56979],"class_list":{"0":"post-443541","1":"post","2":"type-post","3":"status-publish","4":"format-standard","5":"has-post-thumbnail","7":"category-livres","8":"tag-alimentation","9":"tag-books","10":"tag-divertissement","11":"tag-enfant","12":"tag-entertainment","13":"tag-famille","14":"tag-fr","15":"tag-france","16":"tag-livres","17":"tag-recettes","18":"tag-sarah-jeanne-labrosse"},"share_on_mastodon":{"url":"https:\/\/pubeurope.com\/@fr\/115328884735221103","error":""},"_links":{"self":[{"href":"https:\/\/www.europesays.com\/fr\/wp-json\/wp\/v2\/posts\/443541","targetHints":{"allow":["GET"]}}],"collection":[{"href":"https:\/\/www.europesays.com\/fr\/wp-json\/wp\/v2\/posts"}],"about":[{"href":"https:\/\/www.europesays.com\/fr\/wp-json\/wp\/v2\/types\/post"}],"author":[{"embeddable":true,"href":"https:\/\/www.europesays.com\/fr\/wp-json\/wp\/v2\/users\/2"}],"replies":[{"embeddable":true,"href":"https:\/\/www.europesays.com\/fr\/wp-json\/wp\/v2\/comments?post=443541"}],"version-history":[{"count":0,"href":"https:\/\/www.europesays.com\/fr\/wp-json\/wp\/v2\/posts\/443541\/revisions"}],"wp:featuredmedia":[{"embeddable":true,"href":"https:\/\/www.europesays.com\/fr\/wp-json\/wp\/v2\/media\/443542"}],"wp:attachment":[{"href":"https:\/\/www.europesays.com\/fr\/wp-json\/wp\/v2\/media?parent=443541"}],"wp:term":[{"taxonomy":"category","embeddable":true,"href":"https:\/\/www.europesays.com\/fr\/wp-json\/wp\/v2\/categories?post=443541"},{"taxonomy":"post_tag","embeddable":true,"href":"https:\/\/www.europesays.com\/fr\/wp-json\/wp\/v2\/tags?post=443541"}],"curies":[{"name":"wp","href":"https:\/\/api.w.org\/{rel}","templated":true}]}}