{"id":443559,"date":"2025-10-06T19:44:17","date_gmt":"2025-10-06T19:44:17","guid":{"rendered":"https:\/\/www.europesays.com\/fr\/443559\/"},"modified":"2025-10-06T19:44:17","modified_gmt":"2025-10-06T19:44:17","slug":"lasse-a-lheure-on-en-debat-ce-soir","status":"publish","type":"post","link":"https:\/\/www.europesays.com\/fr\/443559\/","title":{"rendered":"l\u2019ASSE \u00e0 l\u2019heure ? On en d\u00e9bat ce soir !"},"content":{"rendered":"<p><strong>Ce lundi soir \u00e0 21h, l\u2019\u00e9quipe du Saint\u00e9 Night Club revient pour un nouveau num\u00e9ro riche en d\u00e9bats et en analyses. Au programme : le d\u00e9brief complet de la victoire des Verts \u00e0 Montpellier, le point sur le classement apr\u00e8s un tiers de championnat et les perspectives avant la tr\u00eave internationale.<\/strong><\/p>\n<p>L\u2019<strong>AS Saint-\u00c9tienne<\/strong> s\u2019est offert un succ\u00e8s capital sur la pelouse de <strong>Montpellier<\/strong>, et le <strong>Saint\u00e9 Night Club<\/strong> revient en d\u00e9tail sur cette rencontre \u00e0 rebondissements.<\/p>\n<p>Une victoire pr\u00e9cieuse d\u00e9crypt\u00e9e en plateau<\/p>\n<p>Autour de <strong>Paul<\/strong> \u00e0 la pr\u00e9sentation, <strong>Alex<\/strong> et <strong>Franck Talutto<\/strong> \u2014 le nouveau visage du plateau \u2014 livreront leurs analyses sans filtre, pendant que <strong>Colin<\/strong> animera le <strong>chat<\/strong> en direct pour vos r\u00e9actions.<\/p>\n<p>Franck, bien connu des fid\u00e8les du club pour son \u0153il aiguis\u00e9 et sa passion pour le jeu, rejoint l\u2019\u00e9mission pour apporter son regard tactique et son franc-parler. Un renfort qui promet du rythme et des \u00e9changes intenses.<\/p>\n<p>Au menu du <strong>d\u00e9brief (30 minutes)<\/strong> :<\/p>\n<ul>\n<li>Les impressions apr\u00e8s cette victoire difficile mais symbolique ;<\/li>\n<li>Le choix fort d&rsquo;Eirik Horneland : <strong>Miladinovic pr\u00e9f\u00e9r\u00e9 \u00e0 Moueffek<\/strong>, la justesse plut\u00f4t que l\u2019impact ?<\/li>\n<li>Le retour en gr\u00e2ce de <strong>Zuriko Davitashvili<\/strong>, auteur d\u2019un doubl\u00e9 majuscule ;<\/li>\n<li>Le repositionnement gagnant de <strong>Jaber<\/strong>, v\u00e9ritable patron des Verts ;<\/li>\n<li>La polyvalence de <strong>Ferreira<\/strong>, les minutes de <strong>Duffus<\/strong>, et vos <strong>tops et flops<\/strong> du week-end.<\/li>\n<\/ul>\n<p>L\u2019ASSE coleader : \u00e0 l\u2019heure de la mont\u00e9e ?<\/p>\n<p>Avec <strong>20 points en 8 matchs<\/strong>, les Verts affichent un <strong>rythme de promu<\/strong>. Mais la mani\u00e8re interroge encore. Le plateau se demandera : \u201cL\u2019ASSE est-elle vraiment \u00e0 l\u2019heure ?\u201d<\/p>\n<p>Entre efficacit\u00e9 et manque de constance dans le jeu, Paul et ses chroniqueurs reviendront sur les cl\u00e9s du succ\u00e8s st\u00e9phanois : le pressing moins \u201chornelandien\u201d, l\u2019adaptation tactique et les perspectives d\u2019une <strong>bataille \u00e0 trois<\/strong> pour la mont\u00e9e avec <strong>Pau<\/strong> et <strong>Troyes<\/strong>.<\/p>\n<p>La tr\u00eave : b\u00e9n\u00e9diction ou casse-t\u00eate ?<\/p>\n<p>La <strong>deuxi\u00e8me tr\u00eave en un mois<\/strong> redistribue les cartes. Avec une flop\u00e9e d\u2019internationaux concern\u00e9s (<strong>Old, Jaber, Davitashvili, <a href=\"https:\/\/peuple-vert.fr\/joueurs\/irvin-cardona\/\" rel=\"nofollow noopener\" target=\"_blank\">Cardona<\/a>, Stassin, Stojkovic, Annan, Nguessan<\/strong>), la gestion du groupe devient cruciale.<br \/>Le SNC analysera comment les Verts peuvent maintenir la dynamique avant une s\u00e9rie d\u2019affiches d\u00e9cisives : <strong>Le Mans, Annecy, Pau, Red Star, Troyes<\/strong>.<br \/>Objectif : <strong>combien de points sur 15 possibles<\/strong> avant la prochaine coupure ?<\/p>\n<p>Un rendez-vous \u00e0 ne pas manquer<\/p>\n<p>Entre analyses, d\u00e9bats et humour, le <strong>Saint\u00e9 Night Club n\u00b0192<\/strong> promet une soir\u00e9e anim\u00e9e, dans la pure tradition du talk 100 % vert.<br \/>\ud83d\udcc5 <strong>Rendez-vous ce lundi \u00e0 21h<\/strong> sur les canaux habituels pour suivre l\u2019\u00e9mission en direct, r\u00e9agir en live et partager votre passion de l\u2019ASSE.<\/p>\n<p>\ud83c\udf99\ufe0f <strong>Pr\u00e9sent\u00e9 par :<\/strong> Paul<br \/>\ud83d\udcac <strong>Chroniqueurs :<\/strong> Alex &amp; Franck Talutto<br \/>\ud83d\udcbb <strong>Chat :<\/strong> Colin<\/p>\n<p>\ud83d\udcfa Saint\u00e9 Night Club #190, ce soir \u00e0 21h, en direct sur <strong><a href=\"https:\/\/www.youtube.com\/@PeupleVert\" rel=\"nofollow noopener\" target=\"_blank\">YouTube<\/a> et Twitch<\/strong> !<\/p>\n<p>Source : Saint\u00e9 Night Club<\/p>\n<p>\ufeff\ufeff\ufeff<\/p>\n<p><a href=\"https:\/\/www.footcenter.fr\/fr\/maillots\/saint_etienne.html?utm_source=peuplevert&amp;utm_medium=affiliate&amp;ae=88\" rel=\"nofollow noopener\" target=\"_blank\"><img loading=\"lazy\" decoding=\"async\" class=\"aligncenter wp-image-166952 \" src=\"data:image\/svg+xml,%3Csvg%20xmlns=\" http:=\"\" alt=\"\" width=\"500\" height=\"281\" data-lazy-src=\"https:\/\/www.europesays.com\/fr\/wp-content\/uploads\/2025\/09\/PEUPLE10-maillots-ASSE-Peuple-vert-2025.webp.webp\"\/><\/a><\/p>\n","protected":false},"excerpt":{"rendered":"Ce lundi soir \u00e0 21h, l\u2019\u00e9quipe du Saint\u00e9 Night Club revient pour un nouveau num\u00e9ro riche en d\u00e9bats&hellip;\n","protected":false},"author":2,"featured_media":42166,"comment_status":"","ping_status":"","sticky":false,"template":"","format":"standard","meta":{"footnotes":""},"categories":[9653],"tags":[1111,11,2430,1777,674,1011,27,12,25,4001],"class_list":{"0":"post-443559","1":"post","2":"type-post","3":"status-publish","4":"format-standard","5":"has-post-thumbnail","7":"category-saint-etienne","8":"tag-actu","9":"tag-actualites","10":"tag-auvergne-rhone-alpes","11":"tag-eu","12":"tag-europe","13":"tag-fr","14":"tag-france","15":"tag-news","16":"tag-republique-francaise","17":"tag-saint-etienne"},"share_on_mastodon":{"url":"https:\/\/pubeurope.com\/@fr\/115328939813662001","error":""},"_links":{"self":[{"href":"https:\/\/www.europesays.com\/fr\/wp-json\/wp\/v2\/posts\/443559","targetHints":{"allow":["GET"]}}],"collection":[{"href":"https:\/\/www.europesays.com\/fr\/wp-json\/wp\/v2\/posts"}],"about":[{"href":"https:\/\/www.europesays.com\/fr\/wp-json\/wp\/v2\/types\/post"}],"author":[{"embeddable":true,"href":"https:\/\/www.europesays.com\/fr\/wp-json\/wp\/v2\/users\/2"}],"replies":[{"embeddable":true,"href":"https:\/\/www.europesays.com\/fr\/wp-json\/wp\/v2\/comments?post=443559"}],"version-history":[{"count":0,"href":"https:\/\/www.europesays.com\/fr\/wp-json\/wp\/v2\/posts\/443559\/revisions"}],"wp:featuredmedia":[{"embeddable":true,"href":"https:\/\/www.europesays.com\/fr\/wp-json\/wp\/v2\/media\/42166"}],"wp:attachment":[{"href":"https:\/\/www.europesays.com\/fr\/wp-json\/wp\/v2\/media?parent=443559"}],"wp:term":[{"taxonomy":"category","embeddable":true,"href":"https:\/\/www.europesays.com\/fr\/wp-json\/wp\/v2\/categories?post=443559"},{"taxonomy":"post_tag","embeddable":true,"href":"https:\/\/www.europesays.com\/fr\/wp-json\/wp\/v2\/tags?post=443559"}],"curies":[{"name":"wp","href":"https:\/\/api.w.org\/{rel}","templated":true}]}}