{"id":443560,"date":"2025-10-06T19:45:30","date_gmt":"2025-10-06T19:45:30","guid":{"rendered":"https:\/\/www.europesays.com\/fr\/443560\/"},"modified":"2025-10-06T19:45:30","modified_gmt":"2025-10-06T19:45:30","slug":"nancy-a-lopera-orlando-est-mis-en-scene-pour-ne-pas-sennuyer-un-instant","status":"publish","type":"post","link":"https:\/\/www.europesays.com\/fr\/443560\/","title":{"rendered":"Nancy. \u00c0 l\u2019op\u00e9ra, \u00ab\u00a0Orlando\u00a0\u00bb est mis en sc\u00e8ne pour ne pas s\u2019ennuyer un instant"},"content":{"rendered":"<p>Disons-le tout net, Orlando n\u2019est pas le plus agit\u00e9 des op\u00e9ras du monde. Musicalement, pourtant, \u00e7a donne le frisson, surtout quand Christophe Rousset est \u00e0 la direction d\u2019orchestre comme dans la production donn\u00e9e \u00e0 Nancy.<\/p>\n<p>L\u2019intrigue tient sur une demi-feuille de papier \u00e0 cigarette. Les r\u00e9citatifs racontent l\u2019histoire et les airs sont l\u00e0 d\u2019abord pour montrer la virtuosit\u00e9 du chanteur &#8211; et \u00eatre facilement m\u00e9morisables, en les r\u00e9p\u00e9tant plusieurs fois. Autant dire que si le spectateur n\u2019est pas pr\u00eat \u00e0 se laisser porter par le rythme, \u00e7a peut \u00eatre tr\u00e8s fortement ennuyeux\u2026<\/p>\n<p>Jeanne Desoubeaux, la metteuse en sc\u00e8ne, bien consciente de cet \u00e9cueil, <a href=\"https:\/\/www.estrepublicain.fr\/culture-loisirs\/2025\/10\/02\/orlando-a-l-opera-national-de-nancy-lorraine-quand-les-tableaux-chantent-l-amour-et-la-folie\" target=\"_blank\" rel=\"noopener\">a cherch\u00e9 une lecture int\u00e9ressante.<\/a> Elle propose une nuit au mus\u00e9e, un peu clich\u00e9, elle le reconna\u00eet, mais qui offre une r\u00e9f\u00e9rence facile pour tout le monde\u00a0: les tableaux prennent vie devant les regards des enfants.<\/p>\n<p>Quatre d\u2019entre eux deviennent ainsi petit \u00e0 petit des doubles des quatre protagonistes, sous le regard d\u2019un mage\/gardien de mus\u00e9e\/manipulateur en chef. Les deux niveaux de lecture de l\u2019histoire se m\u00ealent harmonieusement. <a href=\"https:\/\/www.estrepublicain.fr\/culture-loisirs\/2025\/09\/23\/baroque-queer-enfants-au-musee-coordinateur-d-intimite-orlando-un-opera-qui-offre-de-nouveaux-codes\" target=\"_blank\" rel=\"noopener\">Maligne, Jeanne Desoubeaux<\/a> finit par les fusionner, faisant de ces enfants les h\u00e9ros jeunes\u00a0: quand le chanteur interpr\u00e8te son air, l\u2019enfant offre le spectacle.<\/p>\n<p>  L\u2019\u0153il et l\u2019oreille ont de quoi faire<\/p>\n<p>Pas un instant, l\u2019\u0153il n\u2019est inoccup\u00e9, d\u2019autant que le d\u00e9cor ne cesse d\u2019\u00eatre manipul\u00e9 \u00e0 vue, les techniciens de l\u2019op\u00e9ra devenant des figurants en plein travail technique.<\/p>\n<p>L\u2019oreille n\u2019a plus qu\u2019\u00e0 se complaire avec cette distribution homog\u00e8ne\u00a0: choix voulu de Jeanne Desoubeaux, quatre femmes tiennent les quatre r\u00f4les, deux hommes et deux femmes (les r\u00f4les masculins peuvent parfois \u00eatre tenus par des contre-t\u00e9nors).<\/p>\n<p>  Un \u00e9tourdissement g\u00e9n\u00e9ral<\/p>\n<p>La carrure athl\u00e9tique de Noa Beinart laisse toujours le trouble sur son Orlando qui prend de l\u2019\u00e9paisseur au fur et \u00e0 mesure qu\u2019il plonge dans la folie.<\/p>\n<p>Le chevalier Medoro (Rose Naggar-Tremblay), la princesse Angelica (M\u00e9lissa Petit) et la mutine Dorinda (\u00e9patante Mich\u00e8le Br\u00e9ant) sont ainsi l\u2019objet d\u2019un trio \u00ab\u00a0hot\u00a0\u00bb, une sc\u00e8ne d\u2019effeuillage sensuelle et suggestive qui joue sur les confusions des genres. Sur sc\u00e8ne, un homme et deux femmes, jou\u00e9s par trois femmes, allez vous y retrouver\u00a0! De cet \u00e9tourdissement g\u00e9n\u00e9ral, musique, costumes, cavalcades, baisers, surgit un bonheur de bout en bout. En plus, rassurez-vous\u00a0: \u00e7a finit bien.<\/p>\n<p class=\"note\">Op\u00e9ra national de Nancy-Lorraine, mardi\u00a07 et jeudi 9\u00a0octobre, \u00e0 20\u00a0h. Plus de photos sur www.estrepublicain.fr<\/p>\n","protected":false},"excerpt":{"rendered":"Disons-le tout net, Orlando n\u2019est pas le plus agit\u00e9 des op\u00e9ras du monde. Musicalement, pourtant, \u00e7a donne le&hellip;\n","protected":false},"author":2,"featured_media":443561,"comment_status":"","ping_status":"","sticky":false,"template":"","format":"standard","meta":{"footnotes":""},"categories":[9635],"tags":[1111,11,1687,3602,1707,1704,1706,1705,10174,1777,674,1011,27,775,873,1702,1703,12,25],"class_list":{"0":"post-443560","1":"post","2":"type-post","3":"status-publish","4":"format-standard","5":"has-post-thumbnail","7":"category-nancy","8":"tag-actu","9":"tag-actualites","10":"tag-culture-loisirs","11":"tag-edition-bar-le-duc","12":"tag-edition-luneville","13":"tag-edition-nancy-et-agglomeration","14":"tag-edition-pont-a-mousson","15":"tag-edition-toul","16":"tag-edition-verdun","17":"tag-eu","18":"tag-europe","19":"tag-fr","20":"tag-france","21":"tag-grand-est","22":"tag-musique","23":"tag-nancy","24":"tag-nancy-ville-54b","25":"tag-news","26":"tag-republique-francaise"},"share_on_mastodon":{"url":"https:\/\/pubeurope.com\/@fr\/115328943660610660","error":""},"_links":{"self":[{"href":"https:\/\/www.europesays.com\/fr\/wp-json\/wp\/v2\/posts\/443560","targetHints":{"allow":["GET"]}}],"collection":[{"href":"https:\/\/www.europesays.com\/fr\/wp-json\/wp\/v2\/posts"}],"about":[{"href":"https:\/\/www.europesays.com\/fr\/wp-json\/wp\/v2\/types\/post"}],"author":[{"embeddable":true,"href":"https:\/\/www.europesays.com\/fr\/wp-json\/wp\/v2\/users\/2"}],"replies":[{"embeddable":true,"href":"https:\/\/www.europesays.com\/fr\/wp-json\/wp\/v2\/comments?post=443560"}],"version-history":[{"count":0,"href":"https:\/\/www.europesays.com\/fr\/wp-json\/wp\/v2\/posts\/443560\/revisions"}],"wp:featuredmedia":[{"embeddable":true,"href":"https:\/\/www.europesays.com\/fr\/wp-json\/wp\/v2\/media\/443561"}],"wp:attachment":[{"href":"https:\/\/www.europesays.com\/fr\/wp-json\/wp\/v2\/media?parent=443560"}],"wp:term":[{"taxonomy":"category","embeddable":true,"href":"https:\/\/www.europesays.com\/fr\/wp-json\/wp\/v2\/categories?post=443560"},{"taxonomy":"post_tag","embeddable":true,"href":"https:\/\/www.europesays.com\/fr\/wp-json\/wp\/v2\/tags?post=443560"}],"curies":[{"name":"wp","href":"https:\/\/api.w.org\/{rel}","templated":true}]}}