{"id":443599,"date":"2025-10-06T20:07:13","date_gmt":"2025-10-06T20:07:13","guid":{"rendered":"https:\/\/www.europesays.com\/fr\/443599\/"},"modified":"2025-10-06T20:07:13","modified_gmt":"2025-10-06T20:07:13","slug":"les-09-10-11-octobre-2025-la-comedie-de-lille-accueillera-la-piece-de-theatre-mon-coeur-fait-boum","status":"publish","type":"post","link":"https:\/\/www.europesays.com\/fr\/443599\/","title":{"rendered":"Les 09, 10 &#038; 11 octobre 2025, la Com\u00e9die de Lille accueillera la pi\u00e8ce de Th\u00e9\u00e2tre \u00ab\u00a0Mon c\u0153ur fait boum\u00a0\u00bb"},"content":{"rendered":"<p style=\"text-align: justify;\"><strong>Jeudi 09, vendredi 10 &amp; samedi 11 octobre 2025 \u00e0 20h, la Com\u00e9die de Lille <\/strong>accueillera la <strong>pi\u00e8ce de th\u00e9\u00e2tre <\/strong><strong>\u00ab\u00a0Mon c\u0153ur fait boum\u00a0\u00bb <\/strong><strong>!<\/strong><\/p>\n<p><img loading=\"lazy\" decoding=\"async\" width=\"693\" height=\"980\" src=\"https:\/\/www.europesays.com\/fr\/wp-content\/uploads\/2025\/10\/mon_coeur_fait_boom_01.jpg\" alt=\"\" class=\"wp-image-87617\" style=\"aspect-ratio:0.7071428571428572;width:350px\"  \/><\/p>\n<p style=\"text-align: justify;\">Mon c\u0153ur fait boom<br \/>D\u00e9couvrez la com\u00e9die \u00ab\u00a0<strong>Mon c\u0153ur fait boum<\/strong>\u00ab\u00a0, qui explore <strong>une collision inattendue entre deux personnages aux antipodes.<\/strong> <\/p>\n<p style=\"text-align: justify;\">Une professionnelle d\u2019un cabinet d\u2019huissier missionn\u00e9e et d\u00e9termin\u00e9e pour \u00e9vacuer, expulser le dernier occupant d\u2019un \u00e9difice d\u00e9labr\u00e9, d\u2019un immeuble v\u00e9tuste. Tandis que lui est un fervent d\u00e9fenseur de l\u2019anarchisme qui lutte bec et ongles pour pr\u00e9server ardemment sa libert\u00e9 de pens\u00e9e. Cette rencontre impr\u00e9visible viendra \u00e9branler vos convictions les plus ancr\u00e9es, bouleverser vos certitudes, vous entra\u00eenant dans un tourbillon d\u2019\u00e9motions intenses. Une v\u00e9ritable rencontre explosive peu banale entre un homme et une femme. Cette pi\u00e8ce promet une cascade de situations pleines de surprises pour vous faire r\u00e9fl\u00e9chir tout en vous divertissant.<\/p>\n<p style=\"text-align: justify;\">Les performances des 2 acteurs vous transporteront dans un univers o\u00f9 chaque r\u00e9plique compte et o\u00f9 les tensions montent \u00e0 chaque sc\u00e8ne.<\/p>\n<p>Rires et \u00e9motions sont au menu de cette histoire insolite.<\/p>\n<p><strong>Une belle occasion de d\u00e9couvrir cette com\u00e9die captivante de Maxime Van LAER<\/strong>.<\/p>\n<p>Dans une <strong>mise en sc\u00e8ne au d\u00e9cor simple<\/strong> de <strong>Roland MARCHISIO<\/strong>\u00a0(acteur, com\u00e9dien, metteur en sc\u00e8ne).<\/p>\n<p><strong>Artiste(s) : France RENARD<\/strong>\u00a0&amp; <strong>Maxime Van LAER<\/strong><\/p>\n<p><img loading=\"lazy\" decoding=\"async\" width=\"9\" height=\"9\" src=\"https:\/\/www.europesays.com\/fr\/wp-content\/uploads\/2025\/04\/1744722321_833_arrow.png\" alt=\"Puce\"\/> <strong>Tarif : <\/strong>\u00e0 partir de 19,50\u20ac<\/p>\n<p><img loading=\"lazy\" decoding=\"async\" width=\"9\" height=\"9\" src=\"https:\/\/www.europesays.com\/fr\/wp-content\/uploads\/2025\/04\/1744722321_833_arrow.png\" alt=\"Puce\"\/> <a href=\"https:\/\/tickets.comediedelille.fr\/events\/3375\" target=\"_blank\" rel=\"noreferrer noopener nofollow\">Site internet de la Com\u00e9die de Lille<\/a><\/p>\n<p class=\"has-text-align-right\">Photos &amp; images : DR \u2013 \u00a9 Sur Mesure Spectacles \/ \u00a9 David Twist<\/p>\n","protected":false},"excerpt":{"rendered":"Jeudi 09, vendredi 10 &amp; samedi 11 octobre 2025 \u00e0 20h, la Com\u00e9die de Lille accueillera la pi\u00e8ce&hellip;\n","protected":false},"author":2,"featured_media":443600,"comment_status":"","ping_status":"","sticky":false,"template":"","format":"standard","meta":{"footnotes":""},"categories":[2815],"tags":[56983,56984,56589,1111,11,56985,1777,674,1011,27,811,1307,56986,12,30016,25],"class_list":{"0":"post-443599","1":"post","2":"type-post","3":"status-publish","4":"format-standard","5":"has-post-thumbnail","7":"category-lille","8":"tag-09-octobre-2025","9":"tag-10-octobre-2025","10":"tag-11-octobre-2025","11":"tag-actu","12":"tag-actualites","13":"tag-comedie-de-lille","14":"tag-eu","15":"tag-europe","16":"tag-fr","17":"tag-france","18":"tag-hauts-de-france","19":"tag-lille","20":"tag-mon-coeur-fait-boom","21":"tag-news","22":"tag-piece-de-theatre","23":"tag-republique-francaise"},"share_on_mastodon":{"url":"https:\/\/pubeurope.com\/@fr\/115329030809763561","error":""},"_links":{"self":[{"href":"https:\/\/www.europesays.com\/fr\/wp-json\/wp\/v2\/posts\/443599","targetHints":{"allow":["GET"]}}],"collection":[{"href":"https:\/\/www.europesays.com\/fr\/wp-json\/wp\/v2\/posts"}],"about":[{"href":"https:\/\/www.europesays.com\/fr\/wp-json\/wp\/v2\/types\/post"}],"author":[{"embeddable":true,"href":"https:\/\/www.europesays.com\/fr\/wp-json\/wp\/v2\/users\/2"}],"replies":[{"embeddable":true,"href":"https:\/\/www.europesays.com\/fr\/wp-json\/wp\/v2\/comments?post=443599"}],"version-history":[{"count":0,"href":"https:\/\/www.europesays.com\/fr\/wp-json\/wp\/v2\/posts\/443599\/revisions"}],"wp:featuredmedia":[{"embeddable":true,"href":"https:\/\/www.europesays.com\/fr\/wp-json\/wp\/v2\/media\/443600"}],"wp:attachment":[{"href":"https:\/\/www.europesays.com\/fr\/wp-json\/wp\/v2\/media?parent=443599"}],"wp:term":[{"taxonomy":"category","embeddable":true,"href":"https:\/\/www.europesays.com\/fr\/wp-json\/wp\/v2\/categories?post=443599"},{"taxonomy":"post_tag","embeddable":true,"href":"https:\/\/www.europesays.com\/fr\/wp-json\/wp\/v2\/tags?post=443599"}],"curies":[{"name":"wp","href":"https:\/\/api.w.org\/{rel}","templated":true}]}}