{"id":443609,"date":"2025-10-06T20:12:17","date_gmt":"2025-10-06T20:12:17","guid":{"rendered":"https:\/\/www.europesays.com\/fr\/443609\/"},"modified":"2025-10-06T20:12:17","modified_gmt":"2025-10-06T20:12:17","slug":"lyon-un-homme-blesse-a-coups-de-couteau-pres-de-la-gare-de-la-part-dieu","status":"publish","type":"post","link":"https:\/\/www.europesays.com\/fr\/443609\/","title":{"rendered":"Lyon : un homme bless\u00e9 \u00e0 coups de couteau pr\u00e8s de la gare de la Part-Dieu\u00a0"},"content":{"rendered":"<p>Un homme a \u00e9t\u00e9 bless\u00e9 \u00e0 l&rsquo;arme blanche, ce dimanche 5 octobre, dans le quartier de la Part-Dieu, \u00e0 Lyon.<\/p>\n<p>Une bagarre a \u00e9clat\u00e9 ce dimanche, vers 17h, \u00e0 l&rsquo;angle des rues Garibaldi et Paul-Bert, \u00e0 Lyon.\u00a0<\/p>\n<p>D&rsquo;apr\u00e8s <a class=\"url\" href=\"https:\/\/www.leprogres.fr\/faits-divers-justice\/2025\/10\/06\/un-blesse-par-arme-blanche-au-cours-d-une-rixe-trois-interpellations\" target=\"_blank\" rel=\"noopener\">Le Progr\u00e8s,<\/a> <b>un homme a \u00e9t\u00e9 bless\u00e9 \u00e0 l&rsquo;arme blanche<\/b>. Il a re\u00e7u au moins un coup de couteau.\u00a0<\/p>\n<p>La victime n&rsquo;a pas \u00e9t\u00e9 identifi\u00e9e<\/p>\n<p>La victime a pris la fuite, avant l&rsquo;arriv\u00e9e des policiers.\u00a0<\/p>\n<p>Les forces de l&rsquo;ordre ont interpell\u00e9 trois individus, dont l&rsquo;auteur pr\u00e9sum\u00e9 qui avait pris la fuite sur une trottinette.<\/p>\n<p><\/p>\n","protected":false},"excerpt":{"rendered":"Un homme a \u00e9t\u00e9 bless\u00e9 \u00e0 l&rsquo;arme blanche, ce dimanche 5 octobre, dans le quartier de la Part-Dieu,&hellip;\n","protected":false},"author":2,"featured_media":230312,"comment_status":"","ping_status":"","sticky":false,"template":"","format":"standard","meta":{"footnotes":""},"categories":[1889],"tags":[1111,11,1120,2430,26747,5264,1777,674,1011,27,4933,2428,12,6125,25],"class_list":{"0":"post-443609","1":"post","2":"type-post","3":"status-publish","4":"format-standard","5":"has-post-thumbnail","7":"category-lyon","8":"tag-actu","9":"tag-actualites","10":"tag-agression","11":"tag-auvergne-rhone-alpes","12":"tag-bless","13":"tag-couteau","14":"tag-eu","15":"tag-europe","16":"tag-fr","17":"tag-france","18":"tag-homme","19":"tag-lyon","20":"tag-news","21":"tag-part-dieu","22":"tag-republique-francaise"},"share_on_mastodon":{"url":"https:\/\/pubeurope.com\/@fr\/115329049730589164","error":""},"_links":{"self":[{"href":"https:\/\/www.europesays.com\/fr\/wp-json\/wp\/v2\/posts\/443609","targetHints":{"allow":["GET"]}}],"collection":[{"href":"https:\/\/www.europesays.com\/fr\/wp-json\/wp\/v2\/posts"}],"about":[{"href":"https:\/\/www.europesays.com\/fr\/wp-json\/wp\/v2\/types\/post"}],"author":[{"embeddable":true,"href":"https:\/\/www.europesays.com\/fr\/wp-json\/wp\/v2\/users\/2"}],"replies":[{"embeddable":true,"href":"https:\/\/www.europesays.com\/fr\/wp-json\/wp\/v2\/comments?post=443609"}],"version-history":[{"count":0,"href":"https:\/\/www.europesays.com\/fr\/wp-json\/wp\/v2\/posts\/443609\/revisions"}],"wp:featuredmedia":[{"embeddable":true,"href":"https:\/\/www.europesays.com\/fr\/wp-json\/wp\/v2\/media\/230312"}],"wp:attachment":[{"href":"https:\/\/www.europesays.com\/fr\/wp-json\/wp\/v2\/media?parent=443609"}],"wp:term":[{"taxonomy":"category","embeddable":true,"href":"https:\/\/www.europesays.com\/fr\/wp-json\/wp\/v2\/categories?post=443609"},{"taxonomy":"post_tag","embeddable":true,"href":"https:\/\/www.europesays.com\/fr\/wp-json\/wp\/v2\/tags?post=443609"}],"curies":[{"name":"wp","href":"https:\/\/api.w.org\/{rel}","templated":true}]}}