{"id":443614,"date":"2025-10-06T20:16:15","date_gmt":"2025-10-06T20:16:15","guid":{"rendered":"https:\/\/www.europesays.com\/fr\/443614\/"},"modified":"2025-10-06T20:16:15","modified_gmt":"2025-10-06T20:16:15","slug":"7-chateaux-caches-dans-paris-que-vous-ne-connaissez-pas","status":"publish","type":"post","link":"https:\/\/www.europesays.com\/fr\/443614\/","title":{"rendered":"7 ch\u00e2teaux cach\u00e9s dans Paris (que vous ne connaissez pas)"},"content":{"rendered":"<p><strong>La r\u00e9sidence des De Gaulle<\/strong><\/p>\n<p>Command\u00e9e par l&rsquo;homme d&rsquo;affaires Henri Lillaz dans les ann\u00e9es 1920, la <a href=\"https:\/\/www.admagazine.fr\/adinspiration\/article\/villa-windsor-the-crown-paris\" target=\"_blank\" rel=\"noopener\">villa Windsor<\/a> est \u00e9difi\u00e9e en 1929 par Roger Bouvard, architecte de nombreux immeubles parisiens et co-auteur du th\u00e9\u00e2tre des Champs-\u00c9lys\u00e9es. Initialement nomm\u00e9e \u00ab ch\u00e2teau Le Bois \u00bb d&rsquo;apr\u00e8s son emplacement dans le bois de Boulogne, elle deviendra \u00ab villa Windsor \u00bb plus tard au XXe si\u00e8cle. Apr\u00e8s la Lib\u00e9ration, il accueille le G\u00e9n\u00e9ral de Gaulle et sa famille durant pr\u00e8s d&rsquo;un an, avant d&rsquo;\u00eatre lou\u00e9 \u00e0 la famille royale d&rsquo;Angleterre, pour une somme modique, par la Ville de Paris.<\/p>\n<p><strong>Le refuge du couple Windsor<\/strong><\/p>\n<p>Le duc et la duchesse de Windsor l&rsquo;occupent entre 1952 et 1986, fuyant l&rsquo;inimiti\u00e9 ambiante dans leur pays : deux fois divorc\u00e9e et accus\u00e9e de proximit\u00e9 avec le r\u00e9gime nazi, Wallis Simpson (la duchesse) a \u00e9pous\u00e9 le <a href=\"https:\/\/www.admagazine.fr\/adactualites\/article\/famille-royale-britannique-roi-charles-iii\" target=\"_blank\" rel=\"noopener\">roi d&rsquo;Angleterre<\/a> en 1936, contraint d&rsquo;abdiquer pour les conflits moraux que leur union repr\u00e9sente. Ils y resteront jusqu&rsquo;\u00e0 leur d\u00e9c\u00e8s respectif.<\/p>\n<p><strong>Le dernier jour de Lady Diana<\/strong><\/p>\n<p>Le parfum de scandale qui embrume la villa se prolonge dans les ann\u00e9es 1980, lorsque le businessman \u00e9gyptien Mohamed Al-Fayed la r\u00e9cup\u00e8re et l&rsquo;\u00e9rige en symbole de l&rsquo;amour pr\u00f4n\u00e9 par le couple Windsor, d\u00e9cidant de la renommer \u00e0 leur nom. Le fils du riche locataire, connu pour sa relation avec la <a href=\"https:\/\/www.admagazine.fr\/article\/maison-familiale-lady-diana-vendre-v2\" target=\"_blank\" rel=\"noopener\">princesse Diana<\/a>, s&rsquo;y rend avec cette derni\u00e8re le jour de leur mort sous le pont de l&rsquo;Alma, en 1997. En 2024, une vingtaine de femmes accusent Mohamed Al-Fayed de viols et d&rsquo;agressions sexuelles dans la villa Windsor.<\/p>\n<p><strong>Tout r\u00e9cemment r\u00e9nov\u00e9 par la Fondation Mansart, ce petit ch\u00e2teau sera prochainement ouvert \u00e0 la visite (fin 2025).<\/strong><\/p>\n","protected":false},"excerpt":{"rendered":"La r\u00e9sidence des De Gaulle Command\u00e9e par l&rsquo;homme d&rsquo;affaires Henri Lillaz dans les ann\u00e9es 1920, la villa Windsor&hellip;\n","protected":false},"author":2,"featured_media":443615,"comment_status":"","ping_status":"","sticky":false,"template":"","format":"standard","meta":{"footnotes":""},"categories":[1888],"tags":[1111,1928,11,1927,14818,1777,674,1011,27,12,1926,626,1925,25],"class_list":{"0":"post-443614","1":"post","2":"type-post","3":"status-publish","4":"format-standard","5":"has-post-thumbnail","7":"category-paris","8":"tag-actu","9":"tag-actu-paris","10":"tag-actualites","11":"tag-actualites-paris","12":"tag-chateaux","13":"tag-eu","14":"tag-europe","15":"tag-fr","16":"tag-france","17":"tag-news","18":"tag-news-paris","19":"tag-paris","20":"tag-paris-news","21":"tag-republique-francaise"},"share_on_mastodon":{"url":"https:\/\/pubeurope.com\/@fr\/115329065752997577","error":""},"_links":{"self":[{"href":"https:\/\/www.europesays.com\/fr\/wp-json\/wp\/v2\/posts\/443614","targetHints":{"allow":["GET"]}}],"collection":[{"href":"https:\/\/www.europesays.com\/fr\/wp-json\/wp\/v2\/posts"}],"about":[{"href":"https:\/\/www.europesays.com\/fr\/wp-json\/wp\/v2\/types\/post"}],"author":[{"embeddable":true,"href":"https:\/\/www.europesays.com\/fr\/wp-json\/wp\/v2\/users\/2"}],"replies":[{"embeddable":true,"href":"https:\/\/www.europesays.com\/fr\/wp-json\/wp\/v2\/comments?post=443614"}],"version-history":[{"count":0,"href":"https:\/\/www.europesays.com\/fr\/wp-json\/wp\/v2\/posts\/443614\/revisions"}],"wp:featuredmedia":[{"embeddable":true,"href":"https:\/\/www.europesays.com\/fr\/wp-json\/wp\/v2\/media\/443615"}],"wp:attachment":[{"href":"https:\/\/www.europesays.com\/fr\/wp-json\/wp\/v2\/media?parent=443614"}],"wp:term":[{"taxonomy":"category","embeddable":true,"href":"https:\/\/www.europesays.com\/fr\/wp-json\/wp\/v2\/categories?post=443614"},{"taxonomy":"post_tag","embeddable":true,"href":"https:\/\/www.europesays.com\/fr\/wp-json\/wp\/v2\/tags?post=443614"}],"curies":[{"name":"wp","href":"https:\/\/api.w.org\/{rel}","templated":true}]}}