{"id":443622,"date":"2025-10-06T20:20:15","date_gmt":"2025-10-06T20:20:15","guid":{"rendered":"https:\/\/www.europesays.com\/fr\/443622\/"},"modified":"2025-10-06T20:20:15","modified_gmt":"2025-10-06T20:20:15","slug":"zelensky-denonce-la-presence-de-composants-etrangers-dans-les-missiles-et-drones-russes","status":"publish","type":"post","link":"https:\/\/www.europesays.com\/fr\/443622\/","title":{"rendered":"Zelensky d\u00e9nonce la pr\u00e9sence de composants \u00e9trangers dans les missiles et drones russes"},"content":{"rendered":"<p class=\"mb-4 text-lg md:leading-8 break-words\"><strong>R\u00e9cap &#8211; \u00ab\u00a020 Minutes\u00a0\u00bb fait le point pour vous tous les soirs sur le conflit en Ukraine. Ce lundi, une frappe sur la ville russe de Belgorod a fait deux morts et Volodymyr Zelensky a d\u00e9nonc\u00e9 la pr\u00e9sence de composants \u00e9trangers dans les missiles russes<\/strong><\/p>\n<p class=\"mb-4 text-lg md:leading-8 break-words\">Vous avez rat\u00e9 les derniers \u00e9v\u00e9nements sur la <a href=\"https:\/\/www.20minutes.fr\/monde\/ukraine\/?at_medium=RSS%20feed&amp;at_campaign=ynews&amp;utm_source=yahoo&amp;utm_medium=rss&amp;utm_campaign=news_feed&amp;utm_content=in_article_link\" rel=\"nofollow noopener\" target=\"_blank\" data-ylk=\"slk:guerre en Ukraine;elm:context_link;itc:0;sec:content-canvas\" class=\"link \">guerre en Ukraine<\/a>\u00a0? 20 Minutes fait le point pour vous tous les soirs. Voici l\u2019essentiel de ce lundi 6\u00a0octobre, 1.321e jour du conflit.<\/p>\n<p>Le fait du jour<\/p>\n<p class=\"mb-4 text-lg md:leading-8 break-words\">Une frappe ukrainienne sur la ville russe de Belgorod (ouest) a fait lundi deux morts, ont indiqu\u00e9 les autorit\u00e9s locales. Sur Telegram, le gouverneur de la r\u00e9gion de Belgorod, Viatcheslav Gladkov, a indiqu\u00e9 qu\u2019une \u00ab\u00a0frappe de missiles\u00a0\u00bb avait tu\u00e9 deux hommes dans la ville \u00e9ponyme capitale r\u00e9gionale\u00a0: l\u2019un est d\u00e9c\u00e9d\u00e9 sur le site de l\u2019attaque et l\u2019autre \u00e0 l\u2019h\u00f4pital.<\/p>\n<p class=\"mb-4 text-lg md:leading-8 break-words\">Selon le gouverneur, plusieurs rues de Belgorod ont subi \u00ab\u00a0des probl\u00e8mes d\u2019alimentation \u00e9lectrique\u00a0\u00bb apr\u00e8s la frappe. Des m\u00e9dias locaux ont affirm\u00e9 qu\u2019une centrale thermique avait \u00e9t\u00e9 touch\u00e9e par ce bombardement.<\/p>\n<p class=\"mb-4 text-lg md:leading-8 break-words\">Dans le m\u00eame temps, sur X, le pr\u00e9sident ukrainien <a href=\"https:\/\/www.20minutes.fr\/monde\/volodymyr-zelensky\/?at_medium=RSS%20feed&amp;at_campaign=ynews&amp;utm_source=yahoo&amp;utm_medium=rss&amp;utm_campaign=news_feed&amp;utm_content=in_article_link\" rel=\"nofollow noopener\" target=\"_blank\" data-ylk=\"slk:Volodymyr Zelensky;elm:context_link;itc:0;sec:content-canvas\" class=\"link \">Volodymyr Zelensky<\/a> a d\u00e9nonc\u00e9 une frappe de drone lundi contre une maternit\u00e9 \u00e0 Soumy qui, \u00ab\u00a0heureusement, cette fois\u00a0\u00bb, n\u2019a pas fait de victimes. Il a pr\u00e9cis\u00e9 que 35 femmes et 11 enfants, ainsi que le personnel m\u00e9dical, se trouvaient dans un abri au moment de l\u2019attaque.<\/p>\n<p>La d\u00e9claration du jour<\/p>\n<p class=\"mb-4 text-lg md:leading-8 break-words\">Le pr\u00e9sident ukrainien Volodymyr Zelensky a d\u00e9nonc\u00e9 lundi la pr\u00e9sence de milliers de composants fournis par des entreprises \u00e9trang\u00e8res, notamment am\u00e9ricaines, allemandes ou encore japonaises, dans les syst\u00e8mes de missiles et drones utilis\u00e9s par la Russie pour frapper l\u2019Ukraine ce week-end. Il a cit\u00e9 les Etats-Unis, la Chine, Ta\u00efwan, le Royaume-Uni, l\u2019Allemagne, la Suisse,(&#8230;)<\/p>\n<p class=\"mb-4 text-lg md:leading-8 break-words\"><a href=\"https:\/\/www.20minutes.fr\/monde\/ukraine\/4177530-20251006-guerre-ukraine-zelensky-denonce-presence-composants-etrangers-missiles-drones-russes?at_medium=RSS%20feed&amp;at_campaign=ynews&amp;utm_source=yahoo&amp;utm_medium=rss&amp;utm_campaign=news_feed&amp;utm_content=read_more_link&quot;\" rel=\"nofollow noopener\" target=\"_blank\" data-ylk=\"slk:Lire la suite sur 20minutes;elm:context_link;itc:0;sec:content-canvas\" class=\"link \">Lire la suite sur 20minutes<\/a><\/p>\n<p>\u00c0 lire aussi :<br \/><a href=\"https:\/\/www.20minutes.fr\/monde\/ukraine\/4171511-20250905-guerre-ukraine-poutine-menace-attaquer-forces-occidentales-si-elles-vont-ukraine?at_medium=RSS%20feed&amp;at_campaign=ynews&amp;utm_source=yahoo&amp;utm_medium=rss&amp;utm_campaign=news_feed&amp;utm_content=related_content_link\" rel=\"nofollow noopener\" target=\"_blank\" data-ylk=\"slk:Guerre en Ukraine\u00a0: Poutine menace d\u2019attaquer les forces occidentales si elles vont en Ukraine;elm:context_link;itc:0;sec:content-canvas\" class=\"link \">Guerre en Ukraine\u00a0: Poutine menace d\u2019attaquer les forces occidentales si elles vont en Ukraine<\/a><br \/><a href=\"https:\/\/www.20minutes.fr\/societe\/4176511-20251006-guerre-ukraine-grace-ia-videos-payantes-font-revivre-soldats-russes-tombes-front?at_medium=RSS%20feed&amp;at_campaign=ynews&amp;utm_source=yahoo&amp;utm_medium=rss&amp;utm_campaign=news_feed&amp;utm_content=related_content_link\" rel=\"nofollow noopener\" target=\"_blank\" data-ylk=\"slk:Guerre en Ukraine\u00a0: Gr\u00e2ce \u00e0 l\u2019IA, des vid\u00e9os payantes font revivre les soldats russes tomb\u00e9s au front;elm:context_link;itc:0;sec:content-canvas\" class=\"link \">Guerre en Ukraine\u00a0: Gr\u00e2ce \u00e0 l\u2019IA, des vid\u00e9os payantes font revivre les soldats russes tomb\u00e9s au front<\/a><\/p>\n","protected":false},"excerpt":{"rendered":"R\u00e9cap &#8211; \u00ab\u00a020 Minutes\u00a0\u00bb fait le point pour vous tous les soirs sur le conflit en Ukraine. Ce&hellip;\n","protected":false},"author":2,"featured_media":443623,"comment_status":"","ping_status":"","sticky":false,"template":"","format":"standard","meta":{"footnotes":""},"categories":[1590],"tags":[642,11,56992,1777,674,24666,12,220,56993,134],"class_list":{"0":"post-443622","1":"post","2":"type-post","3":"status-publish","4":"format-standard","5":"has-post-thumbnail","7":"category-ukraine","8":"tag-20-minutes","9":"tag-actualites","10":"tag-belgorod","11":"tag-eu","12":"tag-europe","13":"tag-missiles-russes","14":"tag-news","15":"tag-ukraine","16":"tag-viatcheslav-gladkov","17":"tag-volodymyr-zelensky"},"share_on_mastodon":{"url":"https:\/\/pubeurope.com\/@fr\/115329081312854991","error":""},"_links":{"self":[{"href":"https:\/\/www.europesays.com\/fr\/wp-json\/wp\/v2\/posts\/443622","targetHints":{"allow":["GET"]}}],"collection":[{"href":"https:\/\/www.europesays.com\/fr\/wp-json\/wp\/v2\/posts"}],"about":[{"href":"https:\/\/www.europesays.com\/fr\/wp-json\/wp\/v2\/types\/post"}],"author":[{"embeddable":true,"href":"https:\/\/www.europesays.com\/fr\/wp-json\/wp\/v2\/users\/2"}],"replies":[{"embeddable":true,"href":"https:\/\/www.europesays.com\/fr\/wp-json\/wp\/v2\/comments?post=443622"}],"version-history":[{"count":0,"href":"https:\/\/www.europesays.com\/fr\/wp-json\/wp\/v2\/posts\/443622\/revisions"}],"wp:featuredmedia":[{"embeddable":true,"href":"https:\/\/www.europesays.com\/fr\/wp-json\/wp\/v2\/media\/443623"}],"wp:attachment":[{"href":"https:\/\/www.europesays.com\/fr\/wp-json\/wp\/v2\/media?parent=443622"}],"wp:term":[{"taxonomy":"category","embeddable":true,"href":"https:\/\/www.europesays.com\/fr\/wp-json\/wp\/v2\/categories?post=443622"},{"taxonomy":"post_tag","embeddable":true,"href":"https:\/\/www.europesays.com\/fr\/wp-json\/wp\/v2\/tags?post=443622"}],"curies":[{"name":"wp","href":"https:\/\/api.w.org\/{rel}","templated":true}]}}