{"id":443624,"date":"2025-10-06T20:21:14","date_gmt":"2025-10-06T20:21:14","guid":{"rendered":"https:\/\/www.europesays.com\/fr\/443624\/"},"modified":"2025-10-06T20:21:14","modified_gmt":"2025-10-06T20:21:14","slug":"lillinois-attaque-trump-en-justice-pour-sa-decision-de-deployer-la-garde-nationale","status":"publish","type":"post","link":"https:\/\/www.europesays.com\/fr\/443624\/","title":{"rendered":"l\u2019Illinois attaque Trump en justice pour sa d\u00e9cision de d\u00e9ployer la Garde nationale"},"content":{"rendered":"<p style=\"overflow-wrap:break-word;text-indent:1em;text-align:justify;\">AA \/ Chicago \/ Ayse Betul Akcesme<\/p>\n<p style=\"overflow-wrap:break-word;text-indent:1em;text-align:justify;\">L\u2019\u00c9tat am\u00e9ricain de l\u2019Illinois et la ville de Chicago ont saisi la justice lundi pour tenter d\u2019emp\u00eacher le pr\u00e9sident Donald Trump de d\u00e9ployer la Garde nationale dans la m\u00e9tropole, estimant cette d\u00e9cision \u00ab ill\u00e9gale \u00bb et \u00ab dangereuse \u00bb.<\/p>\n<p style=\"overflow-wrap:break-word;text-indent:1em;text-align:justify;\">\u00ab Le d\u00e9ploiement de troupes f\u00e9d\u00e9ralis\u00e9es dans l\u2019Illinois est manifestement ill\u00e9gal \u00bb, affirme le texte d\u00e9pos\u00e9 par le procureur g\u00e9n\u00e9ral de l\u2019\u00c9tat, Kwame Raoul, devant le tribunal f\u00e9d\u00e9ral du district nord de l\u2019Illinois. Les plaignants demandent \u00e0 la justice de bloquer \u00ab la f\u00e9d\u00e9ralisation ill\u00e9gale, dangereuse et inconstitutionnelle \u00bb de membres de la Garde nationale des \u00c9tats-Unis, y compris ceux de l\u2019Illinois et du Texas.<\/p>\n<p style=\"overflow-wrap:break-word;text-indent:1em;text-align:justify;\">Selon la plainte, l\u2019administration Trump a d\u00e9j\u00e0 caus\u00e9 \u00e0 l\u2019Illinois \u00ab un pr\u00e9judice grave et irr\u00e9parable \u00bb, estimant que l\u2019arriv\u00e9e de troupes venues d\u2019autres \u00c9tats \u00ab porterait atteinte \u00e0 la souverainet\u00e9 \u00bb de l\u2019\u00c9tat et \u00ab risquerait d\u2019attiser les tensions sociales et la m\u00e9fiance envers la police \u00bb.<\/p>\n<p style=\"overflow-wrap:break-word;text-indent:1em;text-align:justify;\">La conseill\u00e8re juridique de la ville de Chicago, Mary Richardson-Lowry, s\u2019est associ\u00e9e \u00e0 la d\u00e9marche.<\/p>\n<p style=\"overflow-wrap:break-word;text-indent:1em;text-align:justify;\">Cette action en justice s\u2019inscrit dans une s\u00e9rie d\u2019initiatives de villes et d\u2019\u00c9tats dirig\u00e9s par des d\u00e9mocrates visant \u00e0 contester les d\u00e9ploiements d\u00e9cid\u00e9s par Donald Trump dans plusieurs grandes m\u00e9tropoles am\u00e9ricaines.<\/p>\n<p style=\"overflow-wrap:break-word;text-indent:1em;text-align:justify;\">Le gouverneur de l\u2019Illinois, JB Pritzker, avait affirm\u00e9 dimanche sur son compte officiel X, bas\u00e9e aux \u00c9tats-Unis, que l\u2019administration Trump avait ordonn\u00e9 le d\u00e9ploiement de 400 soldats de la Garde nationale du Texas vers l\u2019Illinois, l\u2019Oregon et d\u2019autres \u00c9tats.<\/p>\n<p style=\"overflow-wrap:break-word;text-indent:1em;text-align:justify;\">\u00ab Nous devons d\u00e9sormais commencer \u00e0 l\u2019appeler par son nom : l\u2019invasion de Trump. Cela a commenc\u00e9 par des agents f\u00e9d\u00e9raux, cela va bient\u00f4t inclure des membres de la Garde nationale de l&rsquo;Illinois d\u00e9ploy\u00e9s contre notre volont\u00e9, et cela comprendra bient\u00f4t des troupes militaires envoy\u00e9es depuis un autre Etat \u00bb, avait-il ajout\u00e9.<\/p>\n<p style=\"overflow-wrap:break-word;text-indent:1em;text-align:justify;\">Le pr\u00e9sident a d\u00e9j\u00e0 envoy\u00e9 la Garde nationale \u00e0 Los Angeles et Washington, et pr\u00e9voit de le faire \u00e0 Memphis (Tennessee). <\/p>\n<p style=\"overflow-wrap:break-word;text-indent:1em;text-align:justify;\">En juin, il avait aussi d\u00e9ploy\u00e9 des unit\u00e9s de Marines \u00e0 Los Angeles pour r\u00e9primer des troubles li\u00e9s \u00e0 sa politique migratoire.<\/p>\n<p>                            &#13;<br \/>\n                                <a href=\"https:\/\/www.aa.com.tr\/fr\/p\/abonnement\/1001\" target=\"_blank\" style=\"font-size:12px; color:#444; text-decoration:none;\" rel=\"nofollow noopener\">&#13;<br \/>\n                                    Seulement une partie des d\u00e9p\u00eaches, que l&rsquo;Agence Anadolu diffuse \u00e0 ses abonn\u00e9s via le Syst\u00e8me de Diffusion interne (HAS), est diffus\u00e9e sur le site de l&rsquo;AA, de mani\u00e8re r\u00e9sum\u00e9e. <b style=\"color:#1897F7\">Contactez-nous s&rsquo;il vous pla\u00eet pour vous abonner.<\/b>&#13;<br \/>\n                                <\/a>&#13;<\/p>\n","protected":false},"excerpt":{"rendered":"AA \/ Chicago \/ Ayse Betul Akcesme L\u2019\u00c9tat am\u00e9ricain de l\u2019Illinois et la ville de Chicago ont saisi&hellip;\n","protected":false},"author":2,"featured_media":443625,"comment_status":"","ping_status":"","sticky":false,"template":"","format":"standard","meta":{"footnotes":""},"categories":[1589],"tags":[4295,11,1785,75,73,1866,56994,12,1864,1865,1863,308],"class_list":{"0":"post-443624","1":"post","2":"type-post","3":"status-publish","4":"format-standard","5":"has-post-thumbnail","7":"category-etats-unis","8":"tag-tats-unis","9":"tag-actualites","10":"tag-anadolu-ajansi","11":"tag-donald-trump","12":"tag-etats-unis","13":"tag-etats-unis-damerique","14":"tag-jb-pritzker","15":"tag-news","16":"tag-united-states","17":"tag-united-states-of-america","18":"tag-us","19":"tag-usa"},"share_on_mastodon":{"url":"https:\/\/pubeurope.com\/@fr\/115329085296733751","error":""},"_links":{"self":[{"href":"https:\/\/www.europesays.com\/fr\/wp-json\/wp\/v2\/posts\/443624","targetHints":{"allow":["GET"]}}],"collection":[{"href":"https:\/\/www.europesays.com\/fr\/wp-json\/wp\/v2\/posts"}],"about":[{"href":"https:\/\/www.europesays.com\/fr\/wp-json\/wp\/v2\/types\/post"}],"author":[{"embeddable":true,"href":"https:\/\/www.europesays.com\/fr\/wp-json\/wp\/v2\/users\/2"}],"replies":[{"embeddable":true,"href":"https:\/\/www.europesays.com\/fr\/wp-json\/wp\/v2\/comments?post=443624"}],"version-history":[{"count":0,"href":"https:\/\/www.europesays.com\/fr\/wp-json\/wp\/v2\/posts\/443624\/revisions"}],"wp:featuredmedia":[{"embeddable":true,"href":"https:\/\/www.europesays.com\/fr\/wp-json\/wp\/v2\/media\/443625"}],"wp:attachment":[{"href":"https:\/\/www.europesays.com\/fr\/wp-json\/wp\/v2\/media?parent=443624"}],"wp:term":[{"taxonomy":"category","embeddable":true,"href":"https:\/\/www.europesays.com\/fr\/wp-json\/wp\/v2\/categories?post=443624"},{"taxonomy":"post_tag","embeddable":true,"href":"https:\/\/www.europesays.com\/fr\/wp-json\/wp\/v2\/tags?post=443624"}],"curies":[{"name":"wp","href":"https:\/\/api.w.org\/{rel}","templated":true}]}}