{"id":443627,"date":"2025-10-06T20:23:19","date_gmt":"2025-10-06T20:23:19","guid":{"rendered":"https:\/\/www.europesays.com\/fr\/443627\/"},"modified":"2025-10-06T20:23:19","modified_gmt":"2025-10-06T20:23:19","slug":"allemagne-voitures-electriques-que-change-la-prolongation-de-lexoneration-fiscale","status":"publish","type":"post","link":"https:\/\/www.europesays.com\/fr\/443627\/","title":{"rendered":"Allemagne-Voitures \u00e9lectriques : que change la prolongation de l\u2019exon\u00e9ration fiscale ?"},"content":{"rendered":"<p>Le gouvernement f\u00e9d\u00e9ral allemand a annonc\u00e9 son intention de prolonger jusqu\u2019en 2035 l\u2019exon\u00e9ration de la taxe automobile pour les <a style=\"color: #ff0000;\" href=\"https:\/\/www.webmanagercenter.com\/?s=v%C3%A9hicules+%C3%A9lectriques\" target=\"_blank\" rel=\"noopener nofollow\">v\u00e9hicules \u00e9lectriques<\/a>. Cette mesure, confirm\u00e9e par le ministre des Finances Lars Klingbeil, vise \u00e0 encourager davantage d\u2019automobilistes \u00e0 adopter l\u2019\u00e9lectrique dans les ann\u00e9es \u00e0 venir.<\/p>\n<p>Un projet de loi attendu<\/p>\n<p>\u00ab Afin de mettre beaucoup plus de voitures \u00e9lectriques sur les routes dans les prochaines ann\u00e9es, nous devons instaurer les bons incitatifs. C\u2019est pourquoi nous continuerons d\u2019exon\u00e9rer les voitures \u00e9lectriques de la taxe automobile \u00bb, a d\u00e9clar\u00e9 Lars Klingbeil \u00e0 l\u2019Agence de presse allemande. Un projet de loi concr\u00e9tisant cette d\u00e9cision sera prochainement pr\u00e9sent\u00e9.<\/p>\n<p>Jusqu\u2019\u00e0 pr\u00e9sent, l\u2019exon\u00e9ration devait prendre fin pour les v\u00e9hicules immatricul\u00e9s \u00e0 partir du 1er janvier 2026. La nouvelle mesure prolongera cette dispense fiscale pour les v\u00e9hicules mis en circulation jusqu\u2019au 31 d\u00e9cembre 2030, avec une dur\u00e9e maximale d\u2019exon\u00e9ration de dix ans. Les propri\u00e9taires concern\u00e9s pourront donc en b\u00e9n\u00e9ficier jusqu\u2019au 31 d\u00e9cembre 2035.<\/p>\n<p>Un impact budg\u00e9taire mesur\u00e9<\/p>\n<p>Selon le minist\u00e8re des Finances, cette adaptation de la loi sur la taxe automobile devrait r\u00e9duire les recettes fiscales de plusieurs centaines de millions d\u2019euros dans les prochaines ann\u00e9es. Toutefois, le gouvernement consid\u00e8re cette perte comme un investissement dans la transition \u00e9nerg\u00e9tique et la comp\u00e9titivit\u00e9 du secteur automobile allemand.<\/p>\n<p>Une mesure soutenue par l\u2019industrie<\/p>\n<p>La d\u00e9cision s\u2019inscrit dans le cadre du \u201cSommet automobile\u201d pr\u00e9vu \u00e0 la Chancellerie, sous la pr\u00e9sidence du chancelier Friedrich Merz. L\u2019\u00e9v\u00e9nement r\u00e9unira des ministres f\u00e9d\u00e9raux, des repr\u00e9sentants des L\u00e4nder, de l\u2019industrie automobile et des syndicats pour examiner un ensemble de mesures en faveur de l\u2019\u00e9lectromobilit\u00e9.<\/p>\n<p>Hildegard M\u00fcller, pr\u00e9sidente de l\u2019Association de l\u2019industrie automobile, a salu\u00e9 cette initiative. Elle a rappel\u00e9 que la prolongation de l\u2019exon\u00e9ration jusqu\u2019en 2035 figurait parmi les engagements de la coalition gouvernementale. Selon elle, cette incitation fiscale est un levier essentiel pour soutenir la demande et \u00e9viter un ralentissement de la transition vers les v\u00e9hicules z\u00e9ro \u00e9mission.<\/p>\n","protected":false},"excerpt":{"rendered":"Le gouvernement f\u00e9d\u00e9ral allemand a annonc\u00e9 son intention de prolonger jusqu\u2019en 2035 l\u2019exon\u00e9ration de la taxe automobile pour&hellip;\n","protected":false},"author":2,"featured_media":443628,"comment_status":"","ping_status":"","sticky":false,"template":"","format":"standard","meta":{"footnotes":""},"categories":[1587],"tags":[11,672,1804,1805,1803,1777,674,56995,1801,12,1802,2549,56996,9983,3889],"class_list":{"0":"post-443627","1":"post","2":"type-post","3":"status-publish","4":"format-standard","5":"has-post-thumbnail","7":"category-allemagne","8":"tag-actualites","9":"tag-allemagne","10":"tag-bundesrepublik-deutschland","11":"tag-de","12":"tag-deutschland","13":"tag-eu","14":"tag-europe","15":"tag-exoneration","16":"tag-germany","17":"tag-news","18":"tag-republique-federale-dallemagne","19":"tag-taxe","20":"tag-taxe-automobile","21":"tag-vehicules-electriques","22":"tag-voitures-electriques"},"share_on_mastodon":{"url":"https:\/\/pubeurope.com\/@fr\/115329093003887140","error":""},"_links":{"self":[{"href":"https:\/\/www.europesays.com\/fr\/wp-json\/wp\/v2\/posts\/443627","targetHints":{"allow":["GET"]}}],"collection":[{"href":"https:\/\/www.europesays.com\/fr\/wp-json\/wp\/v2\/posts"}],"about":[{"href":"https:\/\/www.europesays.com\/fr\/wp-json\/wp\/v2\/types\/post"}],"author":[{"embeddable":true,"href":"https:\/\/www.europesays.com\/fr\/wp-json\/wp\/v2\/users\/2"}],"replies":[{"embeddable":true,"href":"https:\/\/www.europesays.com\/fr\/wp-json\/wp\/v2\/comments?post=443627"}],"version-history":[{"count":0,"href":"https:\/\/www.europesays.com\/fr\/wp-json\/wp\/v2\/posts\/443627\/revisions"}],"wp:featuredmedia":[{"embeddable":true,"href":"https:\/\/www.europesays.com\/fr\/wp-json\/wp\/v2\/media\/443628"}],"wp:attachment":[{"href":"https:\/\/www.europesays.com\/fr\/wp-json\/wp\/v2\/media?parent=443627"}],"wp:term":[{"taxonomy":"category","embeddable":true,"href":"https:\/\/www.europesays.com\/fr\/wp-json\/wp\/v2\/categories?post=443627"},{"taxonomy":"post_tag","embeddable":true,"href":"https:\/\/www.europesays.com\/fr\/wp-json\/wp\/v2\/tags?post=443627"}],"curies":[{"name":"wp","href":"https:\/\/api.w.org\/{rel}","templated":true}]}}