{"id":443639,"date":"2025-10-06T20:34:12","date_gmt":"2025-10-06T20:34:12","guid":{"rendered":"https:\/\/www.europesays.com\/fr\/443639\/"},"modified":"2025-10-06T20:34:12","modified_gmt":"2025-10-06T20:34:12","slug":"motogp-miguel-oliveira-tente-un-scenario-explosif-pour-2026-pilote-titulaire-chez-bmw-et-testeur-chez-aprilia","status":"publish","type":"post","link":"https:\/\/www.europesays.com\/fr\/443639\/","title":{"rendered":"MotoGP, Miguel Oliveira tente un sc\u00e9nario explosif pour 2026 : pilote titulaire chez BMW et testeur chez Aprilia !"},"content":{"rendered":"<p><strong>Miguel Oliveira n\u2019est pas du genre \u00e0 accepter les places<br \/>\nqu\u2019on lui attribue par d\u00e9faut. Mis sur la touche par Pramac Yamaha<br \/>\npour laisser la place \u00e0 Toprak Razgatlioglu \u2014 un coup dur qui<br \/>\naurait pu mettre fin \u00e0 ses ambitions en MotoGP \u2014, le Portugais<br \/>\nvient de r\u00e9\u00e9crire son avenir avec un culot que peu auraient<br \/>\nos\u00e9.<\/strong><\/p>\n<p>\u00c0 partir de 2026, il deviendra <strong>pilote officiel BMW en<br \/>\nSuperbike<\/strong>, mais il voudrait aussi endosser un r\u00f4le in\u00e9dit<br \/>\n: <strong>pilote d\u2019essai pour Aprilia en MotoGP<\/strong>. Oui, vous<br \/>\navez bien lu : un seul pilote, deux constructeurs, deux<br \/>\nchampionnats majeurs. Une d\u00e9cision sans pr\u00e9c\u00e9dent qui en dit long<br \/>\nsur la mutation du paddock.<\/p>\n<p>Lors du r\u00e9cent <strong>GP d\u2019Indon\u00e9sie<\/strong>, o\u00f9 il a sign\u00e9<br \/>\nune solide 11\u00e8 place en bagarre avec les <strong>VR46<\/strong> de<br \/>\n<strong>Franco Morbidelli<\/strong> et <strong>Fabio Di<br \/>\nGiannantonio<\/strong>, Oliveira a r\u00e9v\u00e9l\u00e9 sur cette<br \/>\nperspective\u00a0: \u00ab <strong>c\u2019est une option pour<br \/>\nmoi<\/strong>. Ma priorit\u00e9 est clairement de courir en<br \/>\nSuperbike, <strong>mais nous devons \u00e9valuer comment \u00e9quilibrer les<br \/>\ndeux engagements en termes de calendrier<\/strong>. \u00bb<\/p>\n<p>Le message est clair : il refuse de dispara\u00eetre de la sc\u00e8ne<br \/>\nMotoGP. Et son plan est habile. Avec un plateau MotoGP qui peine \u00e0<br \/>\nse renouveler et un WorldSBK en qu\u00eate de stars m\u00e9diatiques,<br \/>\n<strong>Oliveira<\/strong> se positionne comme le cha\u00eenon manquant<br \/>\nentre deux mondes.<\/p>\n<p><strong>Massimo Rivola<\/strong>, patron d\u2019<strong>Aprilia<br \/>\nRacing<\/strong>, n\u2019a pas tard\u00e9 \u00e0 valider publiquement l\u2019id\u00e9e :<\/p>\n<p>\u00ab Cette ann\u00e9e, Savadori a assum\u00e9 un double r\u00f4le, rempla\u00e7ant<br \/>\nMartin tout en s\u2019occupant des essais \u2014 une t\u00e2che exigeante.<br \/>\n<strong>S\u2019il y a une chance de travailler avec Miguel, nous la<br \/>\nsaisirions d\u00e9finitivement<\/strong>. \u00bb<\/p>\n<p>Le message est limpide : <strong>Aprilia<\/strong> veut un vrai<br \/>\npilote de d\u00e9veloppement, pas un simple bouche-trou.<br \/>\n<strong>Oliveira<\/strong> n\u2019est pas l\u00e0 pour rouler trois journ\u00e9es<br \/>\npar an ; il veut un vrai poids technique dans les choix futurs de<br \/>\nla RS-GP.<\/p>\n<p><img loading=\"lazy\" decoding=\"async\" class=\"aligncenter wp-image-1336850\" src=\"https:\/\/www.europesays.com\/fr\/wp-content\/uploads\/2025\/10\/Oliveira-1.jpg\" alt=\"Miguel Oliveira \" width=\"962\" height=\"516\"  \/><\/p>\n<p><strong>Miguel Oliveira\u00a0: de<br \/>\npilote \u00e9vinc\u00e9 \u00e0 strat\u00e8ge visionnaire\u00a0?<\/strong><\/p>\n<p>La d\u00e9cision d\u2019<strong>Oliveira<\/strong> de rejoindre<br \/>\n<strong>BMW<\/strong> en WorldSBK n\u2019est pas anodine. Le constructeur<br \/>\nallemand, qui stagne depuis plusieurs saisons, veut un visage fort<br \/>\npour cr\u00e9dibiliser son projet. Et l\u2019arriv\u00e9e d\u2019un pilote MotoGP<br \/>\nexp\u00e9riment\u00e9 peut \u00eatre un tremplin.<\/p>\n<p>Lui-m\u00eame le reconna\u00eet : \u00ab ce n\u2019est pas \u00e0 moi de le dire,<br \/>\nmais les intentions de BMW en motorsport semblent claires. Entrer<br \/>\nen MotoGP n\u00e9cessite un engagement colossal, et je ne suis pas s\u00fbr<br \/>\nqu\u2019ils aillent jusque-l\u00e0 avec leur d\u00e9partement marketing.<br \/>\n\u00bb<\/p>\n<p>Reste que <strong>BMW<\/strong> regarde le <a href=\"https:\/\/www.motogp.com\/en\" rel=\"nofollow noopener\" target=\"_blank\">MotoGP<\/a>, m\u00eame si rien n\u2019est<br \/>\nofficiel. <strong>Oliveira<\/strong> pourrait \u00eatre leur premi\u00e8re<br \/>\npierre, leur espion parfait dans le paddock rouge et noir.<\/p>\n<p><strong>Oliveira<\/strong> veut rebondir avec un plan de carri\u00e8re<br \/>\nambitieux. <strong>BMW<\/strong> et <strong>Aprilia<\/strong> se<br \/>\npartageraient un pilote rapide, technique et respect\u00e9.<\/p>\n<p>Pour le WorldSBK, <strong>Oliveira<\/strong> apporte une<br \/>\ncr\u00e9dibilit\u00e9 \u00e9norme \u00e0 <strong>BMW<\/strong> et pourrait attirer de<br \/>\nnouveaux sponsors, voire pousser d\u2019autres pilotes MotoGP \u00e0 franchir<br \/>\nle pas. Pour le MotoGP, Aprilia se donne un avantage technique avec<br \/>\nun pilote encore en pleine vitesse et capable d\u2019apporter des<br \/>\nretours pertinents.<\/p>\n<p>Le paddock bruisse d\u00e9j\u00e0 : et si cette double aventure<br \/>\nd\u2019<strong>Oliveira<\/strong> n\u2019\u00e9tait que le d\u00e9but d\u2019une nouvelle \u00e8re<br \/>\no\u00f9 les pilotes de haut niveau refuseraient de se laisser enfermer<br \/>\npar les constructeurs ?<\/p>\n<p><strong>Miguel Oliveira<\/strong> prouve qu\u2019un pilote peut<br \/>\ntransformer un licenciement en opportunit\u00e9 strat\u00e9gique. Il offre un<br \/>\ncoup de projecteur \u00e0 <strong>BMW<\/strong> et pourrait transformer<br \/>\n<strong>Aprilia<\/strong> en laboratoire de haut niveau. Un d\u00e9roul\u00e9<br \/>\nbrillant et subversif, qui red\u00e9finit ce que peut \u00eatre une carri\u00e8re<br \/>\nde pilote moderne.<\/p>\n<p>Et si, ironiquement, l\u2019homme que <a href=\"https:\/\/www.paddock-gp.com\/motogp-miguel-oliveira-repond-a-canepa-jai-choisi-bmw-car-yamaha-na-pas-le-potentiel-et-il-laisse-la-porte-aprilia-entrouverte\/\" rel=\"nofollow noopener\" target=\"_blank\"><br \/>\n<strong>Yamaha<\/strong><\/a> a \u00e9cart\u00e9 devenait la pi\u00e8ce cl\u00e9 pour<br \/>\nfaire progresser <a href=\"https:\/\/www.paddock-gp.com\/motogp-indonesie-j3-aprilia-fait-profil-bas-apres-avoir-mis-marc-marquez-au-tapis-marc-acceptez-nos-excuses\/\" rel=\"nofollow noopener\" target=\"_blank\"><br \/>\n<strong>Aprilia<\/strong><\/a>\u2026 et peut-\u00eatre faire les beaux jours de<br \/>\n<a href=\"https:\/\/www.paddock-gp.com\/street-bmw-enterre-lelectrique-et-mise-tout-sur-le-thermique-markus-flasch-veut-recentrer-la-marque-sur-le-vrai-plaisir-de-conduite\/\" rel=\"nofollow noopener\" target=\"_blank\"><br \/>\n<strong>BMW<\/strong><\/a> en WSBK ?<\/p>\n<p><img loading=\"lazy\" decoding=\"async\" class=\"aligncenter wp-image-1336853\" src=\"https:\/\/www.europesays.com\/fr\/wp-content\/uploads\/2025\/10\/Oliveira-Miguel.jpg\" alt=\"Miguel Oliveira \" width=\"834\" height=\"712\"  \/><\/p>\n","protected":false},"excerpt":{"rendered":"Miguel Oliveira n\u2019est pas du genre \u00e0 accepter les places qu\u2019on lui attribue par d\u00e9faut. Mis sur la&hellip;\n","protected":false},"author":2,"featured_media":443640,"comment_status":"","ping_status":"","sticky":false,"template":"","format":"standard","meta":{"footnotes":""},"categories":[1413],"tags":[1011,27,1457,1456,60],"class_list":{"0":"post-443639","1":"post","2":"type-post","3":"status-publish","4":"format-standard","5":"has-post-thumbnail","7":"category-moto","8":"tag-fr","9":"tag-france","10":"tag-moto","11":"tag-motocycle","12":"tag-sports"},"share_on_mastodon":{"url":"https:\/\/pubeurope.com\/@fr\/115329137868707535","error":""},"_links":{"self":[{"href":"https:\/\/www.europesays.com\/fr\/wp-json\/wp\/v2\/posts\/443639","targetHints":{"allow":["GET"]}}],"collection":[{"href":"https:\/\/www.europesays.com\/fr\/wp-json\/wp\/v2\/posts"}],"about":[{"href":"https:\/\/www.europesays.com\/fr\/wp-json\/wp\/v2\/types\/post"}],"author":[{"embeddable":true,"href":"https:\/\/www.europesays.com\/fr\/wp-json\/wp\/v2\/users\/2"}],"replies":[{"embeddable":true,"href":"https:\/\/www.europesays.com\/fr\/wp-json\/wp\/v2\/comments?post=443639"}],"version-history":[{"count":0,"href":"https:\/\/www.europesays.com\/fr\/wp-json\/wp\/v2\/posts\/443639\/revisions"}],"wp:featuredmedia":[{"embeddable":true,"href":"https:\/\/www.europesays.com\/fr\/wp-json\/wp\/v2\/media\/443640"}],"wp:attachment":[{"href":"https:\/\/www.europesays.com\/fr\/wp-json\/wp\/v2\/media?parent=443639"}],"wp:term":[{"taxonomy":"category","embeddable":true,"href":"https:\/\/www.europesays.com\/fr\/wp-json\/wp\/v2\/categories?post=443639"},{"taxonomy":"post_tag","embeddable":true,"href":"https:\/\/www.europesays.com\/fr\/wp-json\/wp\/v2\/tags?post=443639"}],"curies":[{"name":"wp","href":"https:\/\/api.w.org\/{rel}","templated":true}]}}