{"id":443641,"date":"2025-10-06T20:35:16","date_gmt":"2025-10-06T20:35:16","guid":{"rendered":"https:\/\/www.europesays.com\/fr\/443641\/"},"modified":"2025-10-06T20:35:16","modified_gmt":"2025-10-06T20:35:16","slug":"ikea-hognoul-en-greve-le-magasin-ferme-le-mouvement-setend","status":"publish","type":"post","link":"https:\/\/www.europesays.com\/fr\/443641\/","title":{"rendered":"IKEA Hognoul en gr\u00e8ve, le magasin ferm\u00e9, le mouvement s\u2019\u00e9tend"},"content":{"rendered":"<p>Le mouvement de mauvaise humeur fait tache d\u2019huile chez IKEA. Ce lundi apr\u00e8s-midi, les syndicats ont bloqu\u00e9 le magasin de Li\u00e8ge. Ils se plaignent de la surcharge de travail. Ils r\u00e9clament des engagements. Les magasins de Zaventem, de Wilrijk et d\u2019Anderlecht suivent le mouvement. D\u2019abord avec une gr\u00e8ve qui laisse les magasins ouverts.<\/p>\n<p><strong>Une direction \u00ab\u00a0pas \u00e0 l\u2019\u00e9coute\u00a0\u00bb<\/strong><\/p>\n<p>\u00ab\u00a0Nous sommes tomb\u00e9s sur une direction qui ne veut plus nous entendre\u00a0\u00bb maugr\u00e9e Fabian Foriers, le d\u00e9l\u00e9gu\u00e9 CSC du magasin de Li\u00e8ge. \u00ab\u00a0Nous avons d\u00e9cid\u00e9 de forcer un peu le ton et donc de bloquer l\u2019entr\u00e9e aux clients pour le magasin. Ce qui impactera, je pense, un peu plus la direction qui pourra nous \u00e9couter et prendre une d\u00e9cision finalement \u00e0 accepter nos dol\u00e9ances.<\/p>\n<p>On estimait logique de pouvoir r\u00e9cup\u00e9rer une petite quinzaine, voire vingtaine de CDI pour rem\u00e9dier aux probl\u00e8mes que nous rencontrons au niveau de la surcharge de travail. Et malheureusement, \u00e7a n\u2019a pas \u00e9t\u00e9 fait\u00a0\u00bb.\u00a0<\/p>\n<p><strong>Une d\u00e9claration, mais pas de CDI en plus<\/strong><\/p>\n<p>La directrice des ventes du magasin d\u2019Hognoul n\u2019a pas accept\u00e9 de r\u00e9pondre \u00e0 nos questions, elle s\u2019est limit\u00e9e \u00e0 r\u00e9citer une d\u00e9claration\u00a0: \u00ab\u00a0Au cours de la semaine \u00e9coul\u00e9e, de nombreuses discussions ont \u00e9t\u00e9 men\u00e9es, en vue d\u2019\u00e9couter chacun des collaborateurs et trouver des mesures concr\u00e8tes et imm\u00e9diates. Notamment, le renforcement des \u00e9quipes et l\u2019am\u00e9lioration de l\u2019organisation interne du magasin de Li\u00e8ge. Ces propositions d\u2019am\u00e9lioration ont \u00e9t\u00e9 rejet\u00e9es par les partenaires sociaux ce week-end\u00a0\u00bb.<\/p>\n<p>Les syndicats r\u00e9clament des engagements de nouveaux coll\u00e8gues en CDI, ce que la direction expliquent-ils, ne propose pas.<\/p>\n","protected":false},"excerpt":{"rendered":"Le mouvement de mauvaise humeur fait tache d\u2019huile chez IKEA. Ce lundi apr\u00e8s-midi, les syndicats ont bloqu\u00e9 le&hellip;\n","protected":false},"author":2,"featured_media":443642,"comment_status":"","ping_status":"","sticky":false,"template":"","format":"standard","meta":{"footnotes":""},"categories":[1412],"tags":[1451,1452,1453,1454,1455,1011,27,60],"class_list":{"0":"post-443641","1":"post","2":"type-post","3":"status-publish","4":"format-standard","5":"has-post-thumbnail","7":"category-f1","8":"tag-f1","9":"tag-formula-1","10":"tag-formula1","11":"tag-formule-1","12":"tag-formule1","13":"tag-fr","14":"tag-france","15":"tag-sports"},"share_on_mastodon":{"url":"https:\/\/pubeurope.com\/@fr\/115329140310150527","error":""},"_links":{"self":[{"href":"https:\/\/www.europesays.com\/fr\/wp-json\/wp\/v2\/posts\/443641","targetHints":{"allow":["GET"]}}],"collection":[{"href":"https:\/\/www.europesays.com\/fr\/wp-json\/wp\/v2\/posts"}],"about":[{"href":"https:\/\/www.europesays.com\/fr\/wp-json\/wp\/v2\/types\/post"}],"author":[{"embeddable":true,"href":"https:\/\/www.europesays.com\/fr\/wp-json\/wp\/v2\/users\/2"}],"replies":[{"embeddable":true,"href":"https:\/\/www.europesays.com\/fr\/wp-json\/wp\/v2\/comments?post=443641"}],"version-history":[{"count":0,"href":"https:\/\/www.europesays.com\/fr\/wp-json\/wp\/v2\/posts\/443641\/revisions"}],"wp:featuredmedia":[{"embeddable":true,"href":"https:\/\/www.europesays.com\/fr\/wp-json\/wp\/v2\/media\/443642"}],"wp:attachment":[{"href":"https:\/\/www.europesays.com\/fr\/wp-json\/wp\/v2\/media?parent=443641"}],"wp:term":[{"taxonomy":"category","embeddable":true,"href":"https:\/\/www.europesays.com\/fr\/wp-json\/wp\/v2\/categories?post=443641"},{"taxonomy":"post_tag","embeddable":true,"href":"https:\/\/www.europesays.com\/fr\/wp-json\/wp\/v2\/tags?post=443641"}],"curies":[{"name":"wp","href":"https:\/\/api.w.org\/{rel}","templated":true}]}}