{"id":443643,"date":"2025-10-06T20:37:21","date_gmt":"2025-10-06T20:37:21","guid":{"rendered":"https:\/\/www.europesays.com\/fr\/443643\/"},"modified":"2025-10-06T20:37:21","modified_gmt":"2025-10-06T20:37:21","slug":"fabio-cannavaro-bientot-sur-un-banc-de-touche","status":"publish","type":"post","link":"https:\/\/www.europesays.com\/fr\/443643\/","title":{"rendered":"Fabio Cannavaro bient\u00f4t sur un banc de touche ?"},"content":{"rendered":"<p><strong>Sans club depuis son d\u00e9part du Dinamo Zagreb en avril dernier, l\u2019ancien ballon d\u2019Or Fabio Cannavaro pourrait vite retrouver un banc de touche.<\/strong><\/p>\n<p>En effet, si l\u2019on en croit le journaliste italien <strong>Fabrizio Romano<\/strong>, ce dernier pourrait \u00e0 nouveau devenir s\u00e9lectionneur.<\/p>\n<p>Si il a d\u00e9j\u00e0 occup\u00e9 cette fonction lors de deux rencontres avec la Chine en 2019, il pourrait cette fois-ci r\u00e9\u00e9diter l\u2019exp\u00e9rience avec <strong>l\u2019Ouzb\u00e9kistan<\/strong>.<\/p>\n<p>L\u2019int\u00e9ress\u00e9 a d\u2019ailleurs d\u00e9j\u00e0 \u00e9t\u00e9 contact\u00e9 par la f\u00e9d\u00e9ration ouzb\u00e8ke et des discussions seraient en cours.<\/p>\n<blockquote class=\"twitter-tweet\" data-width=\"500\" data-dnt=\"true\">\n<p lang=\"en\" dir=\"ltr\">\ud83d\udea8\ud83c\uddfa\ud83c\uddff Understand Uzbekistan Federation made official contact with Fabio Cannavaro as new head coach.<\/p>\n<p>Discussions ongoing with the Italian manager and former Ballon d\u2019Or. <a href=\"https:\/\/t.co\/Cff9Dk6MEV\" rel=\"nofollow\">pic.twitter.com\/Cff9Dk6MEV<\/a><\/p>\n<p>\u2014 Fabrizio Romano (@FabrizioRomano) <a href=\"https:\/\/twitter.com\/FabrizioRomano\/status\/1973014992254623874?ref_src=twsrc%5Etfw\" rel=\"nofollow noopener\" target=\"_blank\">September 30, 2025<\/a><\/p><\/blockquote>\n<p>Reste \u00e0 savoir si Cannavaro est int\u00e9ress\u00e9 par ce challenge d\u00e9sormais.<\/p>\n<p>A noter que l\u2019Ouzb\u00e9kistan disputera pour la premi\u00e8re fois une Coupe du Monde en 2026. <\/p>\n<p>La carri\u00e8re de l\u2019ancien international transalpin en tant qu\u2019entraineur est pour le moment d\u00e9cevante, lui qui a entrain\u00e9 surtout en Chine, \u00e0 Evergrande notamment, mais aussi \u00e0 Al-Nassr ou encore <a href=\"https:\/\/www.les-transferts.com\/club\/udinese\/\" rel=\"nofollow noopener\" target=\"_blank\">l\u2019Udinese<\/a>.<\/p>\n<p>        Cannavaro doit-il accepter ce d\u00e9fi ?    <\/p>\n<p>Passionn\u00e9 de football et de l\u2019Olympique de Marseille, je partage ma passion \u00e0 travers mes br\u00e8ves pour renseigner tous les supporters sur l\u2019actualit\u00e9 transfert de leurs clubs pr\u00e9f\u00e9r\u00e9s.<\/p>\n<p><script async src=\"https:\/\/platform.twitter.com\/widgets.js\" charset=\"utf-8\"><\/script><\/p>\n","protected":false},"excerpt":{"rendered":"Sans club depuis son d\u00e9part du Dinamo Zagreb en avril dernier, l\u2019ancien ballon d\u2019Or Fabio Cannavaro pourrait vite&hellip;\n","protected":false},"author":2,"featured_media":443644,"comment_status":"","ping_status":"","sticky":false,"template":"","format":"standard","meta":{"footnotes":""},"categories":[1410],"tags":[63,1011,27,60],"class_list":{"0":"post-443643","1":"post","2":"type-post","3":"status-publish","4":"format-standard","5":"has-post-thumbnail","7":"category-football","8":"tag-football","9":"tag-fr","10":"tag-france","11":"tag-sports"},"share_on_mastodon":{"url":"https:\/\/pubeurope.com\/@fr\/115329148492464488","error":""},"_links":{"self":[{"href":"https:\/\/www.europesays.com\/fr\/wp-json\/wp\/v2\/posts\/443643","targetHints":{"allow":["GET"]}}],"collection":[{"href":"https:\/\/www.europesays.com\/fr\/wp-json\/wp\/v2\/posts"}],"about":[{"href":"https:\/\/www.europesays.com\/fr\/wp-json\/wp\/v2\/types\/post"}],"author":[{"embeddable":true,"href":"https:\/\/www.europesays.com\/fr\/wp-json\/wp\/v2\/users\/2"}],"replies":[{"embeddable":true,"href":"https:\/\/www.europesays.com\/fr\/wp-json\/wp\/v2\/comments?post=443643"}],"version-history":[{"count":0,"href":"https:\/\/www.europesays.com\/fr\/wp-json\/wp\/v2\/posts\/443643\/revisions"}],"wp:featuredmedia":[{"embeddable":true,"href":"https:\/\/www.europesays.com\/fr\/wp-json\/wp\/v2\/media\/443644"}],"wp:attachment":[{"href":"https:\/\/www.europesays.com\/fr\/wp-json\/wp\/v2\/media?parent=443643"}],"wp:term":[{"taxonomy":"category","embeddable":true,"href":"https:\/\/www.europesays.com\/fr\/wp-json\/wp\/v2\/categories?post=443643"},{"taxonomy":"post_tag","embeddable":true,"href":"https:\/\/www.europesays.com\/fr\/wp-json\/wp\/v2\/tags?post=443643"}],"curies":[{"name":"wp","href":"https:\/\/api.w.org\/{rel}","templated":true}]}}