{"id":443647,"date":"2025-10-06T20:40:10","date_gmt":"2025-10-06T20:40:10","guid":{"rendered":"https:\/\/www.europesays.com\/fr\/443647\/"},"modified":"2025-10-06T20:40:10","modified_gmt":"2025-10-06T20:40:10","slug":"le-16e-salon-du-livre-pyreneen-au-sommet-des-passions-litteraires","status":"publish","type":"post","link":"https:\/\/www.europesays.com\/fr\/443647\/","title":{"rendered":"Le 16e salon du livre pyr\u00e9n\u00e9en, au sommet des passions litt\u00e9raires"},"content":{"rendered":"<p data-end=\"648\" data-start=\"242\">Le week-end dernier, le salon du livre pyr\u00e9n\u00e9en a rencontr\u00e9 un franc succ\u00e8s au Carr\u00e9 Py, transform\u00e9 pour l\u2019occasion en v\u00e9ritable ruche litt\u00e9raire. Durant deux journ\u00e9es enti\u00e8res, auteurs, photographes et illustrateurs ont c\u00e9l\u00e9br\u00e9 la montagne sous toutes ses formes. Livres, bandes dessin\u00e9es, images et r\u00e9cits d\u2019aventure ont permis de partager un m\u00eame attachement aux Pyr\u00e9n\u00e9es et \u00e0 ceux qu\u2019elles inspirent.<\/p>\n<p data-end=\"1218\" data-start=\"650\">Cette 16e \u00e9dition, particuli\u00e8rement riche en rencontres, a s\u00e9duit un public nombreux gr\u00e2ce \u00e0 un programme m\u00ealant conf\u00e9rences, d\u00e9dicaces et ateliers. L\u2019association Binaros, organisatrice de l\u2019\u00e9v\u00e9nement, peut se f\u00e9liciter d\u2019une organisation parfaitement ma\u00eetris\u00e9e. Les visiteurs, eux, n\u2019ont pas boud\u00e9 leur plaisir. Robert et Sandra, amateurs de polars montagnards, en t\u00e9moignent\u00a0: \u00ab\u00a0On trouve qu\u2019il y en a de plus en plus. Les auteurs sont imaginatifs et c\u2019est toujours plaisant de reconna\u00eetre des lieux, des expressions du coin et d\u2019avoir des intrigues bien ficel\u00e9es.\u00a0\u00bb<\/p>\n<p data-end=\"1504\" data-start=\"1220\">Dans une effervescence constante, les participants ont d\u00e9ambul\u00e9 entre les stands, \u00e9changeant avec les \u00e9crivains venus pr\u00e9senter leurs derni\u00e8res parutions. Le th\u00e8me des \u00ab\u00a0migrations\u00a0\u00bb a inspir\u00e9 de nombreux d\u00e9bats et r\u00e9flexions, donnant une r\u00e9sonance contemporaine aux r\u00e9cits pyr\u00e9n\u00e9ens.<\/p>\n<p data-end=\"1804\" data-start=\"1506\">Parmi les ateliers propos\u00e9s, celui du tressage anim\u00e9 par Sandy Mossion a rencontr\u00e9 un beau succ\u00e8s. Passionn\u00e9e de nature, elle a initi\u00e9 petits et grands \u00e0 l\u2019art de la vannerie, tout en d\u00e9voilant la richesse des v\u00e9g\u00e9taux locaux et les gestes pr\u00e9cis permettant de cr\u00e9er paniers et objets d\u00e9coratifs.<\/p>\n<p data-end=\"2120\" data-start=\"1806\">Entre d\u00e9couvertes, partages et \u00e9motions, cette \u00e9dition 2025 du salon du livre pyr\u00e9n\u00e9en s\u2019impose comme un excellent cru. Le bilan sera dress\u00e9 prochainement, mais le nombre de visiteurs et l\u2019enthousiasme g\u00e9n\u00e9ral confortent d\u00e9j\u00e0 l\u2019impression d\u2019un rendez-vous litt\u00e9raire d\u00e9sormais incontournable au pied des montagnes.<\/p>\n","protected":false},"excerpt":{"rendered":"Le week-end dernier, le salon du livre pyr\u00e9n\u00e9en a rencontr\u00e9 un franc succ\u00e8s au Carr\u00e9 Py, transform\u00e9 pour&hellip;\n","protected":false},"author":2,"featured_media":443648,"comment_status":"","ping_status":"","sticky":false,"template":"","format":"standard","meta":{"footnotes":""},"categories":[1357],"tags":[1379,58,59,1011,27,1380],"class_list":{"0":"post-443647","1":"post","2":"type-post","3":"status-publish","4":"format-standard","5":"has-post-thumbnail","7":"category-livres","8":"tag-books","9":"tag-divertissement","10":"tag-entertainment","11":"tag-fr","12":"tag-france","13":"tag-livres"},"share_on_mastodon":{"url":"https:\/\/pubeurope.com\/@fr\/115329160069162517","error":""},"_links":{"self":[{"href":"https:\/\/www.europesays.com\/fr\/wp-json\/wp\/v2\/posts\/443647","targetHints":{"allow":["GET"]}}],"collection":[{"href":"https:\/\/www.europesays.com\/fr\/wp-json\/wp\/v2\/posts"}],"about":[{"href":"https:\/\/www.europesays.com\/fr\/wp-json\/wp\/v2\/types\/post"}],"author":[{"embeddable":true,"href":"https:\/\/www.europesays.com\/fr\/wp-json\/wp\/v2\/users\/2"}],"replies":[{"embeddable":true,"href":"https:\/\/www.europesays.com\/fr\/wp-json\/wp\/v2\/comments?post=443647"}],"version-history":[{"count":0,"href":"https:\/\/www.europesays.com\/fr\/wp-json\/wp\/v2\/posts\/443647\/revisions"}],"wp:featuredmedia":[{"embeddable":true,"href":"https:\/\/www.europesays.com\/fr\/wp-json\/wp\/v2\/media\/443648"}],"wp:attachment":[{"href":"https:\/\/www.europesays.com\/fr\/wp-json\/wp\/v2\/media?parent=443647"}],"wp:term":[{"taxonomy":"category","embeddable":true,"href":"https:\/\/www.europesays.com\/fr\/wp-json\/wp\/v2\/categories?post=443647"},{"taxonomy":"post_tag","embeddable":true,"href":"https:\/\/www.europesays.com\/fr\/wp-json\/wp\/v2\/tags?post=443647"}],"curies":[{"name":"wp","href":"https:\/\/api.w.org\/{rel}","templated":true}]}}