{"id":443649,"date":"2025-10-06T20:41:19","date_gmt":"2025-10-06T20:41:19","guid":{"rendered":"https:\/\/www.europesays.com\/fr\/443649\/"},"modified":"2025-10-06T20:41:19","modified_gmt":"2025-10-06T20:41:19","slug":"cyril-hanouna-en-couple-avec-tiphaine-auziere-un-ancien-de-tpmp-balance-tout-le-bonjour-a-ton-beau-pere","status":"publish","type":"post","link":"https:\/\/www.europesays.com\/fr\/443649\/","title":{"rendered":"Cyril Hanouna en couple avec Tiphaine Auzi\u00e8re ? Un ancien de TPMP balance tout, \u00ab\u00a0Le bonjour \u00e0 ton beau-p\u00e8re\u00a0\u00bb"},"content":{"rendered":"<p>Ce lundi 29 septembre dans la quotidienne de Tout beau, tout<br \/>\nneuf, <a href=\"https:\/\/www.melty.fr\/people\/nicolas-sarkozy-avec-un-codetenu-en-prison-une-surveillante-balance-sur-son-futur-quotidien-2265718.html\" target=\"_blank\" rel=\"noopener\"><br \/>\nla condamnation de Nicolas Sarkozy a \u00e9t\u00e9 \u00e9voqu\u00e9e et comment\u00e9e<\/a><br \/>\npar Cyril Hanouna et son \u00e9quipe. Matthieu Delormeau a alors demand\u00e9<br \/>\n\u00e0 l\u00a0\u00bbanimateur si Emmanuel Macron avait l&rsquo;intention de gracier<br \/>\nl&rsquo;ancien pr\u00e9sident de la R\u00e9publique.<\/p>\n<p>Cyril Hanouna explique pour Emmanuel Macron ne va pas gracier<br \/>\nNicolas Sarkozy<\/p>\n<p>\u00ab\u00a0Nicolas Sarkozy ne veut pas de \u00e7a. Je vais vous dire,<br \/>\n<strong>Emmanuel Macron a une r\u00e8gle d&rsquo;or : il ne se m\u00eale jamais des<br \/>\naffaires judiciaires, il ne touche jamais \u00e0 \u00e7a.<\/strong> \u00c7a peut<br \/>\nm\u00eame \u00eatre un membre de sa famille, il ne s&rsquo;en m\u00ealera pas de cette<br \/>\naffaire. L&rsquo;autorit\u00e9 est ind\u00e9pendante et Emmanuel Macron ne d\u00e9rogera<br \/>\njamais \u00e0 la r\u00e8gle jusqu&rsquo;\u00e0 la fin de son mandat\u00a0\u00bb, a d\u00e9clar\u00e9<br \/>\nCyril Hanouna avant d&rsquo;insister : <strong>\u00ab\u00a0\u00c7a peut m\u00eame \u00eatre<br \/>\nquelqu&rsquo;un de sa famille comme je l&rsquo;ai dit, il ne bougera pas le<br \/>\npetit doigt. Il ne bougera pas pour Nicolas Sarkozy et d&rsquo;ailleurs<br \/>\nNicolas Sarkozy ne le veut pas.\u00a0\u00bb<\/strong><\/p>\n<p>Fabrice Di Vizio balance sur la vie amoureuse de<br \/>\nl&rsquo;animateur<\/p>\n<p>Une s\u00e9quence qui a fait pas mal de bruit du c\u00f4t\u00e9 des r\u00e9seaux<br \/>\nsociaux et qui a notamment fait r\u00e9agir Fabrice Di Vizio. Sur X,<br \/>\nanciennement Twitter, l&rsquo;avocat de profession et ancien intervenant<br \/>\nde Touche Pas \u00e0 Mon Poste a clairement fait savoir que Cyril<br \/>\nHanouna \u00e9tait bien en couple avec Tiphaine Auzi\u00e8re.<\/p>\n<p>\u00ab\u00a0<strong>Alors mon ch\u00e9ri<br \/>\nador\u00e9 Cyril Hanouna, pourrais tu demander \u00e0 ton beau p\u00e8re (<br \/>\nle pr\u00e9sident hein ) de te montrer la lettre envoy\u00e9e au PNF dans<br \/>\nl\u2019affaire Kohler en 2019 ?<\/strong> Tu peux lui demander dimanche<br \/>\nquand tu iras d\u00e9jeuner en famille et tu en reparles \u00e0 l\u2019antenne<br \/>\nlundi Chiche ?\u00a0\u00bb, a-t-il \u00e9crit sur le r\u00e9seau social.<\/p>\n<blockquote class=\"twitter-tweet\"><p><a class=\"twitter-link\" rel=\"noindex, nofollow noopener\" href=\"https:\/\/twitter.com\/DIVIZIO1\/status\/1972798157584257131\" target=\"_blank\"><\/p><\/blockquote>\n<p>\u00ab\u00a0Bah il est en couple avec la fille<br \/>\nde Brigitte\u00a0\u00bb<\/p>\n<p>L&rsquo;intervention de Fabrice Di Vizio a \u00e9t\u00e9 tr\u00e8s comment\u00e9e par les<br \/>\ninternautes. L&rsquo;un d&rsquo;eux a demand\u00e9 \u00e0 l&rsquo;avocat : \u00ab\u00a0Comment \u00e7a<br \/>\nbeau-p\u00e8re ?\u00a0\u00bb Ce \u00e0 quoi, il a r\u00e9pondu cash : <strong>\u00ab\u00a0Bah<br \/>\nil est en couple avec la fille de Brigitte.\u00a0\u00bb<\/strong> Pour les<br \/>\ninternautes, Fabrice Di Vizio essaie de titiller Cyril Hanouna pour<br \/>\nsimplement \u00eatre invit\u00e9 dans Tout beau, tout neuf. Mais ce dernier a<br \/>\nremis directement les choses au clair en \u00e9crivant : \u00ab\u00a0Ah je<br \/>\ncrois qu\u2019on ne s\u2019est pas compris : je ne remets pas les pieds dans<br \/>\nune \u00e9mission ou Schiappa est chroniqueuse.\u00a0\u00bb<\/p>\n<p>Quelque temps avant la fermeture de C8, Paris Match a<br \/>\nsorti une photo de Cyril Hanouna et Tiphaine Auzi\u00e8re au restaurant<br \/>\nen affirmant qu&rsquo;ils \u00e9taient en couple. Une information que le<br \/>\nprincipal int\u00e9ress\u00e9 n&rsquo;a pas d\u00e9menti, ni m\u00eame confirm\u00e9. En revanche<br \/>\nde son c\u00f4t\u00e9, Kelly Vedovelli a comment\u00e9 : \u00ab\u00a0Quand le chat n&rsquo;est<br \/>\npas l\u00e0, les souris dansent\u00a0\u00bb. Quelques semaines plus tard,<br \/>\nl&rsquo;annonce de la rupture entre l&rsquo;animateur et sa chroniqueuse a \u00e9t\u00e9<br \/>\nd\u00e9voil\u00e9e sur les r\u00e9seaux sociaux. Lors de sa rentr\u00e9e sur W9, les<br \/>\nt\u00e9l\u00e9spectateurs n&rsquo;ont d&rsquo;ailleurs pas manqu\u00e9 de remarquer que<br \/>\n<a href=\"https:\/\/www.melty.fr\/people\/tbt9-en-plein-direct-cyril-hanouna-confirme-sa-rupture-avec-kelly-vedovelli-avec-ce-geste-fort-2259680.html\" target=\"_blank\" rel=\"noopener\"><br \/>\nCyril Hanouna avait supprim\u00e9 son tatouage sur le bras signifiant la<br \/>\nlettre K.<\/a><\/p>\n<p><script async src=\"https:\/\/platform.twitter.com\/widgets.js\" charset=\"utf-8\"><\/script><\/p>\n","protected":false},"excerpt":{"rendered":"Ce lundi 29 septembre dans la quotidienne de Tout beau, tout neuf, la condamnation de Nicolas Sarkozy a&hellip;\n","protected":false},"author":2,"featured_media":443650,"comment_status":"","ping_status":"","sticky":false,"template":"","format":"standard","meta":{"footnotes":""},"categories":[1356],"tags":[1083,58,59,1011,27,252,1364],"class_list":{"0":"post-443649","1":"post","2":"type-post","3":"status-publish","4":"format-standard","5":"has-post-thumbnail","7":"category-television","8":"tag-cyril-hanouna","9":"tag-divertissement","10":"tag-entertainment","11":"tag-fr","12":"tag-france","13":"tag-television","14":"tag-tv"},"share_on_mastodon":{"url":"https:\/\/pubeurope.com\/@fr\/115329163828124208","error":""},"_links":{"self":[{"href":"https:\/\/www.europesays.com\/fr\/wp-json\/wp\/v2\/posts\/443649","targetHints":{"allow":["GET"]}}],"collection":[{"href":"https:\/\/www.europesays.com\/fr\/wp-json\/wp\/v2\/posts"}],"about":[{"href":"https:\/\/www.europesays.com\/fr\/wp-json\/wp\/v2\/types\/post"}],"author":[{"embeddable":true,"href":"https:\/\/www.europesays.com\/fr\/wp-json\/wp\/v2\/users\/2"}],"replies":[{"embeddable":true,"href":"https:\/\/www.europesays.com\/fr\/wp-json\/wp\/v2\/comments?post=443649"}],"version-history":[{"count":0,"href":"https:\/\/www.europesays.com\/fr\/wp-json\/wp\/v2\/posts\/443649\/revisions"}],"wp:featuredmedia":[{"embeddable":true,"href":"https:\/\/www.europesays.com\/fr\/wp-json\/wp\/v2\/media\/443650"}],"wp:attachment":[{"href":"https:\/\/www.europesays.com\/fr\/wp-json\/wp\/v2\/media?parent=443649"}],"wp:term":[{"taxonomy":"category","embeddable":true,"href":"https:\/\/www.europesays.com\/fr\/wp-json\/wp\/v2\/categories?post=443649"},{"taxonomy":"post_tag","embeddable":true,"href":"https:\/\/www.europesays.com\/fr\/wp-json\/wp\/v2\/tags?post=443649"}],"curies":[{"name":"wp","href":"https:\/\/api.w.org\/{rel}","templated":true}]}}