{"id":443651,"date":"2025-10-06T20:44:12","date_gmt":"2025-10-06T20:44:12","guid":{"rendered":"https:\/\/www.europesays.com\/fr\/443651\/"},"modified":"2025-10-06T20:44:12","modified_gmt":"2025-10-06T20:44:12","slug":"la-charente-maritime-face-au-pire-taux-de-depistage","status":"publish","type":"post","link":"https:\/\/www.europesays.com\/fr\/443651\/","title":{"rendered":"la Charente-Maritime face au pire taux de d\u00e9pistage"},"content":{"rendered":"<p><img decoding=\"async\" class=\"\" style=\"width:100%;max-width:100%\" src=\"https:\/\/www.europesays.com\/fr\/wp-content\/uploads\/2025\/10\/Design_sans_titre__64_1759740518777-format16by9.png\" alt=\"Octobre Rose\"\/><\/p>\n<p>Chaque ann\u00e9e en France, 12 000 femmes d\u00e9c\u00e8dent \u00e0 cause d&rsquo;un cancer du sein. Faites-vous d\u00e9pister !<\/p>\n<p>Cr\u00e9dit : Envato<\/p>\n<p> Comment expliquer le retard de la Charente-Maritime en mati\u00e8re de d\u00e9pistage\u00a0?<\/p>\n<p>Jean-Marie Piot : \u00ab\u00a0<strong>On a un taux de d\u00e9pistage de 45%<\/strong>. <strong>C\u2019est le plus mauvais chiffre de la Nouvelle-Aquitaine<\/strong>. On progresse mais on est \u00e0 la traine. Il faut absolument se battre que pour \u00e7a s\u2019am\u00e9liore. On a actuellement <strong>35 radiologues dans le d\u00e9partement<\/strong> et c\u2019est \u00e7a qui bloque. On n\u2019en a pas suffisamment. Des efforts sont faits pour l<strong>\u2019acquisition de mammographes<\/strong>, notamment \u00e0 Saint-Jean d\u2019Ang\u00e9ly, la Ligue a particip\u00e9 financi\u00e8rement. Il y a aussi un projet d\u2019installation \u00e0 <strong>l\u2019h\u00f4pital de Royan<\/strong>, peut-\u00eatre l\u2019ann\u00e9e prochaine. Il faut que dans toutes les zones de Charente-Maritime, les femmes puissent acc\u00e9der \u00e0 une mammographie et ce n\u2019est pas toujours simple notamment \u00e0 <strong>Royan, Saint-Jean d\u2019Ang\u00e9ly, Saintes\u2026<\/strong>\u00ab\u00a0<\/p>\n<p>\u00a0<\/p>\n<p>Quels sont les d\u00e9lais de d\u00e9pistage pour obtenir une mammographie ?<\/p>\n<p>\u00ab\u00a0Le probl\u00e8me, c\u2019est que <strong>le d\u00e9lai est de plusieurs mois, jusqu\u2019\u00e0 cinq \u00e0 six mois<\/strong>. Il faut que les personnes aillent constamment sur <strong><a href=\"https:\/\/www.irsa-imagerie.com\/\" rel=\"noopener\" target=\"_blank\">le site internet de l&rsquo;IRSA<\/a><\/strong>\u00a0pour voir si des cr\u00e9neaux se lib\u00e8rent. <strong>C\u2019est tr\u00e8s stressant<\/strong>. Il y a des femmes de La Rochelle qui vont jusqu\u2019\u00e0 Marennes pour se faire d\u00e9pister mais certaines ne peuvent pas se d\u00e9placer jusque-l\u00e0. Il faut rem\u00e9dier \u00e0 \u00e7a.<\/p>\n<blockquote>\n<p>\u00ab\u00a0\u00c0 cause de ces des d\u00e9lais, <strong>certaines se d\u00e9couragent et laissent tomber<\/strong>. C\u2019est encore plus le cas dans les quartiers d\u00e9favoris\u00e9s o\u00f9 les taux de d\u00e9pistage sont encore plus faibles.\u00a0\u00bb<\/p>\n<\/blockquote>\n<p>\u00a0<\/p>\n<p>Est-ce qu\u2019il y a une \u00e9volution dans le profil des femmes touch\u00e9es par le cancer du sein\u00a0?<\/p>\n<p>\u00ab\u00a0<strong>Les malades sont de plus en plus jeunes, parfois autour la quarantaine<\/strong>. Elles sont donc hors du champ du d\u00e9pistage organis\u00e9 (ndlr : il d\u00e9marre \u00e0 50 ans). Est-ce que les d\u00e9pistages ne devraient pas d\u00e9marrer plus t\u00f4t, aux alentours de 45 ans ? On discute avec les autorit\u00e9s de sant\u00e9, mais cela a un co\u00fbt tr\u00e8s important. \u00bb<\/p>\n<blockquote>\n<p>On s\u2019interroge : <strong>pourquoi a-t-on des cas aussi jeunes ? <\/strong>C\u2019est probablement li\u00e9 aux conditions environnementales, ce qu\u2019on mange, ce qu\u2019on boit, ce qu\u2019on respire, ce qu\u2019on fume\u2026 On a donc une progression avec <strong>des femmes jeunes qui ont des enfants et qui sont souvent seules<\/strong>.\u00a0<\/p>\n<\/blockquote>\n<p>\u00a0<\/p>\n<tr>\n<td style=\"width: 98.6861%;\">\nInfos pratiques<\/p>\n<p>Le d\u00e9pistage du cancer du sein est pris en charge \u00e0 <strong>100% par l\u2019Assurance Maladie de 50 \u00e0 74 ans<\/strong>. <strong>Tous les 2 ans<\/strong> vous recevez <strong>un courrier d&rsquo;invitation <\/strong>pour effectuer une mammographie de d\u00e9pistage, accompagn\u00e9 d&rsquo;un bon de prise en charge et de <strong>la liste des radiologues de votre d\u00e9partement <\/strong>agr\u00e9\u00e9s dans le cadre du programme national de pr\u00e9vention. <strong>Cette liste est \u00e0 retrouver sur <a href=\"https:\/\/www.ameli.fr\/assure\/sante\/themes\/cancer-sein\/depistage-organise-50-74-ans\" rel=\"noopener\" target=\"_blank\">le site de l\u2019Assurance maladie<\/a>.<\/strong><\/p>\n<\/td>\n<\/tr>\n<p>\u00a0<\/p>\n","protected":false},"excerpt":{"rendered":"Chaque ann\u00e9e en France, 12 000 femmes d\u00e9c\u00e8dent \u00e0 cause d&rsquo;un cancer du sein. Faites-vous d\u00e9pister ! Cr\u00e9dit&hellip;\n","protected":false},"author":2,"featured_media":443652,"comment_status":"","ping_status":"","sticky":false,"template":"","format":"standard","meta":{"footnotes":""},"categories":[10],"tags":[732,2776,2218,56998,14754,1011,27,72,37406,2219,54321,56997,12407,71],"class_list":{"0":"post-443651","1":"post","2":"type-post","3":"status-publish","4":"format-standard","5":"has-post-thumbnail","7":"category-sante","8":"tag-assurance-maladie","9":"tag-cancer-du-sein","10":"tag-charente-maritime","11":"tag-delais","12":"tag-depistage","13":"tag-fr","14":"tag-france","15":"tag-health","16":"tag-ligue-contre-le-cancer","17":"tag-nouvelle-aquitaine","18":"tag-octobre-rose","19":"tag-radiologue","20":"tag-rendez-vous","21":"tag-sante"},"share_on_mastodon":{"url":"https:\/\/pubeurope.com\/@fr\/115329176283235545","error":""},"_links":{"self":[{"href":"https:\/\/www.europesays.com\/fr\/wp-json\/wp\/v2\/posts\/443651","targetHints":{"allow":["GET"]}}],"collection":[{"href":"https:\/\/www.europesays.com\/fr\/wp-json\/wp\/v2\/posts"}],"about":[{"href":"https:\/\/www.europesays.com\/fr\/wp-json\/wp\/v2\/types\/post"}],"author":[{"embeddable":true,"href":"https:\/\/www.europesays.com\/fr\/wp-json\/wp\/v2\/users\/2"}],"replies":[{"embeddable":true,"href":"https:\/\/www.europesays.com\/fr\/wp-json\/wp\/v2\/comments?post=443651"}],"version-history":[{"count":0,"href":"https:\/\/www.europesays.com\/fr\/wp-json\/wp\/v2\/posts\/443651\/revisions"}],"wp:featuredmedia":[{"embeddable":true,"href":"https:\/\/www.europesays.com\/fr\/wp-json\/wp\/v2\/media\/443652"}],"wp:attachment":[{"href":"https:\/\/www.europesays.com\/fr\/wp-json\/wp\/v2\/media?parent=443651"}],"wp:term":[{"taxonomy":"category","embeddable":true,"href":"https:\/\/www.europesays.com\/fr\/wp-json\/wp\/v2\/categories?post=443651"},{"taxonomy":"post_tag","embeddable":true,"href":"https:\/\/www.europesays.com\/fr\/wp-json\/wp\/v2\/tags?post=443651"}],"curies":[{"name":"wp","href":"https:\/\/api.w.org\/{rel}","templated":true}]}}