{"id":443658,"date":"2025-10-06T20:48:15","date_gmt":"2025-10-06T20:48:15","guid":{"rendered":"https:\/\/www.europesays.com\/fr\/443658\/"},"modified":"2025-10-06T20:48:15","modified_gmt":"2025-10-06T20:48:15","slug":"deja-en-difficulte-le-bhv-sur-la-corde-raide-avec-larrivee-de-shein","status":"publish","type":"post","link":"https:\/\/www.europesays.com\/fr\/443658\/","title":{"rendered":"D\u00e9j\u00e0 en difficult\u00e9, le BHV sur la corde raide avec l\u2019arriv\u00e9e de Shein"},"content":{"rendered":"<p><strong>D\u00c9CRYPTAGE &#8211; <\/strong>L\u2019arriv\u00e9e du g\u00e9ant asiatique attise la col\u00e8re de marques qui subissent des retards de paiement depuis des mois. Certaines quittent le navire. Le rachat des murs pourrait \u00eatre mis \u00e0 mal.<\/p>\n<p class=\"fig-paragraph\">\u00ab\u00a0Shein au BHV est la goutte d\u2019eau qui a fait d\u00e9border le vase\u00a0\u00bb, l\u00e2che Guillaume Alcan, l\u2019un des fondateurs de la marque de chaussures Odaje (ex-M. Moustache). Pr\u00e9vue d\u00e9but novembre, l\u2019arriv\u00e9e d<a href=\"http:\/\/www.lefigaro.fr\/flash-eco\/nous-contribuons-au-renouveau-des-centres-villes-historiques-de-france-shein-s-implante-au-bhv-a-paris-et-dans-cinq-galeries-lafayette-en-regions-20251001\" data-fig-type=\"NewsFlash\" data-gtm-custom-categorie=\"navigation\" data-gtm-custom-action=\"crossclick\" data-gtm-custom-label=\"Contextuel\" data-gtm-event=\"customEventSPE\" data-fig-domain=\"LEFIGARO\" target=\"_blank\" rel=\"noopener\">\u2019un magasin physique Shein au Bazar de l\u2019H\u00f4tel de Ville (BHV)<\/a>, en plein centre de Paris, ne passe pas. Le dirigeant d\u2019Odaje n\u2019a pas attendu longtemps pour d\u00e9cider de retirer sa marque du grand magasin parisien, apr\u00e8s onze ann\u00e9es de collaboration. Embo\u00eetant ainsi le pas \u00e0\u00a0<a href=\"http:\/\/www.lefigaro.fr\/actualite-france\/nous-ne-pouvons-pas-fermer-les-yeux-l-entrepreneuse-mathilde-lacombe-appelle-au-boycott-apres-l-arrivee-de-shein-au-bhv-et-aux-galeries-lafayette-20251003\" data-fig-type=\"NewsFlash\" data-gtm-custom-categorie=\"navigation\" data-gtm-custom-action=\"crossclick\" data-gtm-custom-label=\"Contextuel\" data-gtm-event=\"customEventSPE\" data-fig-domain=\"LEFIGARO\" target=\"_blank\" rel=\"noopener\">Mathilde Lacombe<\/a>, qui a rapidement annonc\u00e9 retirer sa marque de cosm\u00e9tiques Aime et a appel\u00e9 d\u2019autres marques \u00e0 suivre son exemple. \u00ab\u00a0Pas mal de marques commencent \u00e0 dire qu\u2019elles vont partir car Shein ne correspond pas aux valeurs du BHV\u00a0\u00bb, explique l\u2019intersyndicale CFDT, CFTC, CGT, Sud Solidaires et CGC du grand magasin, vent debout contre l\u2019arriv\u00e9e du g\u00e9ant asiatique dans les murs de l\u2019embl\u00e9matique grand magasin fond\u00e9 en 1860.<\/p>\n<p class=\"fig-paragraph\">Il est vrai aussi que le feu couvait. Depuis que la fonci\u00e8re SGM (Soci\u00e9t\u00e9 des grands magasins)\u2026<\/p>\n<p class=\"fig-premium-paywall__infos\">\n        Cet article est r\u00e9serv\u00e9 aux abonn\u00e9s.        Il vous reste 83% \u00e0 d\u00e9couvrir.\n    <\/p>\n<p>                <img  data- alt=\"Le Figaro\" class=\"fig-img--complete fig-img\"\/><\/p>\n<p class=\"fig-premium-paywall__title\">J-100, Le Figaro f\u00eate ses 200 ans<\/p>\n<p class=\"fig-premium-paywall__subtitle\">Offre anniversaire : 2\u20ac\/mois pendant 200 semaines<\/p>\n<p class=\"fig-premium-paywall__connect\">\n                D\u00e9j\u00e0 abonn\u00e9\u00a0?                <a class=\"fig-premium-paywall__connect-link\" href=\"https:\/\/connect.lefigaro.fr\/login?client=horizon_web&amp;type=main&amp;redirect_uri=https%3A%2F%2Fwww.lefigaro.fr%2Fsocietes%2Fdeja-en-difficulte-le-bhv-sur-la-corde-raide-avec-l-arrivee-de-shein-20251006\" data-js-gtm=\"{&quot;customCategorie&quot;: &quot;conversion&quot;, &quot;customAction&quot;: &quot;before_Landing_Connexion_paywall_auto&quot;, &quot;customLabel&quot;: &quot;bGVmaWdhcm8uZnJfXzFmMGEyYTZmLTg3YjMtNjI4Mi1iY2Q2LWM5Yzc2N2QzZjMzNF9fQXJ0aWNsZQ==_D\u00e9j\u00e0 en difficult\u00e9, le BHV sur la corde raide avec l\u2019arriv\u00e9e de Shein_90&quot;, &quot;customIDSPE&quot;: &quot;bGVmaWdhcm8uZnJfXzFmMGEyYTZmLTg3YjMtNjI4Mi1iY2Q2LWM5Yzc2N2QzZjMzNF9fQXJ0aWNsZQ==&quot;, &quot;event&quot;: &quot;customEventSPE&quot;}\" target=\"_blank\" rel=\"noopener\"><br \/>\n                    Connectez-vous<br \/>\n                <\/a>\n            <\/p>\n","protected":false},"excerpt":{"rendered":"D\u00c9CRYPTAGE &#8211; L\u2019arriv\u00e9e du g\u00e9ant asiatique attise la col\u00e8re de marques qui subissent des retards de paiement depuis&hellip;\n","protected":false},"author":2,"featured_media":443659,"comment_status":"","ping_status":"","sticky":false,"template":"","format":"standard","meta":{"footnotes":""},"categories":[6],"tags":[35,215,33,34,1011,27,1104],"class_list":{"0":"post-443658","1":"post","2":"type-post","3":"status-publish","4":"format-standard","5":"has-post-thumbnail","7":"category-economie","8":"tag-business","9":"tag-commerce","10":"tag-economie","11":"tag-economy","12":"tag-fr","13":"tag-france","14":"tag-shein"},"share_on_mastodon":{"url":"https:\/\/pubeurope.com\/@fr\/115329191969980090","error":""},"_links":{"self":[{"href":"https:\/\/www.europesays.com\/fr\/wp-json\/wp\/v2\/posts\/443658","targetHints":{"allow":["GET"]}}],"collection":[{"href":"https:\/\/www.europesays.com\/fr\/wp-json\/wp\/v2\/posts"}],"about":[{"href":"https:\/\/www.europesays.com\/fr\/wp-json\/wp\/v2\/types\/post"}],"author":[{"embeddable":true,"href":"https:\/\/www.europesays.com\/fr\/wp-json\/wp\/v2\/users\/2"}],"replies":[{"embeddable":true,"href":"https:\/\/www.europesays.com\/fr\/wp-json\/wp\/v2\/comments?post=443658"}],"version-history":[{"count":0,"href":"https:\/\/www.europesays.com\/fr\/wp-json\/wp\/v2\/posts\/443658\/revisions"}],"wp:featuredmedia":[{"embeddable":true,"href":"https:\/\/www.europesays.com\/fr\/wp-json\/wp\/v2\/media\/443659"}],"wp:attachment":[{"href":"https:\/\/www.europesays.com\/fr\/wp-json\/wp\/v2\/media?parent=443658"}],"wp:term":[{"taxonomy":"category","embeddable":true,"href":"https:\/\/www.europesays.com\/fr\/wp-json\/wp\/v2\/categories?post=443658"},{"taxonomy":"post_tag","embeddable":true,"href":"https:\/\/www.europesays.com\/fr\/wp-json\/wp\/v2\/tags?post=443658"}],"curies":[{"name":"wp","href":"https:\/\/api.w.org\/{rel}","templated":true}]}}