{"id":443660,"date":"2025-10-06T20:49:11","date_gmt":"2025-10-06T20:49:11","guid":{"rendered":"https:\/\/www.europesays.com\/fr\/443660\/"},"modified":"2025-10-06T20:49:11","modified_gmt":"2025-10-06T20:49:11","slug":"pour-ladministration-trump-les-villes-democrates-sont-de-veritables-zones-de-guerre","status":"publish","type":"post","link":"https:\/\/www.europesays.com\/fr\/443660\/","title":{"rendered":"Pour l\u2019administration Trump, les villes d\u00e9mocrates sont de v\u00e9ritables \u00ab\u00a0zones de guerre\u00a0\u00bb"},"content":{"rendered":"<p><a href=\"https:\/\/www.20minutes.fr\/dossier\/donald_trump\" target=\"_blank\" class=\"c-link c-link--is-underlined\" rel=\"noopener\">Donald Trump<\/a> a ordonn\u00e9 le d\u00e9ploiement de 300 membres de la Garde nationale \u00e0 <a href=\"https:\/\/www.20minutes.fr\/dossier\/chicago\" target=\"_blank\" class=\"c-link c-link--is-underlined\" rel=\"noopener\">Chicago<\/a> pour \u00ab\u00a0prot\u00e9ger les agents et biens f\u00e9d\u00e9raux\u00a0\u00bb. Une mesure exceptionnelle qui enflamme les tensions entre la Maison-Blanche et les autorit\u00e9s locales d\u00e9mocrates, accusant le pr\u00e9sident de d\u00e9rive autoritaire.<\/p>\n<p>La ministre de la S\u00e9curit\u00e9 int\u00e9rieure, Kristi Noem, a d\u00e9fendu dimanche cette d\u00e9cision sur <a href=\"https:\/\/www.20minutes.fr\/dossier\/fox_news\" target=\"_blank\" class=\"c-link c-link--is-underlined\" rel=\"noopener\">Fox News<\/a>. \u00ab\u00a0C\u2019est une zone de guerre. Sa ville est une zone de guerre et il ment pour que les criminels puissent y entrer et d\u00e9truire la vie des gens\u00a0\u00bb, a-t-elle affirm\u00e9, visant le maire de Chicago, Brandon Johnson. Celui-ci d\u00e9nonce des \u00ab\u00a0mesures anticonstitutionnelles\u00a0\u00bb et accuse l\u2019administration Trump d\u2019attiser la peur \u00e0 des fins politiques. Selon Kristi Noem, des gangs et \u00ab\u00a0organisations terroristes connues\u00a0\u00bb offriraient m\u00eame des primes aux manifestants contre les <a href=\"https:\/\/www.20minutes.fr\/dossier\/immigration\" target=\"_blank\" class=\"c-link c-link--is-underlined\" rel=\"noopener\">agents de l\u2019immigration (ICE)<\/a>.<\/p>\n<p>Vague d\u2019indignation politique<\/p>\n<p>Le d\u00e9cret pr\u00e9sidentiel, sign\u00e9 samedi, a suscit\u00e9 de vives critiques. Le s\u00e9nateur de l\u2019Illinois, Dick Durbin, estime que \u00ab\u00a0le pr\u00e9sident ne cherche pas \u00e0 combattre la criminalit\u00e9, mais \u00e0 r\u00e9pandre la peur\u00a0\u00bb. Le gouverneur d\u00e9mocrate J.B. Pritzker, lui, d\u00e9nonce une \u00ab\u00a0invasion de Trump\u00a0\u00bb\u00a0: \u00ab\u00a0Ce sont eux qui transforment cette ville en zone de guerre\u00a0\u00bb, a-t-il d\u00e9clar\u00e9 sur <a href=\"https:\/\/www.20minutes.fr\/dossier\/cnn\" target=\"_blank\" class=\"c-link c-link--is-underlined\" rel=\"noopener\">CNN<\/a>. Il affirme qu\u2019aucune troupe ne peut \u00eatre d\u00e9ploy\u00e9e sans \u00ab\u00a0la connaissance, le consentement ou la coop\u00e9ration\u00a0\u00bb des autorit\u00e9s locales.<\/p>\n<\/p>\n<p><a href=\"https:\/\/www.20minutes.fr\/dossier\/portland\" target=\"_blank\" class=\"c-link c-link--is-underlined\" rel=\"noopener\">Portland<\/a>, la m\u00e9gapole de l\u2019<a href=\"https:\/\/www.20minutes.fr\/monde\/oregon\/\" target=\"_blank\" class=\"c-link c-link--is-underlined\" rel=\"noopener\">Oregon<\/a>, est \u00e9galement au centre des tensions. Une juge f\u00e9d\u00e9rale, Karin J. Immergut, a suspendu \u00e0 deux reprises le d\u00e9ploiement de la Garde nationale, rappelant qu\u2019il n\u2019existait \u00ab\u00a0ni insurrection ni menace pour la s\u00e9curit\u00e9 nationale\u00a0\u00bb. Malgr\u00e9 cette d\u00e9cision, la gouverneure Tina Kotek a confirm\u00e9 l\u2019arriv\u00e9e de 101 gardes venus de <a href=\"https:\/\/www.20minutes.fr\/dossier\/californie\" target=\"_blank\" class=\"c-link c-link--is-underlined\" rel=\"noopener\">Californie<\/a>, provoquant un nouvel arr\u00eat judiciaire. \u00ab\u00a0Le pr\u00e9sident ne peut pas continuer \u00e0 jouer au chat et \u00e0 la souris avec la justice\u00a0\u00bb, a d\u00e9nonc\u00e9 le procureur g\u00e9n\u00e9ral de l\u2019Etat, Dan Rayfield.<\/p>\n<p>Une strat\u00e9gie d\u2019escalade<\/p>\n<p>Depuis son retour \u00e0 la <a href=\"https:\/\/www.20minutes.fr\/dossier\/maison_blanche\" target=\"_blank\" class=\"c-link c-link--is-underlined\" rel=\"noopener\">Maison-Blanche<\/a> en janvier, Donald Trump a fait de la lutte contre l\u2019<a href=\"https:\/\/www.20minutes.fr\/dossier\/immigration_clandestine\" target=\"_blank\" class=\"c-link c-link--is-underlined\" rel=\"noopener\">immigration ill\u00e9gale<\/a> le pilier de son second mandat. Plusieurs manifestations ont \u00e9clat\u00e9 dans les \u00ab\u00a0villes sanctuaires\u00a0\u00bb comme Chicago ou Portland, qui prot\u00e8gent les migrants menac\u00e9s d\u2019expulsion.<\/p>\n<p><a href=\"https:\/\/www.20minutes.fr\/monde\/etats-unis\/\" target=\"_blank\" class=\"c-link c-btn c-btn--primary\" rel=\"noopener\">Notre dossier sur les Etats-Unis<\/a><\/p>\n<p>Dimanche, le pr\u00e9sident a r\u00e9affirm\u00e9 vouloir mobiliser l\u2019arm\u00e9e contre \u00ab\u00a0l\u2019ennemi int\u00e9rieur\u00a0\u00bb, affirmant, sans preuve, que \u00ab\u00a0Portland est en train de br\u00fbler\u00a0\u00bb. Il menace d\u00e9sormais d\u2019envoyer des troupes \u00e0 <a href=\"https:\/\/www.20minutes.fr\/dossier\/new_york\" target=\"_blank\" class=\"c-link c-link--is-underlined\" rel=\"noopener\">New York<\/a> ou Baltimore. Mais selon un sondage <a href=\"https:\/\/www.20minutes.fr\/dossier\/cbs\" target=\"_blank\" class=\"c-link c-link--is-underlined\" rel=\"noopener\">CBS<\/a>, 58\u00a0% des Am\u00e9ricains s\u2019opposent \u00e0 ces d\u00e9ploiements militaires dans les grandes villes.<\/p>\n","protected":false},"excerpt":{"rendered":"Donald Trump a ordonn\u00e9 le d\u00e9ploiement de 300 membres de la Garde nationale \u00e0 Chicago pour \u00ab\u00a0prot\u00e9ger les&hellip;\n","protected":false},"author":2,"featured_media":443661,"comment_status":"","ping_status":"","sticky":false,"template":"","format":"standard","meta":{"footnotes":""},"categories":[5],"tags":[47,11,1813,47927,17005,75,73,1011,27,6734,14,78,74,415,12,20151,28],"class_list":{"0":"post-443660","1":"post","2":"type-post","3":"status-publish","4":"format-standard","5":"has-post-thumbnail","7":"category-international","8":"tag-actualite","9":"tag-actualites","10":"tag-armee","11":"tag-baltimore","12":"tag-chicago","13":"tag-donald-trump","14":"tag-etats-unis","15":"tag-fr","16":"tag-france","17":"tag-immigration-clandestine","18":"tag-international","19":"tag-maison-blanche","20":"tag-monde","21":"tag-new-york","22":"tag-news","23":"tag-portland","24":"tag-world"},"share_on_mastodon":{"url":"https:\/\/pubeurope.com\/@fr\/115329195444805707","error":""},"_links":{"self":[{"href":"https:\/\/www.europesays.com\/fr\/wp-json\/wp\/v2\/posts\/443660","targetHints":{"allow":["GET"]}}],"collection":[{"href":"https:\/\/www.europesays.com\/fr\/wp-json\/wp\/v2\/posts"}],"about":[{"href":"https:\/\/www.europesays.com\/fr\/wp-json\/wp\/v2\/types\/post"}],"author":[{"embeddable":true,"href":"https:\/\/www.europesays.com\/fr\/wp-json\/wp\/v2\/users\/2"}],"replies":[{"embeddable":true,"href":"https:\/\/www.europesays.com\/fr\/wp-json\/wp\/v2\/comments?post=443660"}],"version-history":[{"count":0,"href":"https:\/\/www.europesays.com\/fr\/wp-json\/wp\/v2\/posts\/443660\/revisions"}],"wp:featuredmedia":[{"embeddable":true,"href":"https:\/\/www.europesays.com\/fr\/wp-json\/wp\/v2\/media\/443661"}],"wp:attachment":[{"href":"https:\/\/www.europesays.com\/fr\/wp-json\/wp\/v2\/media?parent=443660"}],"wp:term":[{"taxonomy":"category","embeddable":true,"href":"https:\/\/www.europesays.com\/fr\/wp-json\/wp\/v2\/categories?post=443660"},{"taxonomy":"post_tag","embeddable":true,"href":"https:\/\/www.europesays.com\/fr\/wp-json\/wp\/v2\/tags?post=443660"}],"curies":[{"name":"wp","href":"https:\/\/api.w.org\/{rel}","templated":true}]}}