{"id":443666,"date":"2025-10-06T20:53:13","date_gmt":"2025-10-06T20:53:13","guid":{"rendered":"https:\/\/www.europesays.com\/fr\/443666\/"},"modified":"2025-10-06T20:53:13","modified_gmt":"2025-10-06T20:53:13","slug":"une-inquietante-disparition-a-saint-etienne","status":"publish","type":"post","link":"https:\/\/www.europesays.com\/fr\/443666\/","title":{"rendered":"Une inqui\u00e9tante disparition \u00e0 Saint-Etienne"},"content":{"rendered":"<p><b>Recrut\u00e9 pour z\u00e9ro euro en provenance de Brighton, Joshua Duffus avait r\u00e9ussi des d\u00e9buts canons avec l\u2019ASSE contre Rodez. Le jeune buteur anglais de 20 ans peine depuis \u00e0 confirmer. Pire, il a disparu de la circulation.<\/b><\/p>\n<p>Courtis\u00e9 par plusieurs clubs de Premier League cet \u00e9t\u00e9, Joshua Duffus a finalement choisi <a href=\"https:\/\/www.foot01.com\/st-etienne\/asse-davitashvili-fait-peur-a-toute-la-ligue-2\" target=\"_self\" rel=\"nofollow noopener\">Saint-Etienne<\/a>. L\u2019endroit id\u00e9al aux yeux du buteur de 20 ans afin de d\u00e9velopper son potentiel jug\u00e9 immense et grappiller du temps de jeu avant un \u00e9ventuel retour Outre-Manche dans quelques ann\u00e9es. L\u2019ASSE se f\u00e9licitait de son c\u00f4t\u00e9 d\u2019avoir r\u00e9alis\u00e9 une tr\u00e8s belle affaire avec la signature d\u2019un jeune joueur tr\u00e8s prometteur pour z\u00e9ro euro.<\/p>\n<p> Les d\u00e9buts de Joshua Duffus avaient d\u2019ailleurs \u00e9t\u00e9 plein d\u2019espoirs puisque l\u2019attaquant avait marqu\u00e9 d\u00e8s sa premi\u00e8re apparition sous le maillot de l\u2019ASSE contre Rodez lors de la 2e journ\u00e9e de Ligue 2. La suite a \u00e9t\u00e9 plus laborieuse pour Duffus, qui a encha\u00een\u00e9 les matchs en jouant seulement quelques minutes. Sur le banc contre Clermont, Reims, Amiens, Guingamp et Montpellier, il semble d\u00e9j\u00e0 dispara\u00eetre des petits papiers d\u2019Eirik Horneland. De quoi inqui\u00e9ter le site sp\u00e9cialis\u00e9 Peuple Vert.<\/p>\n<p>Joshua Duffus a disparu de la circulation<\/p>\n<p>\u00ab\u00a0\u00c0 20 ans, le joueur form\u00e9 \u00e0 Brighton doit maintenant composer avec les exigences d\u2019un club ambitieux, o\u00f9 chaque minute se m\u00e9rite. Si le coach st\u00e9phanois semble privil\u00e9gier l\u2019exp\u00e9rience dans ses choix offensifs, il n\u2019est pas exclu que Duffus retrouve du temps de jeu dans les semaines \u00e0 venir\u00a0\u00bb juge le m\u00e9dia avant de conclure. \u00ab\u00a0L\u2019histoire entre Joshua Duffus et l\u2019ASSE ne fait que commencer. Et si la patience est parfois le prix du succ\u00e8s, nul doute que le Chaudron saura l\u2019accueillir de nouveau en h\u00e9ros s\u2019il parvient \u00e0 transformer sa frustration en performance\u00a0\u00bb. Avec une forte concurrence incarn\u00e9e en partie par Lucas Stassin, le jeune Anglais va devoir batailler pour retrouver du temps de jeu. Mais son potentiel ne fait aucun doute \u00e0 l\u2019ASSE, o\u00f9 Joshua Duffus devrait avoir de nouveau sa chance dans les semaines ou les mois \u00e0 venir.<\/p>\n","protected":false},"excerpt":{"rendered":"Recrut\u00e9 pour z\u00e9ro euro en provenance de Brighton, Joshua Duffus avait r\u00e9ussi des d\u00e9buts canons avec l\u2019ASSE contre&hellip;\n","protected":false},"author":2,"featured_media":443667,"comment_status":"","ping_status":"","sticky":false,"template":"","format":"standard","meta":{"footnotes":""},"categories":[9653],"tags":[1111,11,2430,1777,674,1011,27,12,25,4001],"class_list":{"0":"post-443666","1":"post","2":"type-post","3":"status-publish","4":"format-standard","5":"has-post-thumbnail","7":"category-saint-etienne","8":"tag-actu","9":"tag-actualites","10":"tag-auvergne-rhone-alpes","11":"tag-eu","12":"tag-europe","13":"tag-fr","14":"tag-france","15":"tag-news","16":"tag-republique-francaise","17":"tag-saint-etienne"},"share_on_mastodon":{"url":"https:\/\/pubeurope.com\/@fr\/115329211088477882","error":""},"_links":{"self":[{"href":"https:\/\/www.europesays.com\/fr\/wp-json\/wp\/v2\/posts\/443666","targetHints":{"allow":["GET"]}}],"collection":[{"href":"https:\/\/www.europesays.com\/fr\/wp-json\/wp\/v2\/posts"}],"about":[{"href":"https:\/\/www.europesays.com\/fr\/wp-json\/wp\/v2\/types\/post"}],"author":[{"embeddable":true,"href":"https:\/\/www.europesays.com\/fr\/wp-json\/wp\/v2\/users\/2"}],"replies":[{"embeddable":true,"href":"https:\/\/www.europesays.com\/fr\/wp-json\/wp\/v2\/comments?post=443666"}],"version-history":[{"count":0,"href":"https:\/\/www.europesays.com\/fr\/wp-json\/wp\/v2\/posts\/443666\/revisions"}],"wp:featuredmedia":[{"embeddable":true,"href":"https:\/\/www.europesays.com\/fr\/wp-json\/wp\/v2\/media\/443667"}],"wp:attachment":[{"href":"https:\/\/www.europesays.com\/fr\/wp-json\/wp\/v2\/media?parent=443666"}],"wp:term":[{"taxonomy":"category","embeddable":true,"href":"https:\/\/www.europesays.com\/fr\/wp-json\/wp\/v2\/categories?post=443666"},{"taxonomy":"post_tag","embeddable":true,"href":"https:\/\/www.europesays.com\/fr\/wp-json\/wp\/v2\/tags?post=443666"}],"curies":[{"name":"wp","href":"https:\/\/api.w.org\/{rel}","templated":true}]}}