{"id":443670,"date":"2025-10-06T20:55:14","date_gmt":"2025-10-06T20:55:14","guid":{"rendered":"https:\/\/www.europesays.com\/fr\/443670\/"},"modified":"2025-10-06T20:55:14","modified_gmt":"2025-10-06T20:55:14","slug":"starligue-nancy-handball-adrien-dubois-va-renforcer-une-equipe-de-dijon-en-mauvaise-posture","status":"publish","type":"post","link":"https:\/\/www.europesays.com\/fr\/443670\/","title":{"rendered":"Starligue. Nancy Handball : Adrien Dubois va renforcer une \u00e9quipe de Dijon en mauvaise posture"},"content":{"rendered":"<p>Alors que la plupart de ses ex-co\u00e9quipiers avaient fini par trouver \u00ab preneurs \u00bb (*), Adrien Dubois, \u00ab le moral dans les chaussettes \u00bb, commen\u00e7ait \u00e0 trouver le \u00ab temps tr\u00e8s long \u00bb ces derni\u00e8res semaines\u2026 Un calvaire qui a pris fin, en ce d\u00e9but de semaine, pour le joueur du feu Nancy Handball, officiellement \u00ab dijonnais \u00bb depuis quelques heures\u2026<\/p>\n<p>Administrativement sans club depuis la liquidation judiciaire du NH, <a href=\"https:\/\/www.estrepublicain.fr\/sport\/2025\/10\/03\/adrien-dubois-(flavigny-fleville-richarmenil)-veut-partir-sur-un-succes-de-prestige\" target=\"_blank\" rel=\"noopener\">Adrien Dubois (24 ans)<\/a> s\u2019est en effet engag\u00e9 lundi pour deux saisons (la troisi\u00e8me restant une option) avec le promu bourguignon, aujourd\u2019hui dernier de Starligue (avec cinq d\u00e9faites en autant de journ\u00e9es). Un promu en qu\u00eate d\u2019un renfort sur le poste d\u2019ailier gauche, apr\u00e8s avoir commenc\u00e9 l\u2019exercice avec un seul \u00ab professionnel \u00bb (Lo\u00efs Pasquet).<\/p>\n<p>  Un \u00ab retour \u00bb en Starligue<\/p>\n<p>Arriv\u00e9 \u00e0 Nancy en 2024 en provenance du prestigieux MHB, Adrien Dubois reste sur une exp\u00e9rience convaincante sous les couleurs bleu et or (146 buts, \u00e0 68,5 % d\u2019efficacit\u00e9 au tir). En C\u00f4te d\u2019Or, il retrouvera un championnat d\u2019\u00e9lite <a href=\"https:\/\/www.estrepublicain.fr\/sport\/2024\/08\/27\/nancy-handball-adrien-dubois-la-branche-montpellieraine-en-action\" target=\"_blank\" rel=\"noopener\">qu\u2019il n\u2019avait fait que tutoyer avec Montpellier (entre 2021 et 2024)<\/a> avant de se r\u00e9v\u00e9ler en Proligue sous la houlette de&#8230; l\u2019ancien coach de Dijon, Ulrich Chaduteaud. Le tout avec une bonne dose de soulagement et de gourmandise\u2026<\/p>\n<p class=\"note\">(*) Trois d\u2019entre eux sont aujourd\u2019hui sans club : Antoine Blanc, Steeven Bois et Rapha\u00ebl Neel-Heude.<\/p>\n","protected":false},"excerpt":{"rendered":"Alors que la plupart de ses ex-co\u00e9quipiers avaient fini par trouver \u00ab preneurs \u00bb (*), Adrien Dubois, \u00ab&hellip;\n","protected":false},"author":2,"featured_media":443671,"comment_status":"","ping_status":"","sticky":false,"template":"","format":"standard","meta":{"footnotes":""},"categories":[9635],"tags":[1111,11,1704,1777,674,107,1701,1795,1011,27,775,1792,1702,13622,56999,1703,12,25,517,1700],"class_list":{"0":"post-443670","1":"post","2":"type-post","3":"status-publish","4":"format-standard","5":"has-post-thumbnail","7":"category-nancy","8":"tag-actu","9":"tag-actualites","10":"tag-edition-nancy-et-agglomeration","11":"tag-eu","12":"tag-europe","13":"tag-fil-info","14":"tag-fil-info-sport","15":"tag-fil-web","16":"tag-fr","17":"tag-france","18":"tag-grand-est","19":"tag-handball","20":"tag-nancy","21":"tag-nancy-handball","22":"tag-nancy-3-bassin","23":"tag-nancy-ville-54b","24":"tag-news","25":"tag-republique-francaise","26":"tag-sport","27":"tag-sport-lorrain"},"share_on_mastodon":{"url":"https:\/\/pubeurope.com\/@fr\/115329218975803773","error":""},"_links":{"self":[{"href":"https:\/\/www.europesays.com\/fr\/wp-json\/wp\/v2\/posts\/443670","targetHints":{"allow":["GET"]}}],"collection":[{"href":"https:\/\/www.europesays.com\/fr\/wp-json\/wp\/v2\/posts"}],"about":[{"href":"https:\/\/www.europesays.com\/fr\/wp-json\/wp\/v2\/types\/post"}],"author":[{"embeddable":true,"href":"https:\/\/www.europesays.com\/fr\/wp-json\/wp\/v2\/users\/2"}],"replies":[{"embeddable":true,"href":"https:\/\/www.europesays.com\/fr\/wp-json\/wp\/v2\/comments?post=443670"}],"version-history":[{"count":0,"href":"https:\/\/www.europesays.com\/fr\/wp-json\/wp\/v2\/posts\/443670\/revisions"}],"wp:featuredmedia":[{"embeddable":true,"href":"https:\/\/www.europesays.com\/fr\/wp-json\/wp\/v2\/media\/443671"}],"wp:attachment":[{"href":"https:\/\/www.europesays.com\/fr\/wp-json\/wp\/v2\/media?parent=443670"}],"wp:term":[{"taxonomy":"category","embeddable":true,"href":"https:\/\/www.europesays.com\/fr\/wp-json\/wp\/v2\/categories?post=443670"},{"taxonomy":"post_tag","embeddable":true,"href":"https:\/\/www.europesays.com\/fr\/wp-json\/wp\/v2\/tags?post=443670"}],"curies":[{"name":"wp","href":"https:\/\/api.w.org\/{rel}","templated":true}]}}