{"id":443681,"date":"2025-10-06T21:02:10","date_gmt":"2025-10-06T21:02:10","guid":{"rendered":"https:\/\/www.europesays.com\/fr\/443681\/"},"modified":"2025-10-06T21:02:10","modified_gmt":"2025-10-06T21:02:10","slug":"un-incendie-detruit-une-maison-une-personne-relogee","status":"publish","type":"post","link":"https:\/\/www.europesays.com\/fr\/443681\/","title":{"rendered":"un incendie d\u00e9truit une maison, une personne relog\u00e9e"},"content":{"rendered":"<p>            Par<br \/>\n        <strong><br \/>\n            <a href=\"https:\/\/actu.fr\/auteur\/aurelien-delavaud\" title=\"Consulter tous les articles de Aur\u00e9lien Delavaud\" rel=\"nofollow noopener\" target=\"_blank\">Aur\u00e9lien Delavaud<\/a><br \/>\n        <\/strong><\/p>\n<p>        Publi\u00e9 le<\/p>\n<p>            6 oct. 2025 \u00e0 22h17        <\/p>\n<p>Il \u00e9tait pr\u00e8s de 20\u2009h, le lundi 6\u00a0octobre 2025, lorsque l\u2019alerte a \u00e9t\u00e9 lanc\u00e9e. C\u2019est \u00e0 ce moment que de la <b>fum\u00e9e<\/b> a \u00e9t\u00e9 rep\u00e9r\u00e9e, sortant de la toiture d\u2019une habitation de la rue des Rouvalets, une voie situ\u00e9e au-dessus du quartier du Puchot, \u00e0 l\u2019entr\u00e9e d\u2019<a href=\"https:\/\/actu.fr\/normandie\/elbeuf_76231\" rel=\"nofollow noopener\" target=\"_blank\">Elbeuf (Seine-Maritime)<\/a>.<\/p>\n<p>    <a href=\"https:\/\/maps.google.com\/maps?q=49.29378636296362,0.9951297380065816&amp;z=15&amp;output=embed\" title=\"Ouvrie le lien\" rel=\"nofollow noopener\" target=\"_blank\">Cliquez ici pour visualiser le contenu<\/a><\/p>\n<p class=\" wall-content\">\u00c0 leur arriv\u00e9e sur place, les <b>pompiers<\/b> ont fait face \u00e0 un feu qui ravageait le rez-de-chauss\u00e9e d\u2019une maison avec des combles am\u00e9nag\u00e9s.<\/p>\n<p>Une personne relog\u00e9e<\/p>\n<p class=\" wall-content\">Apr\u00e8s avoir reconnu la situation et s\u00e9curis\u00e9 la zone, les 12 sapeurs-pompiers mobilis\u00e9s ont \u00e9teint les flammes avec une <b>lance \u00e0 incendie<\/b>. Un repr\u00e9sentant de la mairie, la police et GRDF \u00e9taient \u00e9galement sur les lieux du sinistre.<\/p>\n<p class=\" wall-content\">Selon le bilan du Service d\u00e9partemental d\u2019incendie et de secours de la Seine-Maritime (Sdis 76), <b>aucun bless\u00e9<\/b> n\u2019est \u00e0 d\u00e9plorer. Mais \u00e0 cause de l\u2019\u00e9tat de la maison, <b>une personne doit \u00eatre relog\u00e9e<\/b> par la mairie.<\/p>\n<p class=\" wall-content\">Personnalisez votre actualit\u00e9 en ajoutant vos villes et m\u00e9dias en favori avec <a href=\"https:\/\/moncompte.actu.fr\" title=\"D\u00e9couvez Mon Actu\" rel=\"nofollow noopener\" data-trk=\"{&quot;cta&quot;:{&quot;action&quot;:&quot;https:\\\/\\\/moncompte.actu.fr&quot;,&quot;category&quot;:&quot;mon compte&quot;,&quot;from&quot;:&quot;article footer&quot;,&quot;name&quot;:&quot;Mon actu&quot;,&quot;type&quot;:&quot;cta&quot;}}\" target=\"_blank\">Mon Actu<\/a>.<\/p>\n","protected":false},"excerpt":{"rendered":"Par Aur\u00e9lien Delavaud Publi\u00e9 le 6 oct. 2025 \u00e0 22h17 Il \u00e9tait pr\u00e8s de 20\u2009h, le lundi 6\u00a0octobre&hellip;\n","protected":false},"author":2,"featured_media":443682,"comment_status":"","ping_status":"","sticky":false,"template":"","format":"standard","meta":{"footnotes":""},"categories":[9587],"tags":[1111,11,1777,674,118,1011,27,1310,12,5161,1311,25,9590],"class_list":{"0":"post-443681","1":"post","2":"type-post","3":"status-publish","4":"format-standard","5":"has-post-thumbnail","7":"category-rouen","8":"tag-actu","9":"tag-actualites","10":"tag-eu","11":"tag-europe","12":"tag-faits-divers","13":"tag-fr","14":"tag-france","15":"tag-incendie","16":"tag-news","17":"tag-normandie","18":"tag-pompiers","19":"tag-republique-francaise","20":"tag-rouen"},"share_on_mastodon":{"url":"https:\/\/pubeurope.com\/@fr\/115329246456157048","error":""},"_links":{"self":[{"href":"https:\/\/www.europesays.com\/fr\/wp-json\/wp\/v2\/posts\/443681","targetHints":{"allow":["GET"]}}],"collection":[{"href":"https:\/\/www.europesays.com\/fr\/wp-json\/wp\/v2\/posts"}],"about":[{"href":"https:\/\/www.europesays.com\/fr\/wp-json\/wp\/v2\/types\/post"}],"author":[{"embeddable":true,"href":"https:\/\/www.europesays.com\/fr\/wp-json\/wp\/v2\/users\/2"}],"replies":[{"embeddable":true,"href":"https:\/\/www.europesays.com\/fr\/wp-json\/wp\/v2\/comments?post=443681"}],"version-history":[{"count":0,"href":"https:\/\/www.europesays.com\/fr\/wp-json\/wp\/v2\/posts\/443681\/revisions"}],"wp:featuredmedia":[{"embeddable":true,"href":"https:\/\/www.europesays.com\/fr\/wp-json\/wp\/v2\/media\/443682"}],"wp:attachment":[{"href":"https:\/\/www.europesays.com\/fr\/wp-json\/wp\/v2\/media?parent=443681"}],"wp:term":[{"taxonomy":"category","embeddable":true,"href":"https:\/\/www.europesays.com\/fr\/wp-json\/wp\/v2\/categories?post=443681"},{"taxonomy":"post_tag","embeddable":true,"href":"https:\/\/www.europesays.com\/fr\/wp-json\/wp\/v2\/tags?post=443681"}],"curies":[{"name":"wp","href":"https:\/\/api.w.org\/{rel}","templated":true}]}}