{"id":443690,"date":"2025-10-06T21:08:11","date_gmt":"2025-10-06T21:08:11","guid":{"rendered":"https:\/\/www.europesays.com\/fr\/443690\/"},"modified":"2025-10-06T21:08:11","modified_gmt":"2025-10-06T21:08:11","slug":"5-choses-a-savoir-sur-panichelli","status":"publish","type":"post","link":"https:\/\/www.europesays.com\/fr\/443690\/","title":{"rendered":"5 choses \u00e0 savoir sur Panichelli"},"content":{"rendered":"<p class=\"date\">\n                                                            Emmanuel LANGELLIER, Media365, publi\u00e9 le lundi 06 octobre 2025 \u00e0 22h45\n                                                    <\/p>\n<p>Retrouvez 5 choses \u00e0 savoir sur Joaquin Panichelli pour mieux conna\u00eetre l&rsquo;actuel meilleur buteur de Ligue 1.<\/p>\n<p>Fils d&rsquo;un ancien joueur<\/p>\n<p>Joaquin Panichelli (22 ans) est le fils de German Panichelli (61 ans aujourd&rsquo;hui), honn\u00eate milieu de terrain des ann\u00e9es 1980 dont la carri\u00e8re a \u00e9t\u00e9 stopp\u00e9e par une blessure. Une triste nouvelle survenue alors que le River Plate de C\u00e9sar Luis Menotti l&rsquo;avait rapatri\u00e9 de La Paz en 1988. Il est ensuite devenu \u00e9crivain.<\/p>\n<p>Il a explos\u00e9 en D2 espagnole<\/p>\n<p>Embauch\u00e9 par Alav\u00e9s \u00e0 en janvier 2023 apr\u00e8s avoir \u00e9t\u00e9 lib\u00e9r\u00e9 par River Plate o\u00f9 il ne s&rsquo;imposait pas (aucune apparition avec l&rsquo;\u00e9quipe premi\u00e8re), l&rsquo;attaquant strasbourgeois de 1,90 m a \u00e9t\u00e9 victime d&rsquo;une rupture du ligament crois\u00e9 ant\u00e9rieur du genou gauche en juin 2023 puis \u00e9t\u00e9 envoy\u00e9 en pr\u00eat \u00e0 Mirand\u00e8s en D2 espagnole o\u00f9 il a explos\u00e9. Comme il l&rsquo;a confi\u00e9, sa convalescence lui a fait beaucoup de bien car il s&rsquo;est transform\u00e9 physiquement (il a pris 7-8 kilos de muscle) ainsi que mentalement, et il a flamb\u00e9 en 2024-25 : il a plant\u00e9 21 buts (dont pas mal de la t\u00eate) et d\u00e9livr\u00e9 8 passes d\u00e9cisives en 44 matchs. Menant son \u00e9quipe \u00e0 la 4e place du classement.<\/p>\n<p>Achet\u00e9 20 M\u20ac<\/p>\n<p>Rep\u00e9r\u00e9 l&rsquo;\u00e9t\u00e9 dernier par Strasbourg gr\u00e2ce \u00e0 son excellent exercice en deuxi\u00e8me division ib\u00e9rique, Joaquin Panichelli a tap\u00e9 dans l&rsquo;\u0153il du RCSA qui a d\u00e9cid\u00e9 de miser 20 millions d&rsquo;euros (16,5 +3,5 de bonus) sur sa personne et son profil atypique faisant songer \u00e0 Ludovic Ajorque, l&rsquo;ancien chouchou des supporters alsaciens.<\/p>\n<p>Meilleur artificier de L1<\/p>\n<p>Auteur d&rsquo;un superbe doubl\u00e9, dimanche contre Angers (5-0), en battant Herv\u00e9 Koffi deux fois du pied droit aux 36e et 51e minutes, le goleador argentin tr\u00f4ne en t\u00eate du classement des buteurs de Ligue 1 avec 5 r\u00e9alisations apr\u00e8s 7 journ\u00e9es, en compagnie d&rsquo;Ansu Fati (Monaco). Il avait fait trembler les filets d\u00e8s sa premi\u00e8re contre Metz (1-0) le 17 ao\u00fbt, avant de remettre \u00e7a \u00e0 Monaco (2-3) et contre Le Havre (1-0).<\/p>\n<p>La Meinau adore sa grinta<\/p>\n<p>Le natif de Cordoba pla\u00eet beaucoup \u00e0 son nouveau public du Stade de la Meinau gr\u00e2ce \u00e0 son adresse et sa grinta. En tout bon Argentin, Panichelli se d\u00e9m\u00e8ne offensivement, dans les airs ou au sol, mais aussi d\u00e9fensivement. Dimanche, on l&rsquo;a notamment vu d\u00e9gager un corner angevin de la t\u00eate au premier poteau et se montrer \u00e0 l&rsquo;origine d&rsquo;un contre strasbourgeois. \u00ab Il travaille beaucoup au quotidien. Il montre beaucoup d&rsquo;envie. C&rsquo;est m\u00e9rit\u00e9 qu&rsquo;il soit r\u00e9compens\u00e9 \u00bb, a gliss\u00e9 son co\u00e9quipier Samir El Mourabet.<\/p>\n","protected":false},"excerpt":{"rendered":"Emmanuel LANGELLIER, Media365, publi\u00e9 le lundi 06 octobre 2025 \u00e0 22h45 Retrouvez 5 choses \u00e0 savoir sur Joaquin&hellip;\n","protected":false},"author":2,"featured_media":443691,"comment_status":"","ping_status":"","sticky":false,"template":"","format":"standard","meta":{"footnotes":""},"categories":[2820],"tags":[1111,11,1777,674,1011,27,775,12,25,640],"class_list":{"0":"post-443690","1":"post","2":"type-post","3":"status-publish","4":"format-standard","5":"has-post-thumbnail","7":"category-strasbourg","8":"tag-actu","9":"tag-actualites","10":"tag-eu","11":"tag-europe","12":"tag-fr","13":"tag-france","14":"tag-grand-est","15":"tag-news","16":"tag-republique-francaise","17":"tag-strasbourg"},"share_on_mastodon":{"url":"https:\/\/pubeurope.com\/@fr\/115329270020520815","error":""},"_links":{"self":[{"href":"https:\/\/www.europesays.com\/fr\/wp-json\/wp\/v2\/posts\/443690","targetHints":{"allow":["GET"]}}],"collection":[{"href":"https:\/\/www.europesays.com\/fr\/wp-json\/wp\/v2\/posts"}],"about":[{"href":"https:\/\/www.europesays.com\/fr\/wp-json\/wp\/v2\/types\/post"}],"author":[{"embeddable":true,"href":"https:\/\/www.europesays.com\/fr\/wp-json\/wp\/v2\/users\/2"}],"replies":[{"embeddable":true,"href":"https:\/\/www.europesays.com\/fr\/wp-json\/wp\/v2\/comments?post=443690"}],"version-history":[{"count":0,"href":"https:\/\/www.europesays.com\/fr\/wp-json\/wp\/v2\/posts\/443690\/revisions"}],"wp:featuredmedia":[{"embeddable":true,"href":"https:\/\/www.europesays.com\/fr\/wp-json\/wp\/v2\/media\/443691"}],"wp:attachment":[{"href":"https:\/\/www.europesays.com\/fr\/wp-json\/wp\/v2\/media?parent=443690"}],"wp:term":[{"taxonomy":"category","embeddable":true,"href":"https:\/\/www.europesays.com\/fr\/wp-json\/wp\/v2\/categories?post=443690"},{"taxonomy":"post_tag","embeddable":true,"href":"https:\/\/www.europesays.com\/fr\/wp-json\/wp\/v2\/tags?post=443690"}],"curies":[{"name":"wp","href":"https:\/\/api.w.org\/{rel}","templated":true}]}}