{"id":443692,"date":"2025-10-06T21:09:26","date_gmt":"2025-10-06T21:09:26","guid":{"rendered":"https:\/\/www.europesays.com\/fr\/443692\/"},"modified":"2025-10-06T21:09:26","modified_gmt":"2025-10-06T21:09:26","slug":"designation-des-membres-de-la-commission-pour-le-futur-palais-des-arts-et-de-2","status":"publish","type":"post","link":"https:\/\/www.europesays.com\/fr\/443692\/","title":{"rendered":"D\u00e9signation des membres de la commission pour le futur Palais des Arts et de (\u2026)"},"content":{"rendered":"<p>                    <img loading=\"lazy\" decoding=\"async\" src=\"https:\/\/www.europesays.com\/fr\/wp-content\/uploads\/2025\/10\/ce559dc53042705cb968142affa16c.png\" class=\"img-responsive post-image\" width=\"680\" height=\"510\" alt=\"D\u00e9signation des membres\" title=\"D\u00e9signation des membres de la commission pour le futur Palais des Arts et de la culture qui accueillera le Th\u00e9\u00e2tre national de Nice\"\/><\/p>\n<p class=\"chapo\">Mercredi 1er octobre 2025, le Conseil Municipal de Nice a proc\u00e9d\u00e9 \u00e0 l\u2019\u00e9lection des membres appel\u00e9s \u00e0 si\u00e9ger au sein de la Commission d\u2019Appel d\u2019offres sp\u00e9cifique constitu\u00e9e en jury pour le dialogue comp\u00e9titif du Palais des Arts et de la Culture.<\/p>\n<p>Avec ses 17 000m2 de surface et sa voute l\u00e9g\u00e8re de 69 m\u00e8tres de port\u00e9e et de 150 m\u00e8tres de longueur, le Palais des Expositions de Nice (construit entre 1956 et 1954) est un b\u00e2timent remarquable qui deviendra d\u2019ici 2030 le Palais des Arts et de la Culture.<\/p>\n<p>Ce nouvel \u00e9crin, moderne et performant accueillera le <strong>Th\u00e9\u00e2tre National de Nice <\/strong>\u00a0: une grande salle d\u2019une capacit\u00e9 de 800 places, une salle de r\u00e9p\u00e9tition \u00e9quivalente dans ses dimensions \u00e0 la sc\u00e8ne de la grande salle, un foyer pour les spectateurs et un foyer pour les artistes, un atelier de fabrication des d\u00e9cors, un espace de stockage et un quai de d\u00e9chargement ext\u00e9rieur. Ce lieu modulable, d\u2019une surface au sol d\u2019environ 9 000 m\u00b2, facilement am\u00e9nageable, r\u00e9pondra ainsi aux exigences d\u2019un centre dramatique national et \u00e0 celles des grandes repr\u00e9sentations contemporaines. Il fonctionnera en lien avec le site des Franciscains qui propose une salle de 300 spectateurs, deux salles de r\u00e9p\u00e9tition, cinq studios pour des r\u00e9sidences d\u2019artiste et l\u2019administration. Le futur Palais des Arts et de la Culture accueillera \u00e9galement la cin\u00e9math\u00e8que et un espace d\u2019expositions.<\/p>\n<p>Les membres de la commission<\/p>\n<p>La commission est compos\u00e9e en vue de d\u00e9signer le titulaire du maitre de conception-r\u00e9alisation du Palais des Arts et de la Culture (d\u2019ici 1er semestre 2027).<\/p>\n<p><strong>Marc CONCAS<\/strong> sera d\u00e9sign\u00e9 Pr\u00e9sident par arr\u00eat\u00e9 municipal.<\/p>\n<p>Les membres titulaires\u00a0: <strong>Patrick MOTTARD, Anne RAMOS-MAZZUCCO, Jean-Luc GAGLIOLO, Val\u00e9rie DELPECH, Jean-Christophe PICARD<\/strong><\/p>\n<p>Les membres suppl\u00e9ants\u00a0: <strong>Martine OUAKNINE, Robert ROUX, Isabelle VISENTIN, Odile TIXIER DE GUBERNATIS, Juliette CHESNEL-LE ROUX<\/strong><\/p>\n<p>La commission sera compl\u00e9t\u00e9e par la pr\u00e9sence de <strong>trois personnalit\u00e9s qualifi\u00e9es<\/strong> aux comp\u00e9tences av\u00e9r\u00e9es sur des th\u00e9matiques concern\u00e9es.<\/p>\n<p>Visuel de Une\u00a0: Viseul de simulation du projet du futur Palais des arts et de la culture \u00a9M\u00e9tropole NCA<\/p>\n","protected":false},"excerpt":{"rendered":"Mercredi 1er octobre 2025, le Conseil Municipal de Nice a proc\u00e9d\u00e9 \u00e0 l\u2019\u00e9lection des membres appel\u00e9s \u00e0 si\u00e9ger&hellip;\n","protected":false},"author":2,"featured_media":443243,"comment_status":"","ping_status":"","sticky":false,"template":"","format":"standard","meta":{"footnotes":""},"categories":[2819],"tags":[1111,11,2408,1777,674,1011,27,12,2401,882,25],"class_list":{"0":"post-443692","1":"post","2":"type-post","3":"status-publish","4":"format-standard","5":"has-post-thumbnail","7":"category-nice","8":"tag-actu","9":"tag-actualites","10":"tag-appels-d","11":"tag-eu","12":"tag-europe","13":"tag-fr","14":"tag-france","15":"tag-news","16":"tag-nice","17":"tag-provence-alpes-cote-dazur","18":"tag-republique-francaise"},"share_on_mastodon":{"url":"https:\/\/pubeurope.com\/@fr\/115329274404198646","error":""},"_links":{"self":[{"href":"https:\/\/www.europesays.com\/fr\/wp-json\/wp\/v2\/posts\/443692","targetHints":{"allow":["GET"]}}],"collection":[{"href":"https:\/\/www.europesays.com\/fr\/wp-json\/wp\/v2\/posts"}],"about":[{"href":"https:\/\/www.europesays.com\/fr\/wp-json\/wp\/v2\/types\/post"}],"author":[{"embeddable":true,"href":"https:\/\/www.europesays.com\/fr\/wp-json\/wp\/v2\/users\/2"}],"replies":[{"embeddable":true,"href":"https:\/\/www.europesays.com\/fr\/wp-json\/wp\/v2\/comments?post=443692"}],"version-history":[{"count":0,"href":"https:\/\/www.europesays.com\/fr\/wp-json\/wp\/v2\/posts\/443692\/revisions"}],"wp:featuredmedia":[{"embeddable":true,"href":"https:\/\/www.europesays.com\/fr\/wp-json\/wp\/v2\/media\/443243"}],"wp:attachment":[{"href":"https:\/\/www.europesays.com\/fr\/wp-json\/wp\/v2\/media?parent=443692"}],"wp:term":[{"taxonomy":"category","embeddable":true,"href":"https:\/\/www.europesays.com\/fr\/wp-json\/wp\/v2\/categories?post=443692"},{"taxonomy":"post_tag","embeddable":true,"href":"https:\/\/www.europesays.com\/fr\/wp-json\/wp\/v2\/tags?post=443692"}],"curies":[{"name":"wp","href":"https:\/\/api.w.org\/{rel}","templated":true}]}}