{"id":443695,"date":"2025-10-06T21:13:32","date_gmt":"2025-10-06T21:13:32","guid":{"rendered":"https:\/\/www.europesays.com\/fr\/443695\/"},"modified":"2025-10-06T21:13:32","modified_gmt":"2025-10-06T21:13:32","slug":"un-conducteur-percute-un-gendarme-en-prenant-la-fuite-son-collegue-ouvre-le-feu-2","status":"publish","type":"post","link":"https:\/\/www.europesays.com\/fr\/443695\/","title":{"rendered":"Un conducteur percute un gendarme en prenant la fuite, son coll\u00e8gue ouvre le feu"},"content":{"rendered":"<p class=\"mb-4 text-lg md:leading-8 break-words\"><strong>refus d\u2019obtemp\u00e9rer &#8211; Un gendarme a \u00e9t\u00e9 percut\u00e9 par un automobiliste \u00e0 qui il avait demand\u00e9 de s\u2019arr\u00eater, pr\u00e8s de Nantes. Son coll\u00e8gue a ouvert le feu pour immobiliser le v\u00e9hicule<\/strong><\/p>\n<p class=\"mb-4 text-lg md:leading-8 break-words\">Un conducteur en fuite a percut\u00e9 <a href=\"https:\/\/www.20minutes.fr\/dossier\/gendarmerie?at_medium=RSS%20feed&amp;at_campaign=ynews&amp;utm_source=yahoo&amp;utm_medium=rss&amp;utm_campaign=news_feed&amp;utm_content=in_article_link\" rel=\"nofollow noopener\" target=\"_blank\" data-ylk=\"slk:un gendarme;elm:context_link;itc:0;sec:content-canvas\" class=\"link \">un gendarme<\/a> avant d\u2019\u00eatre arr\u00eat\u00e9 et plac\u00e9 en garde \u00e0 vue, stopp\u00e9 par les tirs d\u2019un second militaire. Les faits se sont d\u00e9roul\u00e9s dimanche vers 18h45 \u00e0 La-Chapelle-sur-Erdre (Loire-Atlantique), au nord de <a href=\"https:\/\/www.20minutes.fr\/nantes\/?at_medium=RSS%20feed&amp;at_campaign=ynews&amp;utm_source=yahoo&amp;utm_medium=rss&amp;utm_campaign=news_feed&amp;utm_content=in_article_link\" rel=\"nofollow noopener\" target=\"_blank\" data-ylk=\"slk:Nantes;elm:context_link;itc:0;sec:content-canvas\" class=\"link \">Nantes<\/a>.<\/p>\n<p class=\"mb-4 text-lg md:leading-8 break-words\">Des gendarmes \u00ab ont \u00e9t\u00e9 sollicit\u00e9s pour de multiples infractions de la part d\u2019un automobiliste \u00bb, affirme \u00e0 20 Minutes le lieutenant-colonel Gag\u00e9 de la gendarmerie du <a href=\"https:\/\/www.20minutes.fr\/societe\/4177388-20251006-pays-loire-horaires-certains-ter-modifies-lundi-voici-pourquoi?at_medium=RSS%20feed&amp;at_campaign=ynews&amp;utm_source=yahoo&amp;utm_medium=rss&amp;utm_campaign=news_feed&amp;utm_content=in_article_link\" rel=\"nofollow noopener\" target=\"_blank\" data-ylk=\"slk:Pays-de-la-Loire;elm:context_link;itc:0;sec:content-canvas\" class=\"link \">Pays-de-la-Loire<\/a>, confirmant une information de <a href=\"https:\/\/www.ouest-france.fr\/societe\/faits-divers\/un-gendarme-ouvre-le-feu-pres-de-nantes-pour-stopper-un-chauffard-qui-a-percute-son-collegue-5cacddaa-a293-11f0-a698-dbf3ac8f3cb6?at_medium=RSS%20feed&amp;at_campaign=ynews&amp;utm_source=yahoo&amp;utm_medium=rss&amp;utm_campaign=news_feed&amp;utm_content=in_article_link\" rel=\"nofollow noopener\" target=\"_blank\" data-ylk=\"slk:Ouest-France;elm:context_link;itc:0;sec:content-canvas\" class=\"link \">Ouest-France<\/a>. Somm\u00e9 de s\u2019arr\u00eater, l\u2019individu a pris la fuite \u00e0 bord de son v\u00e9hicule engendrant une poursuite au cours de laquelle \u00ab le v\u00e9hicule a percut\u00e9 une habitation \u00bb. Sur place, l\u2019un des gendarmes est sorti de son v\u00e9hicule dans le but de proc\u00e9der aux injonctions avant que l\u2019automobiliste n\u2019ouvre sa porti\u00e8re pour finalement reculer et le percuter.<\/p>\n<p>Etat d\u2019\u00e9bri\u00e9t\u00e9<\/p>\n<p class=\"mb-4 text-lg md:leading-8 break-words\">\u00ab Pour \u00e9viter que son coll\u00e8gue soit percut\u00e9 une deuxi\u00e8me fois, le second militaire a ouvert le feu en visant les roues de fa\u00e7on \u00e0 immobiliser le v\u00e9hicule \u00bb, d\u00e9taille la gendarmerie. L\u2019individu a \u00e9t\u00e9 interpell\u00e9 et plac\u00e9 en garde \u00e0 vue dans la soir\u00e9e pour refus d\u2019obtemp\u00e9rer et pour avoir volontairement percut\u00e9 un gendarme.<\/p>\n<p class=\"mb-4 text-lg md:leading-8 break-words\">Le gendarme \u00ab ne pr\u00e9sente que des contusions \u00bb. L\u2019individu interpell\u00e9 est un homme de 35 ans d\u00e9j\u00e0 connu des services de gendarmerie. Il conduisait en <a href=\"https:\/\/www.20minutes.fr\/societe\/ivresse\/?at_medium=RSS%20feed&amp;at_campaign=ynews&amp;utm_source=yahoo&amp;utm_medium=rss&amp;utm_campaign=news_feed&amp;utm_content=in_article_link\" rel=\"nofollow noopener\" target=\"_blank\" data-ylk=\"slk:\u00e9tat d\u2019\u00e9bri\u00e9t\u00e9;elm:context_link;itc:0;sec:content-canvas\" class=\"link \">\u00e9tat d\u2019\u00e9bri\u00e9t\u00e9<\/a>.<\/p>\n<p class=\"mb-4 text-lg md:leading-8 break-words\"><a href=\"https:\/\/www.20minutes.fr\/faits_divers\/faits-divers-nantes\/4177495-20251006-nantes-conducteur-percute-gendarme-prenant-fuite-collegue-ouvre-feu?at_medium=RSS%20feed&amp;at_campaign=ynews&amp;utm_source=yahoo&amp;utm_medium=rss&amp;utm_campaign=news_feed&amp;utm_content=read_more_link&quot;\" rel=\"nofollow noopener\" target=\"_blank\" data-ylk=\"slk:Lire la suite sur 20minutes;elm:context_link;itc:0;sec:content-canvas\" class=\"link \">Lire la suite sur 20minutes<\/a><\/p>\n<p>\u00c0 lire aussi :<br \/><a href=\"https:\/\/www.20minutes.fr\/faits_divers\/4172579-20250911-rennes-pieton-etat-grave-apres-avoir-percute-conducteur-fuite?at_medium=RSS%20feed&amp;at_campaign=ynews&amp;utm_source=yahoo&amp;utm_medium=rss&amp;utm_campaign=news_feed&amp;utm_content=related_content_link\" rel=\"nofollow noopener\" target=\"_blank\" data-ylk=\"slk:Rennes : Un pi\u00e9ton dans un \u00e9tat grave apr\u00e8s avoir \u00e9t\u00e9 percut\u00e9 par un conducteur en fuite;elm:context_link;itc:0;sec:content-canvas\" class=\"link \">Rennes : Un pi\u00e9ton dans un \u00e9tat grave apr\u00e8s avoir \u00e9t\u00e9 percut\u00e9 par un conducteur en fuite<\/a><br \/><a href=\"https:\/\/www.20minutes.fr\/economie\/4176675-20251002-sncf-francais-precipites-acheter-billets-noel-prix-flambent-deja?at_medium=RSS%20feed&amp;at_campaign=ynews&amp;utm_source=yahoo&amp;utm_medium=rss&amp;utm_campaign=news_feed&amp;utm_content=related_content_link\" rel=\"nofollow noopener\" target=\"_blank\" data-ylk=\"slk:SNCF : Les Fran\u00e7ais se sont pr\u00e9cipit\u00e9s pour acheter leurs billets pour No\u00ebl, les prix flambent d\u00e9j\u00e0;elm:context_link;itc:0;sec:content-canvas\" class=\"link \">SNCF : Les Fran\u00e7ais se sont pr\u00e9cipit\u00e9s pour acheter leurs billets pour No\u00ebl, les prix flambent d\u00e9j\u00e0<\/a><\/p>\n","protected":false},"excerpt":{"rendered":"refus d\u2019obtemp\u00e9rer &#8211; Un gendarme a \u00e9t\u00e9 percut\u00e9 par un automobiliste \u00e0 qui il avait demand\u00e9 de s\u2019arr\u00eater,&hellip;\n","protected":false},"author":2,"featured_media":443696,"comment_status":"","ping_status":"","sticky":false,"template":"","format":"standard","meta":{"footnotes":""},"categories":[2818],"tags":[1111,11,57000,1777,674,1011,27,7066,19911,766,12,2636,25],"class_list":{"0":"post-443695","1":"post","2":"type-post","3":"status-publish","4":"format-standard","5":"has-post-thumbnail","7":"category-nantes","8":"tag-actu","9":"tag-actualites","10":"tag-etat-debriete","11":"tag-eu","12":"tag-europe","13":"tag-fr","14":"tag-france","15":"tag-fuite","16":"tag-gendarme","17":"tag-nantes","18":"tag-news","19":"tag-pays-de-la-loire","20":"tag-republique-francaise"},"share_on_mastodon":{"url":"https:\/\/pubeurope.com\/@fr\/115329289758808115","error":""},"_links":{"self":[{"href":"https:\/\/www.europesays.com\/fr\/wp-json\/wp\/v2\/posts\/443695","targetHints":{"allow":["GET"]}}],"collection":[{"href":"https:\/\/www.europesays.com\/fr\/wp-json\/wp\/v2\/posts"}],"about":[{"href":"https:\/\/www.europesays.com\/fr\/wp-json\/wp\/v2\/types\/post"}],"author":[{"embeddable":true,"href":"https:\/\/www.europesays.com\/fr\/wp-json\/wp\/v2\/users\/2"}],"replies":[{"embeddable":true,"href":"https:\/\/www.europesays.com\/fr\/wp-json\/wp\/v2\/comments?post=443695"}],"version-history":[{"count":0,"href":"https:\/\/www.europesays.com\/fr\/wp-json\/wp\/v2\/posts\/443695\/revisions"}],"wp:featuredmedia":[{"embeddable":true,"href":"https:\/\/www.europesays.com\/fr\/wp-json\/wp\/v2\/media\/443696"}],"wp:attachment":[{"href":"https:\/\/www.europesays.com\/fr\/wp-json\/wp\/v2\/media?parent=443695"}],"wp:term":[{"taxonomy":"category","embeddable":true,"href":"https:\/\/www.europesays.com\/fr\/wp-json\/wp\/v2\/categories?post=443695"},{"taxonomy":"post_tag","embeddable":true,"href":"https:\/\/www.europesays.com\/fr\/wp-json\/wp\/v2\/tags?post=443695"}],"curies":[{"name":"wp","href":"https:\/\/api.w.org\/{rel}","templated":true}]}}