{"id":443707,"date":"2025-10-06T21:19:40","date_gmt":"2025-10-06T21:19:40","guid":{"rendered":"https:\/\/www.europesays.com\/fr\/443707\/"},"modified":"2025-10-06T21:19:40","modified_gmt":"2025-10-06T21:19:40","slug":"revue-de-presse-psg-lille-nuno-mendes-chevalier","status":"publish","type":"post","link":"https:\/\/www.europesays.com\/fr\/443707\/","title":{"rendered":"Revue de Presse PSG : Lille, Nuno Mendes, Chevalier&#8230;"},"content":{"rendered":"<p><strong>Vu et lu au sujet du PSG dans la <a href=\"https:\/\/canal-supporters.com\/category\/revue-de-presse\/\" title=\"\" target=\"_blank\" rel=\"noopener\">presse hexagonale<\/a> ce lundi 6 octobre 2025. Le PSG conc\u00e8de le<br \/>\nnul \u00e0 Lille dans les derni\u00e8res minutes (1-1) mais retrouve son<br \/>\nfauteuil de leader, la semaine de r\u00eave de Nuno Mendes, les<br \/>\nretrouvailles de Lucas Chevalier avec le public<br \/>\nlillois\u2026<\/strong><\/p>\n<p> <img loading=\"lazy\" decoding=\"async\" width=\"1024\" height=\"142\" src=\"https:\/\/www.europesays.com\/fr\/wp-content\/uploads\/2025\/10\/Capture-decran-2025-10-06-a-06-1024x142.jpg\" alt=\"Capture d\u2019\u00e9cran 2025 10 06 \u00e0 06\" class=\"wp-image-582070\" style=\"width:779px;height:auto\"  \/><\/p>\n<p>Dans son \u00e9dition du jour, <strong><a href=\"https:\/\/www.lequipe.fr\/Football\/Article\/Malgre-un-nul-frustrant-a-lille-le-psg-boucle-une-premiere-partie-de-championnat-satisfaisante-dans-un-contexte-sanitaire-agite\/1599426\" target=\"_blank\" rel=\"noopener\" title=\"\">L\u2019Equipe<\/a><\/strong><br \/>\nrevient sur le match nul du <strong>PSG<\/strong> sur la pelouse du<br \/>\n<strong>LOSC<\/strong> (1-1) ce dimanche soir en conclusion de la<br \/>\n<strong>7e journ\u00e9e de Ligue 1<\/strong>. Malgr\u00e9 une cascade de<br \/>\nblessures (<strong>Marquinhos<\/strong>, <strong>Jo\u00e3o<br \/>\nNeves<\/strong>, <strong>Fabian Ruiz<\/strong>, <strong>D\u00e9sir\u00e9<br \/>\nDou\u00e9<\/strong>, <strong>Khvicha Kvaratskhelia<\/strong> et<br \/>\n<strong>Ousmane Demb\u00e9l\u00e9<\/strong> absents) et un onze de d\u00e9part<br \/>\nremani\u00e9, avec notamment les titularisations de <strong>Senny<br \/>\nMayulu<\/strong>, <strong>Ibrahim Mbaye<\/strong> et <strong>Quentin<br \/>\nNdjantou<\/strong>, les joueurs de <strong>Luis Enrique<\/strong> se<br \/>\ndirigeaient vers un succ\u00e8s jusqu\u2019\u00e0 l\u2019\u00e9galisation tardive d\u2019un<br \/>\nancien Parisien, <strong>Ethan Mbapp\u00e9<\/strong> (85e), entr\u00e9 en jeu<br \/>\nquelques minutes plus t\u00f4t. \u00ab\u00a0C\u2019\u00e9tait bien pay\u00e9 pour<br \/>\n<strong>Lille<\/strong>, qui n\u2019avait jusque-l\u00e0 abim\u00e9 les gants de<br \/>\nson ancien gardien \u2013 pass\u00e9 dans le camp d\u2019en face cet \u00e9t\u00e9 \u2013 que sur<br \/>\nune frappe axiale de <strong>Nabil Bentaleb<\/strong> sans grand<br \/>\ndanger (47e).\u00a0\u00bb Car avant cela, l\u2019\u00e9quipe de <strong>Bruno<br \/>\nG\u00e9n\u00e9sio<\/strong> avait certes des automatismes mais manquait de<br \/>\njustesse dans le dernier geste. En face, <strong>Paris<\/strong><br \/>\nproposait un onze de d\u00e9part exp\u00e9rimental. \u00ab\u00a0Dans les<br \/>\nplacements, les transmissions, ce <strong>PSG<\/strong> \u00e9tait<br \/>\nbrouillon, inabouti, \u00e0 l\u2019image de ce premier tir intervenu \u00e0 la 30e<br \/>\nminute, mais il avait choisi ses combats. Contraint de jouer<br \/>\nbeaucoup de duels, incapable de manoeuvrer techniquement ou de<br \/>\nr\u00e9guler le tempo en l\u2019absence <strong>Vitinha<\/strong>, il<br \/>\ncompensait par une grosse solidarit\u00e9 dans les courses et le<br \/>\npressing.\u00a0\u00bb Cela a permis aux Titis de conna\u00eetre une<br \/>\nint\u00e9gration express \u00e0 l\u2019image de la premi\u00e8re titularisation de<br \/>\n<strong>Quentin Ndjantou<\/strong>. En attaque, seul <strong>Bradley<br \/>\nBarcola<\/strong> apportait du danger mais faisait toujours preuve<br \/>\nde d\u00e9chet dans la finition tandis que <strong>Gon\u00e7alo<br \/>\nRamos<\/strong> errait sur la pelouse du <strong>Stade Pierre<br \/>\nMauroy<\/strong> (seulement 4 ballons touch\u00e9s apr\u00e8s 30 minutes).<\/p>\n<p>Cette rencontre a connu un tournant lors des entr\u00e9es en jeu des<br \/>\ncadres \u00e0 l\u2019heure de jeu (<strong>Nuno Mendes<\/strong>,<br \/>\n<strong>Achraf Hakimi<\/strong> et <strong>Vitinha<\/strong>). Le<br \/>\nlat\u00e9ral gauche a d\u00e9bloqu\u00e9 ce match d\u2019un geste individuel de grande<br \/>\nclasse en transformant un coup-franc d\u2019une trentaine de m\u00e8tres<br \/>\n(66e). Le Portugais confirme un peu plus la richesse de sa palette<br \/>\net vient conclure une belle semaine apr\u00e8s sa belle performance sur<br \/>\nla pelouse du <strong>FC Barcelone<\/strong> (1-2) en <strong>Ligue<br \/>\ndes champions<\/strong>. Malgr\u00e9 ce nul arrach\u00e9 par <strong>Ethan<br \/>\nMbapp\u00e9<\/strong>, le <strong>PSG<\/strong> reprend la t\u00eate du<br \/>\nchampionnat avant la tr\u00eave internationale. \u00ab\u00a0En dehors du<br \/>\ncouac dans le <strong>Classique<\/strong> \u00e0 Marseille (0-1), le<br \/>\nchampion en titre a r\u00e9ussi un carton plein. Vainqueur de la<br \/>\n<strong>Supercoupe d\u2019Europe<\/strong> dans la douleur, souverain en<br \/>\n<strong>Ligue des champions<\/strong>, leader de la<br \/>\n<strong>L1<\/strong> donc, il a surmont\u00e9 cette s\u00e9quence<br \/>\np\u00e9rilleuse.\u00a0\u00bb \u00c0 moins d\u2019une nouvelle h\u00e9catombe de<br \/>\nblessures, le pire est peut-\u00eatre derri\u00e8re le <strong>PSG<\/strong>,<br \/>\nqui va commencer \u00e0 r\u00e9cup\u00e9rer ses bless\u00e9s apr\u00e8s cette coupure<br \/>\ninternationale. \u00ab\u00a0En interne, certains estiment d\u2019ailleurs<br \/>\nque c\u2019est un mal pour un bien. Et que ces p\u00e9pins physiques presque<br \/>\nattendus sont intervenus loin du money-time de la saison. Alors, il<br \/>\nsera temps de proposer un visage autrement plus convaincant dans le<br \/>\njeu\u00a0\u00bb, conclut <strong>L\u2019E<\/strong>.<\/p>\n<p> <img loading=\"lazy\" decoding=\"async\" width=\"1024\" height=\"321\" src=\"https:\/\/www.europesays.com\/fr\/wp-content\/uploads\/2025\/10\/Capture-decran-2025-10-06-a-06-1-1024x321.jpg\" alt=\"Capture d\u2019\u00e9cran 2025 10 06 \u00e0 06\" class=\"wp-image-582071\" style=\"width:740px;height:auto\"  \/><\/p>\n<p>Apr\u00e8s sa belle partition sur la pelouse du <strong>FC<br \/>\nBarcelone<\/strong> en <strong>Ligue des champions<\/strong>,<br \/>\n<strong><a href=\"https:\/\/canal-supporters.com\/mendes-on-voulait-la-victoire-mais-on-na-pas-reussi\/\" title=\"\" target=\"_blank\" rel=\"noopener\">Nuno Mendes<\/a><\/strong> a une nouvelle fois r\u00e9cidiv\u00e9 en<br \/>\nsortie de banc face au <strong>LOSC<\/strong> ce dimanche. Le<br \/>\nlat\u00e9ral parisien a v\u00e9cu une tr\u00e8s belle semaine. En seulement<br \/>\nquelques minutes \u00e0 <strong>Lille<\/strong>, le Portugais a montr\u00e9<br \/>\npourquoi il \u00e9tait consid\u00e9r\u00e9 comme le meilleur lat\u00e9ral gauche de la<br \/>\nplan\u00e8te. Entr\u00e9 en jeu \u00e0 la 59e minute en lieu et place de<br \/>\n<strong>Bradley Barcola<\/strong>, l\u2019ancien du<br \/>\n<strong>Sporting<\/strong> a ouvert le score 8 minutes plus tard<br \/>\nd\u2019un sublime coup-franc de trente m\u00e8tres, inscrivant ainsi son<br \/>\npremier but en <strong>Ligue 1<\/strong> cette saison. \u00ab\u00a0Il<br \/>\nest d\u00e9sormais impliqu\u00e9 sur 3 buts lors de ses 4 derniers matches<br \/>\ntoutes comp\u00e9titions confondues (2 buts, une passe d\u00e9cisive), autant<br \/>\nque lors de ses 21 pr\u00e9c\u00e9dents. En <strong>Europe<\/strong>, seuls<br \/>\n<strong>Denzel Dumfries<\/strong> (10) et <strong>Achraf<br \/>\nHakimi<\/strong> (8) comptent plus de buts que lui, toutes<br \/>\ncomp\u00e9titions confondues en 2025, parmi les d\u00e9fenseurs des cinq<br \/>\ngrands Championnats europ\u00e9ens.\u00a0\u00bb<\/p>\n<p>Pourtant, le num\u00e9ro 25 des Rouge &amp; Bleu n\u2019\u00e9tait pas vraiment<br \/>\nsatisfait apr\u00e8s la rencontre : \u00ab\u00a0Heureusement, j\u2019ai r\u00e9ussi<br \/>\n\u00e0 marquer, mais je pense qu\u2019il fallait faire un peu plus. Tenir le<br \/>\n1-0, c\u2019\u00e9tait compliqu\u00e9 contre une bonne \u00e9quipe, qui joue bien au<br \/>\nfoot, qui pouvait nous faire mal. Au final, je ne pense pas qu\u2019on<br \/>\nait de regrets. On \u00e9tait bien, mais ils ont r\u00e9ussi \u00e0 marquer, c\u2019est<br \/>\nle foot.\u00a0\u00bb Apr\u00e8s avoir termin\u00e9 au poste d\u2019ailier \u00e0<br \/>\n<strong>Barcelone<\/strong>, <strong>Nuno Mendes<\/strong> est entr\u00e9<br \/>\ndans cette position \u00e0 <strong>Lille<\/strong>. <strong>Luis<br \/>\nEnrique<\/strong> a expliqu\u00e9 ce choix en apr\u00e8s-match. \u00ab\u00a0Il<br \/>\nest lat\u00e9ral, clairement, mais comme nous avons des difficult\u00e9s et<br \/>\nque nous devons chercher des options pour l\u2019\u00e9quipe, on l\u2019a utilis\u00e9<br \/>\nl\u00e0. Mais il peut jouer partout.\u00a0\u00bb D\u00e9sormais, <strong>Nuno<br \/>\nMendes<\/strong> va retrouver sa s\u00e9lection du<br \/>\n<strong>Portugal<\/strong>, \u00ab\u00a0avec l\u2019espoir de ne pas se<br \/>\nblesser comme certains de ses partenaires.\u00a0\u00bb<\/p>\n<p> <img loading=\"lazy\" decoding=\"async\" width=\"1024\" height=\"375\" src=\"https:\/\/www.europesays.com\/fr\/wp-content\/uploads\/2025\/10\/Capture-decran-2025-10-06-a-06-2-1024x375.jpg\" alt=\"Capture d\u2019\u00e9cran 2025 10 06 \u00e0 06\" class=\"wp-image-582072\" style=\"width:661px;height:auto\"  \/><\/p>\n<p>Enfin, le quotidien sportif fait un focus sur la prestation des<br \/>\ndeux portiers de la soir\u00e9e : <strong><a href=\"https:\/\/canal-supporters.com\/chevalier-luis-enrique-veut-mutiliser-dans-le-jeu-un-reel-onzieme-joueur\/\" title=\"\" target=\"_blank\" rel=\"noopener\">Lucas Chevalier<\/a><\/strong> et <strong>Berke<br \/>\n\u00d6zer<\/strong>. Et les deux gardiens ont v\u00e9cu une soir\u00e9e plut\u00f4t<br \/>\ntranquille. Auteur d\u2019une performance incroyable face \u00e0 <strong>l\u2019AS<br \/>\nRoma<\/strong> en <strong>Ligue Europa<\/strong> en sortant trois<br \/>\npenalties, le gardien turc n\u2019a rien pu faire sur le coup-franc de<br \/>\n<strong>Nuno Mendes<\/strong>. En revanche, il s\u2019est distingu\u00e9 par<br \/>\ndeux arr\u00eats sur des frappes de <strong>Bradley Barcola<\/strong> et<br \/>\n<strong>Lee Kang-In<\/strong>. Pour son retour \u00e0 la maison,<br \/>\n<strong>Lucas Chevalier<\/strong> a \u00e9t\u00e9 peu sollicit\u00e9 durant la<br \/>\nrencontre jusqu\u2019au but \u00e9galisateur d\u2019<strong>Ethan Mbapp\u00e9<\/strong>.<br \/>\n\u00ab\u00a0Un essai sur lequel il semblait pouvoir mieux faire et<br \/>\no\u00f9 il plonge un peu \u00e0 contretemps.\u00a0\u00bb Au moment de son<br \/>\n\u00e9chauffement, le portier fran\u00e7ais a \u00e9t\u00e9 salu\u00e9 par le public<br \/>\nlillois. \u00ab\u00a0Le ton des tribunes avait encore \u00e9t\u00e9 plus<br \/>\nchaleureux \u00e0 son retour des vestiaires en deuxi\u00e8me p\u00e9riode avec un<br \/>\npetit chant entonn\u00e9 par les ultras en hommage \u00e0 ses ann\u00e9es de<br \/>\nDogue.\u00a0\u00bb<\/p>\n<p> <img loading=\"lazy\" decoding=\"async\" width=\"1024\" height=\"120\" src=\"https:\/\/www.europesays.com\/fr\/wp-content\/uploads\/2025\/10\/Capture-decran-2025-10-06-a-06-3-1024x120.jpg\" alt=\"Capture d\u2019\u00e9cran 2025 10 06 \u00e0 06\" class=\"wp-image-582073\" style=\"width:794px;height:auto\"  \/><\/p>\n<p>De son cot\u00e9, <strong><a href=\"https:\/\/www.leparisien.fr\/sports\/football\/ligue-1\/lille-psg-1-1-sans-ses-cadres-paris-se-contente-du-nul-mais-peut-nourrir-des-regrets-05-10-2025-Z2IU4UHUO5AEBPOQ6XDUVG2SDM.php\" target=\"_blank\" rel=\"noopener\" title=\"\">Le<br \/>\nParisien<\/a><\/strong> \u00e9voque aussi ce partage de points entre<br \/>\nle <strong>LOSC<\/strong> et le <strong>PSG<\/strong> (1-1) ce<br \/>\ndimanche soir. Avec une \u00e9quipe rajeunie, les champions de France<br \/>\nont r\u00e9ussi \u00e0 limiter la casse et peuvent m\u00eame avoir des regrets.<br \/>\nFace au <strong>LOSC<\/strong>, le club parisien s\u2019est pr\u00e9sent\u00e9 avec<br \/>\nune \u00e9quipe d\u2019une moyenne d\u2019\u00e2ge de 22 ans sur la pelouse. Quatre<br \/>\njours apr\u00e8s la victoire au caract\u00e8re face au <strong>FC<br \/>\nBarcelone<\/strong>, les Rouge &amp; Bleu \u00ab\u00a0ont longtemps cru<br \/>\nsigner un nouveau succ\u00e8s probant \u00e0 <strong>Lille<\/strong>, avant,<br \/>\nune fois n\u2019est pas coutume, de l\u00e2cher le r\u00e9sultat dans les derniers<br \/>\ninstants du match\u00a0\u00bb sur un but d\u2019<strong>Ethan<br \/>\nMbapp\u00e9<\/strong>. \u00ab\u00a0Les voyages forment la jeunesse et<br \/>\ncette derni\u00e8re apprendra de ce match nul qui laisse un go\u00fbt<br \/>\namer\u00a0\u00bb, surtout apr\u00e8s avoir fait le plus dur avec la<br \/>\nmagnifique ouverture du score de <strong>Nuno Mendes<\/strong>. Le<br \/>\nplan de <strong>Luis Enrique<\/strong> avait presque fonctionn\u00e9 avec<br \/>\nce match nul jusqu\u2019\u00e0 l\u2019heure de jeu avant de lancer l\u2019artillerie<br \/>\nlourde avec les entr\u00e9es d\u2019<strong>Achraf Hakimi<\/strong>,<br \/>\n<strong>Nuno Mendes<\/strong> et <strong>Vitinha<\/strong>.<\/p>\n<p>Avant cela, la jeunesse parisienne a eu le m\u00e9rite de tenir t\u00eate<br \/>\n\u00e0 une \u00e9quipe europ\u00e9enne. Parmi l\u2019\u00e9quipe titulaire de la finale de<br \/>\n<strong>Ligue des champions<\/strong> du 31 mai dernier,<br \/>\n<strong>Willian Pacho<\/strong> \u00e9tait le seul rescap\u00e9 au coup<br \/>\nd\u2019envoi \u00ab\u00a0La formation rouge et bleu n\u2019avait peut-\u00eatre pas<br \/>\nle visage de la meilleure \u00e9quipe du monde, mais elle a affich\u00e9<br \/>\nd\u2019autres valeurs qui lui ont permis de tenir le score\u00a0\u00bb,<br \/>\nsalue <strong>LP<\/strong>. Elle pourrait m\u00eame avoir des<br \/>\nregrets apr\u00e8s un face-\u00e0-face manqu\u00e9 de <strong>Bradley<br \/>\nBarcola<\/strong> avant la pause (43e). \u00ab\u00a0Comment un gar\u00e7on<br \/>\nde son niveau, international, peut-il conduire son ballon de la<br \/>\nsorte et manquer de finesse technique dans la zone de v\u00e9rit\u00e9 ? Un<br \/>\nmal r\u00e9current, malheureusement, pour l\u2019ancien Lyonnais qui n\u2019a pas<br \/>\nenfil\u00e9 le costume de leader de l\u2019attaque aussi bien \u00e0<br \/>\n<strong>Barcelone<\/strong> qu\u2019\u00e0 <strong>Lille<\/strong>.\u00a0\u00bb<br \/>\nSi le <strong>PSG<\/strong> a parfois fait son \u00e2ge sur la pelouse de<br \/>\n<strong>Pierre-Mauroy<\/strong> avec un manque de tranchant de la<br \/>\npart de certains Titis, \u00ab\u00a0le collectif parisien n\u2019a \u00e9t\u00e9<br \/>\nque tr\u00e8s rarement bouscul\u00e9 par une formation nordiste pas beaucoup<br \/>\nplus inspir\u00e9e offensivement malgr\u00e9 une moyenne d\u2019\u00e2ge bien plus<br \/>\nimportante (28 ans)\u00a0\u00bb, conclut le quotidien<br \/>\nfrancilien.<\/p>\n<\/p>\n<p>Youtube :<br \/>\n<strong><a href=\"https:\/\/www.youtube.com\/@CanalSupportersParis\/videos\" target=\"_blank\" rel=\"noopener\" title=\"\">Canal Supporters<br \/>\nParis<\/a><\/strong><\/p>\n","protected":false},"excerpt":{"rendered":"Vu et lu au sujet du PSG dans la presse hexagonale ce lundi 6 octobre 2025. Le PSG&hellip;\n","protected":false},"author":2,"featured_media":43795,"comment_status":"","ping_status":"","sticky":false,"template":"","format":"standard","meta":{"footnotes":""},"categories":[2815],"tags":[1111,11,81,57002,787,1777,674,1011,27,811,66,1307,56358,56629,4668,12,5210,15188,91,92,93,25,13125,15189,96],"class_list":{"0":"post-443707","1":"post","2":"type-post","3":"status-publish","4":"format-standard","5":"has-post-thumbnail","7":"category-lille","8":"tag-actu","9":"tag-actualites","10":"tag-canal-supporters","11":"tag-chevalier-psg","12":"tag-cs","13":"tag-eu","14":"tag-europe","15":"tag-fr","16":"tag-france","17":"tag-hauts-de-france","18":"tag-ligue-1","19":"tag-lille","20":"tag-lille-psg","21":"tag-losc-psg","22":"tag-lucas-chevalier","23":"tag-news","24":"tag-nuno-mendes","25":"tag-nuno-mendes-psg","26":"tag-paris-saint-germain","27":"tag-paris-sg","28":"tag-psg","29":"tag-republique-francaise","30":"tag-revue-de-presse","31":"tag-revue-de-presse-psg","32":"tag-une"},"share_on_mastodon":{"url":"https:\/\/pubeurope.com\/@fr\/115329313577160377","error":""},"_links":{"self":[{"href":"https:\/\/www.europesays.com\/fr\/wp-json\/wp\/v2\/posts\/443707","targetHints":{"allow":["GET"]}}],"collection":[{"href":"https:\/\/www.europesays.com\/fr\/wp-json\/wp\/v2\/posts"}],"about":[{"href":"https:\/\/www.europesays.com\/fr\/wp-json\/wp\/v2\/types\/post"}],"author":[{"embeddable":true,"href":"https:\/\/www.europesays.com\/fr\/wp-json\/wp\/v2\/users\/2"}],"replies":[{"embeddable":true,"href":"https:\/\/www.europesays.com\/fr\/wp-json\/wp\/v2\/comments?post=443707"}],"version-history":[{"count":0,"href":"https:\/\/www.europesays.com\/fr\/wp-json\/wp\/v2\/posts\/443707\/revisions"}],"wp:featuredmedia":[{"embeddable":true,"href":"https:\/\/www.europesays.com\/fr\/wp-json\/wp\/v2\/media\/43795"}],"wp:attachment":[{"href":"https:\/\/www.europesays.com\/fr\/wp-json\/wp\/v2\/media?parent=443707"}],"wp:term":[{"taxonomy":"category","embeddable":true,"href":"https:\/\/www.europesays.com\/fr\/wp-json\/wp\/v2\/categories?post=443707"},{"taxonomy":"post_tag","embeddable":true,"href":"https:\/\/www.europesays.com\/fr\/wp-json\/wp\/v2\/tags?post=443707"}],"curies":[{"name":"wp","href":"https:\/\/api.w.org\/{rel}","templated":true}]}}