{"id":443708,"date":"2025-10-06T21:20:15","date_gmt":"2025-10-06T21:20:15","guid":{"rendered":"https:\/\/www.europesays.com\/fr\/443708\/"},"modified":"2025-10-06T21:20:15","modified_gmt":"2025-10-06T21:20:15","slug":"a-marseille-casques-et-honneurs-pour-les-nouveaux-marins-pompiers","status":"publish","type":"post","link":"https:\/\/www.europesays.com\/fr\/443708\/","title":{"rendered":"\u00c0 Marseille, casques et honneurs pour les nouveaux marins-pompiers"},"content":{"rendered":"<p>Sur la place d\u2019armes du site du Commandement de la Marine, surplombant l\u2019anse du Pharo (7e), ils ont re\u00e7u leurs casques, faisant de ce lundi 6\u00a0octobre un moment important de leur carri\u00e8re de marins-pompiers. L\u2019aboutissement de huit mois de formation pour ces nouveaux officiers des ports de la marine nationale et quartiers-ma\u00eetres de la flotte.<\/p>\n<p>\u00ab\u00a0Dans le grand navire quatre fois centenaire de la marine nationale\u00a0\u00bb<\/p>\n<p>Les premiers, plus exp\u00e9riment\u00e9s, ont re\u00e7u, des mains du commandant du Bataillon, <a href=\"https:\/\/www.laprovence.com\/article\/faits-divers-justice\/1306852221750716\/120-000-interventions-des-marins-pompiers-de-marseille-en-2023-entretien-avec-le-vice-amiral-lionel-mathieu\" target=\"_blank\" rel=\"noopener\">le vice-amiral Lionel Mathieu<\/a>, un casque rouge, alors qu\u2019il est gris pour les seconds. \u00ab\u00a0Vous avez fait un choix rare et difficile, celui de servir\u00a0\u00bb, louait-il en pr\u00e9ambule, afin d\u2019accueillir ces nouveaux venus \u00ab\u00a0dans le grand navire quatre fois centenaire de la marine nationale\u00a0\u00bb.<\/p>\n<p><img alt=\"Les marins-pompiers ont re\u00e7u leurs casques des mains du vice-amiral Lionel Mathieu.\" loading=\"lazy\" decoding=\"async\" data-nimg=\"fill\" class=\" TwicCore_img__i9TC1 undefined  undefined\" style=\"position:absolute;height:100%;width:100%;left:0;top:0;right:0;bottom:0;color:transparent;background-size:cover;background-position:50% 50%;background-repeat:no-repeat;background-image:url(&quot;data:image\/svg+xml;charset=utf-8,%3Csvg xmlns='http:\/\/www.w3.org\/2000\/svg' %3E%3Cfilter id='b' color-interpolation-filters='sRGB'%3E%3CfeGaussianBlur stdDeviation='20'\/%3E%3CfeColorMatrix values='1 0 0 0 0 0 1 0 0 0 0 0 1 0 0 0 0 0 100 -1' result='s'\/%3E%3CfeFlood x='0' y='0' width='100%25' height='100%25'\/%3E%3CfeComposite operator='out' in='s'\/%3E%3CfeComposite in2='SourceGraphic'\/%3E%3CfeGaussianBlur stdDeviation='20'\/%3E%3C\/filter%3E%3Cimage width='100%25' height='100%25' x='0' y='0' preserveAspectRatio='none' style='filter: url(%23b);' href='https:\/\/pictures.laprovence.com\/cdn-cgi\/image\/blur=250\/media\/melody\/2025\/10\/06\/les-marins-pompiers-ont-recu-leurs-casques-des-mains-du-vice-amiral-lionel-matthieu-1759776082_8fcf86b6e3e8683df86b6e3e877df8v_.jpg'\/%3E%3C\/svg%3E&quot;)\"   src=\"https:\/\/www.europesays.com\/fr\/wp-content\/uploads\/2025\/10\/les-marins-pompiers-ont-recu-leurs-casques-des-mains-du-vice-amiral-lionel-matthieu-1759776082_8fcf8.jpeg\"\/>Les marins-pompiers ont re\u00e7u leurs casques des mains du vice-amiral Lionel Mathieu. \/ Photo David Rossi<\/p>\n<p>Dans les troupes, des hommes et des femmes, jeunes ou plus exp\u00e9riment\u00e9s, \u00e0 l\u2019instar d\u2019Astrid, lieutenant de vaisseau de 27\u00a0ans, entr\u00e9e dans la marine en\u00a02016 et jusqu\u2019alors cheffe m\u00e9canicienne dans l\u2019\u00e9nergie propulsion. \u00ab\u00a0Je voulais plus de terrain et <a href=\"https:\/\/www.laprovence.com\/article\/region\/22500989394725\/a-la-decouverte-de-la-preparation-militaire-marine-un-signe-important-de-l-engagement-de-la-jeunesse\" target=\"_blank\" rel=\"noopener\">me sentir utile tous les jours au contact de la population<\/a>\u00ab\u00a0, justifie la nouvelle officier pass\u00e9e par l\u2019\u00e9cole navale en Allemagne et Brest avant d\u2019\u00eatre affr\u00e9t\u00e9e deux ans \u00e0 Tahiti.<\/p>\n<p>Form\u00e9e aux feux de for\u00eats ou de b\u00e2timents, celle qui a fini major de sa promotion se dit \u00ab\u00a0fi\u00e8re\u00a0\u00bb de son parcours. Un sentiment que partage Far\u00e8s, 30\u00a0ans, nomm\u00e9 quartier-ma\u00eetre de premi\u00e8re classe de la flotte, apr\u00e8s plusieurs ann\u00e9es en tant que m\u00e9canicien embarqu\u00e9.<\/p>\n<p>\u00ab\u00a0Le terrain me manquait, surtout l\u2019aspect social, le contact humain, j\u2019ai donc voulu me r\u00e9orienter vers une sp\u00e9cialit\u00e9 plus sportive qui me correspond plus, explique-t-il. La marine m\u2019offre cette possibilit\u00e9 de <a href=\"https:\/\/www.laprovence.com\/article\/faits-divers-justice\/21708180627687\/marins-pompiers-de-marseille-le-major-palmieri-dans-les-pas-de-son-pere-a-la-tete-de-la-caserne-de-saint-menet\" target=\"_blank\" rel=\"noopener\">marcher dans les pas de mon grand fr\u00e8re<\/a> marin-pompier en Bretagne.\u00a0\u00bb Malgr\u00e9 son pass\u00e9 dans l\u2019arm\u00e9e, Far\u00e8s assure avoir abord\u00e9 son cursus \u00ab\u00a0avec humilit\u00e9\u00a0\u00bb et \u00ab\u00a0appris de (ses) camarades qui \u00e9taient pompiers volontaires\u00a0\u00bb.<\/p>\n<p><img alt=\"Major de sa promotion, Astrid, lieutenant de vaisseau, a re\u00e7u son casque rouge d\u2019officier s\u00e9curit\u00e9 des marins-pompiers.\" loading=\"lazy\" decoding=\"async\" data-nimg=\"fill\" class=\" TwicCore_img__i9TC1 undefined  undefined\" style=\"position:absolute;height:100%;width:100%;left:0;top:0;right:0;bottom:0;color:transparent;background-size:cover;background-position:50% 50%;background-repeat:no-repeat;background-image:url(&quot;data:image\/svg+xml;charset=utf-8,%3Csvg xmlns='http:\/\/www.w3.org\/2000\/svg' %3E%3Cfilter id='b' color-interpolation-filters='sRGB'%3E%3CfeGaussianBlur stdDeviation='20'\/%3E%3CfeColorMatrix values='1 0 0 0 0 0 1 0 0 0 0 0 1 0 0 0 0 0 100 -1' result='s'\/%3E%3CfeFlood x='0' y='0' width='100%25' height='100%25'\/%3E%3CfeComposite operator='out' in='s'\/%3E%3CfeComposite in2='SourceGraphic'\/%3E%3CfeGaussianBlur stdDeviation='20'\/%3E%3C\/filter%3E%3Cimage width='100%25' height='100%25' x='0' y='0' preserveAspectRatio='none' style='filter: url(%23b);' href='https:\/\/pictures.laprovence.com\/cdn-cgi\/image\/blur=250\/media\/melody\/2025\/10\/06\/major-de-sa-promotion-astrid-lieutenant-de-vaisseau-a-recu-son-casque-rouge-d-officier-securite-des-1759776082_0b8104b6e3e860f8104b6e3e8d2910v_.jpg'\/%3E%3C\/svg%3E&quot;)\"   src=\"https:\/\/www.europesays.com\/fr\/wp-content\/uploads\/2025\/10\/major-de-sa-promotion-astrid-lieutenant-de-vaisseau-a-recu-son-casque-rouge-d-officier-securite-des-.jpeg\"\/>Major de sa promotion, Astrid, lieutenant de vaisseau, a re\u00e7u son casque rouge d\u2019officier s\u00e9curit\u00e9 des marins-pompiers. \/ Photo David Rossi<\/p>\n<p>La marine nationale a aussi honor\u00e9 Ragueh, qui a b\u00e9n\u00e9fici\u00e9 de ses liens avec Djibouti. \u00c0 33\u00a0ans, il est officier de garde, dans le civil, dans ce pays de la Corne de l&rsquo;Afrique, et vient d\u2019effectuer huit mois \u00e0 l\u2019\u00e9cole des marins-pompiers de Marseille.<\/p>\n<p>\u00ab\u00a0J\u2019ai beaucoup aim\u00e9, j\u2019ai \u00e9t\u00e9 bien accueilli, je me suis senti comme chez moi, sourit celui qui repartira ce samedi. Je vais reprendre mes fonctions mais avec un bagage suppl\u00e9mentaire. Je serai formateur dans <a href=\"https:\/\/www.laprovence.com\/article\/faits-divers-justice\/25965017686970\/le-bataillon-des-marins-pompiers-de-marseille-pourrait-inspirer-la-securite-civile\" target=\"_blank\" rel=\"noopener\">une \u00e9cole sup\u00e9rieure nationale de la protection civile<\/a>, sous l\u2019\u00e9gide de la Brigade des sapeurs-pompiers de Paris, qui ouvrira le 13\u00a0novembre.\u00a0\u00bb La fiert\u00e9 \u00e9tait lisible sur son visage, alors qu\u2019il tenait son casque rouge dans les mains.<\/p>\n","protected":false},"excerpt":{"rendered":"Sur la place d\u2019armes du site du Commandement de la Marine, surplombant l\u2019anse du Pharo (7e), ils ont&hellip;\n","protected":false},"author":2,"featured_media":443709,"comment_status":"","ping_status":"","sticky":false,"template":"","format":"standard","meta":{"footnotes":""},"categories":[2814],"tags":[17,1111,11,57003,1777,674,1011,27,57004,151,18640,884,12,2845,471,882,16,25],"class_list":{"0":"post-443708","1":"post","2":"type-post","3":"status-publish","4":"format-standard","5":"has-post-thumbnail","7":"category-marseille","8":"tag-17","9":"tag-actu","10":"tag-actualites","11":"tag-casques","12":"tag-eu","13":"tag-europe","14":"tag-fr","15":"tag-france","16":"tag-honneurs","17":"tag-les","18":"tag-marins-pompiers","19":"tag-marseille","20":"tag-news","21":"tag-nouveaux","22":"tag-pour","23":"tag-provence-alpes-cote-dazur","24":"tag-region","25":"tag-republique-francaise"},"share_on_mastodon":{"url":"https:\/\/pubeurope.com\/@fr\/115329317438524152","error":""},"_links":{"self":[{"href":"https:\/\/www.europesays.com\/fr\/wp-json\/wp\/v2\/posts\/443708","targetHints":{"allow":["GET"]}}],"collection":[{"href":"https:\/\/www.europesays.com\/fr\/wp-json\/wp\/v2\/posts"}],"about":[{"href":"https:\/\/www.europesays.com\/fr\/wp-json\/wp\/v2\/types\/post"}],"author":[{"embeddable":true,"href":"https:\/\/www.europesays.com\/fr\/wp-json\/wp\/v2\/users\/2"}],"replies":[{"embeddable":true,"href":"https:\/\/www.europesays.com\/fr\/wp-json\/wp\/v2\/comments?post=443708"}],"version-history":[{"count":0,"href":"https:\/\/www.europesays.com\/fr\/wp-json\/wp\/v2\/posts\/443708\/revisions"}],"wp:featuredmedia":[{"embeddable":true,"href":"https:\/\/www.europesays.com\/fr\/wp-json\/wp\/v2\/media\/443709"}],"wp:attachment":[{"href":"https:\/\/www.europesays.com\/fr\/wp-json\/wp\/v2\/media?parent=443708"}],"wp:term":[{"taxonomy":"category","embeddable":true,"href":"https:\/\/www.europesays.com\/fr\/wp-json\/wp\/v2\/categories?post=443708"},{"taxonomy":"post_tag","embeddable":true,"href":"https:\/\/www.europesays.com\/fr\/wp-json\/wp\/v2\/tags?post=443708"}],"curies":[{"name":"wp","href":"https:\/\/api.w.org\/{rel}","templated":true}]}}