{"id":443710,"date":"2025-10-06T21:21:12","date_gmt":"2025-10-06T21:21:12","guid":{"rendered":"https:\/\/www.europesays.com\/fr\/443710\/"},"modified":"2025-10-06T21:21:12","modified_gmt":"2025-10-06T21:21:12","slug":"quatre-personnes-hospitalisees-apres-un-incendie-dans-la-rue-daubagne","status":"publish","type":"post","link":"https:\/\/www.europesays.com\/fr\/443710\/","title":{"rendered":"Quatre personnes hospitalis\u00e9es apr\u00e8s un incendie dans la rue d\u2019Aubagne"},"content":{"rendered":"<p>Un important incendie s\u2019est d\u00e9clar\u00e9 ce lundi matin dans un immeuble du centre-ville de <a href=\"https:\/\/www.20minutes.fr\/marseille\/\" target=\"_blank\" class=\"c-link c-link--is-underlined\" rel=\"nofollow noopener\">Marseille<\/a>, au 12 rue d\u2019Aubagne, dans le quartier populaire de Noailles, rapporte <a href=\"https:\/\/www.laprovence.com\/article\/region\/6156597149858914\/un-incendie-se-declare-dans-un-immeuble-de-la-rue-d-aubagne-a-marseille-intervention-en-cours\" rel=\"nofollow noopener\" target=\"_blank\" class=\"c-link c-link--is-underlined\">La Provence<\/a>. Rapidement mobilis\u00e9s, les marins-pompiers sont parvenus \u00e0 ma\u00eetriser le feu, qui avait pris dans la cage d\u2019escalier du cinqui\u00e8me \u00e9tage.<\/p>\n<p>Le sinistre a provoqu\u00e9 une \u00e9paisse fum\u00e9e qui a incommod\u00e9 plusieurs habitants. Trois adultes et un enfant ont \u00e9t\u00e9 transport\u00e9s \u00e0 l\u2019<a href=\"https:\/\/www.20minutes.fr\/dossier\/hopital\" target=\"_blank\" class=\"c-link c-link--is-underlined\" rel=\"nofollow noopener\">h\u00f4pital<\/a> pour des blessures l\u00e9g\u00e8res, selon les secours. Selon La Provence, un compteur \u00e9lectrique pourrait \u00eatre \u00e0 l\u2019origine du d\u00e9part de feu.<\/p>\n<\/p>\n<p>Le triste souvenir de l\u2019effondrement de la rue d\u2019Aubagne<\/p>\n<p>Pour contenir les flammes, les marins-pompiers ont d\u00e9ploy\u00e9 une dizaine de v\u00e9hicules et 26 militaires, bouclant le secteur le temps des op\u00e9rations. L\u2019incendie a pu \u00eatre \u00e9teint sans d\u00e9g\u00e2t majeur, mais la frayeur a \u00e9t\u00e9 vive parmi les habitants du quartier, encore marqu\u00e9 par le drame de novembre\u00a02018.<\/p>\n<p><a href=\"https:\/\/www.20minutes.fr\/marseille\/\" target=\"_blank\" class=\"c-link c-btn c-btn--primary\" rel=\"nofollow noopener\">Toute l&rsquo;actualit\u00e9 \u00e0 Marseille<\/a><\/p>\n<p>Cette rue d\u2019Aubagne est en effet tristement c\u00e9l\u00e8bre pour l\u2019effondrement de deux immeubles, au 63 et 65, qui avait co\u00fbt\u00e9 la vie \u00e0 huit personnes et conduit \u00e0 un proc\u00e8s tr\u00e8s m\u00e9diatis\u00e9.<\/p>\n","protected":false},"excerpt":{"rendered":"Un important incendie s\u2019est d\u00e9clar\u00e9 ce lundi matin dans un immeuble du centre-ville de Marseille, au 12 rue&hellip;\n","protected":false},"author":2,"featured_media":443711,"comment_status":"","ping_status":"","sticky":false,"template":"","format":"standard","meta":{"footnotes":""},"categories":[2814],"tags":[1111,47,11,885,1777,674,118,1011,27,1310,884,12,883,1311,882,25],"class_list":{"0":"post-443710","1":"post","2":"type-post","3":"status-publish","4":"format-standard","5":"has-post-thumbnail","7":"category-marseille","8":"tag-actu","9":"tag-actualite","10":"tag-actualites","11":"tag-bouches-du-rhone","12":"tag-eu","13":"tag-europe","14":"tag-faits-divers","15":"tag-fr","16":"tag-france","17":"tag-incendie","18":"tag-marseille","19":"tag-news","20":"tag-paca","21":"tag-pompiers","22":"tag-provence-alpes-cote-dazur","23":"tag-republique-francaise"},"share_on_mastodon":{"url":"https:\/\/pubeurope.com\/@fr\/115329321187320905","error":""},"_links":{"self":[{"href":"https:\/\/www.europesays.com\/fr\/wp-json\/wp\/v2\/posts\/443710","targetHints":{"allow":["GET"]}}],"collection":[{"href":"https:\/\/www.europesays.com\/fr\/wp-json\/wp\/v2\/posts"}],"about":[{"href":"https:\/\/www.europesays.com\/fr\/wp-json\/wp\/v2\/types\/post"}],"author":[{"embeddable":true,"href":"https:\/\/www.europesays.com\/fr\/wp-json\/wp\/v2\/users\/2"}],"replies":[{"embeddable":true,"href":"https:\/\/www.europesays.com\/fr\/wp-json\/wp\/v2\/comments?post=443710"}],"version-history":[{"count":0,"href":"https:\/\/www.europesays.com\/fr\/wp-json\/wp\/v2\/posts\/443710\/revisions"}],"wp:featuredmedia":[{"embeddable":true,"href":"https:\/\/www.europesays.com\/fr\/wp-json\/wp\/v2\/media\/443711"}],"wp:attachment":[{"href":"https:\/\/www.europesays.com\/fr\/wp-json\/wp\/v2\/media?parent=443710"}],"wp:term":[{"taxonomy":"category","embeddable":true,"href":"https:\/\/www.europesays.com\/fr\/wp-json\/wp\/v2\/categories?post=443710"},{"taxonomy":"post_tag","embeddable":true,"href":"https:\/\/www.europesays.com\/fr\/wp-json\/wp\/v2\/tags?post=443710"}],"curies":[{"name":"wp","href":"https:\/\/api.w.org\/{rel}","templated":true}]}}