{"id":443712,"date":"2025-10-06T21:22:16","date_gmt":"2025-10-06T21:22:16","guid":{"rendered":"https:\/\/www.europesays.com\/fr\/443712\/"},"modified":"2025-10-06T21:22:16","modified_gmt":"2025-10-06T21:22:16","slug":"ce-luxueux-hotel-5-etoiles-parmi-les-plus-celebres-de-lyon-vient-detre-rachete","status":"publish","type":"post","link":"https:\/\/www.europesays.com\/fr\/443712\/","title":{"rendered":"Ce luxueux h\u00f4tel 5 \u00e9toiles parmi les plus c\u00e9l\u00e8bres de Lyon vient d&rsquo;\u00eatre rachet\u00e9"},"content":{"rendered":"<p data-start=\"378\" data-end=\"960\"><strong data-start=\"378\" data-end=\"470\">Apr\u00e8s plus de 30 ans d\u2019histoire, la Villa Florentine quitte le giron du groupe Arteloge.<\/strong> Perch\u00e9e sur la colline de Fourvi\u00e8re, cette adresse Relais &amp; Ch\u00e2teaux incarne depuis 1993 le raffinement et l\u2019excellence \u00e0 la lyonnaise. Son PDG, \u00c9ric Giorgi, se dit \u00ab\u00a0fier d\u2019avoir fa\u00e7onn\u00e9 cet h\u00f4tel embl\u00e9matique\u00a0\u00bb avant de passer le flambeau \u00e0 Amaury Rostagnat, pr\u00e9sident du groupe Beauvallon Collection, reconnu pour ses \u00e9tablissements haut de gamme \u00e0 taille humaine. Une transition entre deux maisons familiales, guid\u00e9es par la m\u00eame passion pour l\u2019hospitalit\u00e9 et l\u2019authenticit\u00e9.<\/p>\n<blockquote class=\"instagram-media\" data-instgrm-permalink=\"https:\/\/www.instagram.com\/p\/DMubRYkIBFp\/?utm_source=ig_embed&amp;utm_campaign=loading\" data-instgrm-version=\"14\" style=\"background: #FFF; border: 0; border-radius: 3px; box-shadow: 0 0 1px 0 rgba(0,0,0,0.5),0 1px 10px 0 rgba(0,0,0,0.15); margin: 1px; max-width: 540px; min-width: 326px; padding: 0; width: calc(100% - 2px);\">\n<\/blockquote>\n<p><strong data-start=\"971\" data-end=\"1022\">Un tournant strat\u00e9gique pour le groupe Arteloge<\/strong><\/p>\n<p data-start=\"1025\" data-end=\"1557\">Cette cession s\u2019inscrit dans une strat\u00e9gie globale de repositionnement initi\u00e9e d\u00e9but 2025. Le groupe Arteloge a r\u00e9cemment sign\u00e9 un partenariat majeur avec <strong data-start=\"1184\" data-end=\"1194\">Hilton<\/strong>, permettant \u00e0 plusieurs de ses \u00e9tablissements de rejoindre l\u2019\u00e9cosyst\u00e8me international du g\u00e9ant h\u00f4telier. <strong>Objectif\u00a0: accro\u00eetre la visibilit\u00e9 tout en conservant l\u2019ind\u00e9pendance et la gestion locale. <\/strong>Un choix strat\u00e9gique dans un secteur en mutation, marqu\u00e9 par de nouvelles attentes des voyageurs et l\u2019arriv\u00e9e de concurrents d\u2019envergure sur le march\u00e9 lyonnais.<\/p>\n<blockquote class=\"instagram-media\" data-instgrm-permalink=\"https:\/\/www.instagram.com\/p\/DPBPRLbje5V\/?utm_source=ig_embed&amp;utm_campaign=loading\" data-instgrm-version=\"14\" style=\"background: #FFF; border: 0; border-radius: 3px; box-shadow: 0 0 1px 0 rgba(0,0,0,0.5),0 1px 10px 0 rgba(0,0,0,0.15); margin: 1px; max-width: 540px; min-width: 326px; padding: 0; width: calc(100% - 2px);\">\n<\/blockquote>\n<p><strong data-start=\"1568\" data-end=\"1617\">Des projets ambitieux pour les ann\u00e9es \u00e0 venir<\/strong><\/p>\n<p data-start=\"1620\" data-end=\"1948\"><strong data-start=\"1620\" data-end=\"1668\">Arteloge ne ralentit pas, bien au contraire.<\/strong> Le groupe pr\u00e9pare d\u00e9j\u00e0 l\u2019ouverture d\u2019un <strong data-start=\"1709\" data-end=\"1742\">Resort Spa 4\u2605 \u00e0 Genas en 2026<\/strong> et le <strong data-start=\"1749\" data-end=\"1818\">r\u00e9novation compl\u00e8te de l\u2019H\u00f4tel Lyon M\u00e9tropole 4 \u00e9toiles pr\u00e9vue pour 2027<\/strong>. Des projets qui consolident sa pr\u00e9sence sur la sc\u00e8ne h\u00f4teli\u00e8re r\u00e9gionale et confirment sa volont\u00e9 de se r\u00e9inventer sans cesse.<\/p>\n<blockquote class=\"instagram-media\" data-instgrm-permalink=\"https:\/\/www.instagram.com\/p\/DNP8IQ-IoNW\/?utm_source=ig_embed&amp;utm_campaign=loading\" data-instgrm-version=\"14\" style=\"background: #FFF; border: 0; border-radius: 3px; box-shadow: 0 0 1px 0 rgba(0,0,0,0.5),0 1px 10px 0 rgba(0,0,0,0.15); margin: 1px; max-width: 540px; min-width: 326px; padding: 0; width: calc(100% - 2px);\">\n<\/blockquote>\n<p><strong data-start=\"1959\" data-end=\"2020\">La Villa Florentine, t\u00e9moin d\u2019un pan d\u2019histoire lyonnaise<\/strong><\/p>\n<p data-start=\"2023\" data-end=\"2579\"><strong data-start=\"2023\" data-end=\"2066\">N\u00e9e d\u2019un ancien couvent du XVIIe si\u00e8cle, la Villa Florentine est un v\u00e9ritable bijou architectural.<\/strong> Transform\u00e9e en h\u00f4tel de luxe par la famille Giorgi en 1993, elle rejoint deux ans plus tard la prestigieuse cha\u00eene Relais &amp; Ch\u00e2teaux. <strong>Son restaurant, Les Terrasses de Lyon, d\u00e9croche une \u00e9toile Michelin d\u00e8s 1995 \u2014 une distinction qu\u2019il conserve depuis trois d\u00e9cennies. <\/strong>Entre suites panoramiques, verri\u00e8re spectaculaire inaugur\u00e9e en 2020 et appartements d\u2019exception ajout\u00e9s en 2022, l\u2019adresse reste une r\u00e9f\u00e9rence de l\u2019\u00e9l\u00e9gance lyonnaise.<\/p>\n<p>Villa Florentine<\/p>\n<li class=\"address info\">25, mont\u00e9e Saint-Barth\u00e9l\u00e9my  \u2013 5e<\/li>\n<li class=\"opening-hours\">Dimanche : 0:00<\/li>\n<li class=\"opening-hours close\">Lundi &#8211; samedi : Ferm\u00e9<\/li>\n<p>    <script async src=\"\/\/www.instagram.com\/embed.js\"><\/script><\/p>\n","protected":false},"excerpt":{"rendered":"Apr\u00e8s plus de 30 ans d\u2019histoire, la Villa Florentine quitte le giron du groupe Arteloge. Perch\u00e9e sur la&hellip;\n","protected":false},"author":2,"featured_media":443713,"comment_status":"","ping_status":"","sticky":false,"template":"","format":"standard","meta":{"footnotes":""},"categories":[1889],"tags":[1111,11,2430,1777,674,1011,27,2428,12,25],"class_list":{"0":"post-443712","1":"post","2":"type-post","3":"status-publish","4":"format-standard","5":"has-post-thumbnail","7":"category-lyon","8":"tag-actu","9":"tag-actualites","10":"tag-auvergne-rhone-alpes","11":"tag-eu","12":"tag-europe","13":"tag-fr","14":"tag-france","15":"tag-lyon","16":"tag-news","17":"tag-republique-francaise"},"share_on_mastodon":{"url":"https:\/\/pubeurope.com\/@fr\/115329325053113836","error":""},"_links":{"self":[{"href":"https:\/\/www.europesays.com\/fr\/wp-json\/wp\/v2\/posts\/443712","targetHints":{"allow":["GET"]}}],"collection":[{"href":"https:\/\/www.europesays.com\/fr\/wp-json\/wp\/v2\/posts"}],"about":[{"href":"https:\/\/www.europesays.com\/fr\/wp-json\/wp\/v2\/types\/post"}],"author":[{"embeddable":true,"href":"https:\/\/www.europesays.com\/fr\/wp-json\/wp\/v2\/users\/2"}],"replies":[{"embeddable":true,"href":"https:\/\/www.europesays.com\/fr\/wp-json\/wp\/v2\/comments?post=443712"}],"version-history":[{"count":0,"href":"https:\/\/www.europesays.com\/fr\/wp-json\/wp\/v2\/posts\/443712\/revisions"}],"wp:featuredmedia":[{"embeddable":true,"href":"https:\/\/www.europesays.com\/fr\/wp-json\/wp\/v2\/media\/443713"}],"wp:attachment":[{"href":"https:\/\/www.europesays.com\/fr\/wp-json\/wp\/v2\/media?parent=443712"}],"wp:term":[{"taxonomy":"category","embeddable":true,"href":"https:\/\/www.europesays.com\/fr\/wp-json\/wp\/v2\/categories?post=443712"},{"taxonomy":"post_tag","embeddable":true,"href":"https:\/\/www.europesays.com\/fr\/wp-json\/wp\/v2\/tags?post=443712"}],"curies":[{"name":"wp","href":"https:\/\/api.w.org\/{rel}","templated":true}]}}