{"id":443714,"date":"2025-10-06T21:23:20","date_gmt":"2025-10-06T21:23:20","guid":{"rendered":"https:\/\/www.europesays.com\/fr\/443714\/"},"modified":"2025-10-06T21:23:20","modified_gmt":"2025-10-06T21:23:20","slug":"la-quebecoise-vadimap-choisit-lyon-pour-implanter-sa-filiale-francaise","status":"publish","type":"post","link":"https:\/\/www.europesays.com\/fr\/443714\/","title":{"rendered":"La qu\u00e9b\u00e9coise vadiMAP choisit Lyon pour implanter sa filiale fran\u00e7aise"},"content":{"rendered":"<p>                                                        <img decoding=\"async\" fetchpriority=\"high\" width=\"1280\" height=\"720\" src=\"https:\/\/www.europesays.com\/fr\/wp-content\/uploads\/2025\/10\/lyon-entreprises-vadimap.jpg\" class=\"thumb img-responsive m-x-auto block w-full\" alt=\"lyon entreprises vadimap\" caption=\"\"\/><\/p>\n<p class=\"ez-toc-title ez-toc-toggle\" style=\"cursor: pointer\">Sommaire &amp; acc\u00e8s rapide<\/p>\n<p><a href=\"#\" class=\"ez-toc-pull-right ez-toc-btn ez-toc-btn-xs ez-toc-btn-default ez-toc-toggle\" aria-label=\"Toggle Table of Content\">Toggle<\/a><\/p>\n<p><strong>Laur\u00e9ate du prix PME Innovante 2025, l\u2019entreprise qu\u00e9b\u00e9coise vadiMAP annonce la cr\u00e9ation de sa filiale fran\u00e7aise \u00e0 Lyon. Sp\u00e9cialis\u00e9e dans l\u2019aide \u00e0 la d\u00e9cision en efficacit\u00e9 \u00e9nerg\u00e9tique, la start-up entend acc\u00e9l\u00e9rer la r\u00e9novation des b\u00e2timents tertiaires en France, avant un d\u00e9ploiement europ\u00e9en.<\/strong><\/p>\n<p>Une implantation strat\u00e9gique au c\u0153ur de la transition \u00e9nerg\u00e9tique<\/p>\n<p>Fond\u00e9e en 2019 au Qu\u00e9bec, vadiMAP d\u00e9veloppe une plateforme SaaS d\u2019aide \u00e0 la d\u00e9cision pour les propri\u00e9taires et exploitants de parcs immobiliers tertiaires. L\u2019outil permet d\u2019identifier, \u00e9valuer et prioriser des sc\u00e9narios de r\u00e9novation \u00e9nerg\u00e9tique selon des indicateurs financiers, \u00e9nerg\u00e9tiques et carbone. Il chiffre les investissements, les \u00e9conomies r\u00e9alisables et les subventions mobilisables afin de guider les projets dans le respect des r\u00e9glementations fran\u00e7aises, comme le d\u00e9cret tertiaire ou le d\u00e9cret BACS.<\/p>\n<p>La cr\u00e9ation d\u2019une filiale \u00e0 Lyon s\u2019inscrit dans une strat\u00e9gie de croissance internationale. Ce choix renforce les liens tiss\u00e9s avec l\u2019\u00e9cosyst\u00e8me r\u00e9gional, d\u00e9j\u00e0 engag\u00e9 dans la transition \u00e9nerg\u00e9tique et la smart city.<\/p>\n<p>Un \u00e9cosyst\u00e8me lyonnais mobilis\u00e9<\/p>\n<p>H\u00e9berg\u00e9e au <strong>Village by CA Centre-Est<\/strong>, vadiMAP b\u00e9n\u00e9ficie d\u2019un accompagnement strat\u00e9gique et commercial assur\u00e9 par <strong>Polypus<\/strong>. L\u2019entreprise pr\u00e9pare \u00e9galement plusieurs projets pilotes avec des <strong>soci\u00e9t\u00e9s de services \u00e9nerg\u00e9tiques (ESCO)<\/strong> fran\u00e7aises, dont deux premiers d\u00e9ploiements pr\u00e9vus fin 2025 et au premier semestre 2026.<\/p>\n<p>Des discussions sont en cours pour int\u00e9grer le <strong>dispositif CeremaLab<\/strong>, une premi\u00e8re pour une entreprise qu\u00e9b\u00e9coise. Cet incubateur public soutient l\u2019innovation dans les domaines du b\u00e2timent et des territoires durables. Cette d\u00e9marche vise \u00e0 renforcer les collaborations R&amp;D locales et \u00e0 consolider le r\u00e9seau de partenaires techniques.<\/p>\n<p>Des soutiens r\u00e9gionaux et internationaux<\/p>\n<p>Cette implantation a \u00e9t\u00e9 accompagn\u00e9e par <strong>Only Lyon Invest<\/strong>, <strong>Auvergne-Rh\u00f4ne-Alpes Entreprises<\/strong>, le <strong>Centre Jacques Cartier<\/strong> \u2013 qui a remis \u00e0 vadiMAP le premier prix PME innovante 2025 \u2013, ainsi que par les acteurs qu\u00e9b\u00e9cois <strong>Qu\u00e9bec Tech<\/strong> et le <strong>C3E<\/strong> (Centre d\u2019Excellence en Efficacit\u00e9 \u00c9nerg\u00e9tique).<\/p>\n<p>\u00ab L\u2019ouverture de notre filiale \u00e0 Lyon concr\u00e9tise un ancrage d\u00e9j\u00e0 r\u00e9el : partenaires, projets pilotes et \u00e9cosyst\u00e8me sont r\u00e9unis pour acc\u00e9l\u00e9rer la transition \u00e9nerg\u00e9tique des b\u00e2timents en France, puis en Europe \u00bb, souligne <strong>Lucas Batier<\/strong>, Directeur r\u00e9gional France de vadiMAP.<\/p>\n<p>Des ambitions fortes pour le march\u00e9 europ\u00e9en<\/p>\n<p>vadiMAP emploie actuellement 15 personnes et pr\u00e9voit de doubler ses effectifs d\u2019ici fin 2026, avec trois collaborateurs bas\u00e9s en France. L\u2019objectif est ambitieux : passer de 300 b\u00e2timents analys\u00e9s aujourd\u2019hui \u00e0 30 000 \u00e0 l\u2019horizon 2030.<\/p>\n<p>Avec cette implantation, Lyon renforce sa position de hub europ\u00e9en pour les entreprises de la tech et de la transition \u00e9nerg\u00e9tique, confirmant son attractivit\u00e9 pour les acteurs \u00e9trangers \u00e0 fort potentiel d\u2019innovation.<\/p>\n","protected":false},"excerpt":{"rendered":"Sommaire &amp; acc\u00e8s rapide Toggle Laur\u00e9ate du prix PME Innovante 2025, l\u2019entreprise qu\u00e9b\u00e9coise vadiMAP annonce la cr\u00e9ation de&hellip;\n","protected":false},"author":2,"featured_media":443715,"comment_status":"","ping_status":"","sticky":false,"template":"","format":"standard","meta":{"footnotes":""},"categories":[1889],"tags":[1111,11,2430,1777,674,1011,27,2428,12,25],"class_list":{"0":"post-443714","1":"post","2":"type-post","3":"status-publish","4":"format-standard","5":"has-post-thumbnail","7":"category-lyon","8":"tag-actu","9":"tag-actualites","10":"tag-auvergne-rhone-alpes","11":"tag-eu","12":"tag-europe","13":"tag-fr","14":"tag-france","15":"tag-lyon","16":"tag-news","17":"tag-republique-francaise"},"share_on_mastodon":{"url":"https:\/\/pubeurope.com\/@fr\/115329329026006510","error":""},"_links":{"self":[{"href":"https:\/\/www.europesays.com\/fr\/wp-json\/wp\/v2\/posts\/443714","targetHints":{"allow":["GET"]}}],"collection":[{"href":"https:\/\/www.europesays.com\/fr\/wp-json\/wp\/v2\/posts"}],"about":[{"href":"https:\/\/www.europesays.com\/fr\/wp-json\/wp\/v2\/types\/post"}],"author":[{"embeddable":true,"href":"https:\/\/www.europesays.com\/fr\/wp-json\/wp\/v2\/users\/2"}],"replies":[{"embeddable":true,"href":"https:\/\/www.europesays.com\/fr\/wp-json\/wp\/v2\/comments?post=443714"}],"version-history":[{"count":0,"href":"https:\/\/www.europesays.com\/fr\/wp-json\/wp\/v2\/posts\/443714\/revisions"}],"wp:featuredmedia":[{"embeddable":true,"href":"https:\/\/www.europesays.com\/fr\/wp-json\/wp\/v2\/media\/443715"}],"wp:attachment":[{"href":"https:\/\/www.europesays.com\/fr\/wp-json\/wp\/v2\/media?parent=443714"}],"wp:term":[{"taxonomy":"category","embeddable":true,"href":"https:\/\/www.europesays.com\/fr\/wp-json\/wp\/v2\/categories?post=443714"},{"taxonomy":"post_tag","embeddable":true,"href":"https:\/\/www.europesays.com\/fr\/wp-json\/wp\/v2\/tags?post=443714"}],"curies":[{"name":"wp","href":"https:\/\/api.w.org\/{rel}","templated":true}]}}