{"id":443716,"date":"2025-10-06T21:25:25","date_gmt":"2025-10-06T21:25:25","guid":{"rendered":"https:\/\/www.europesays.com\/fr\/443716\/"},"modified":"2025-10-06T21:25:25","modified_gmt":"2025-10-06T21:25:25","slug":"une-cagnotte-pour-aider-une-famille-a-gaza-les-fast-food-proliferent-linfo-a-midi-en-ile-de-france","status":"publish","type":"post","link":"https:\/\/www.europesays.com\/fr\/443716\/","title":{"rendered":"Une cagnotte pour aider une famille \u00e0 Gaza, les fast-food prolif\u00e8rent&#8230; L\u2019info \u00e0 midi en \u00cele-de-France"},"content":{"rendered":"<p>            Par<br \/>\n        <strong><br \/>\n            <a href=\"https:\/\/actu.fr\/auteur\/redaction-paris\" title=\"Consulter tous les articles de R\u00e9daction Paris\" target=\"_blank\" rel=\"noopener\">R\u00e9daction Paris<\/a><br \/>\n        <\/strong><\/p>\n<p>        Publi\u00e9 le<\/p>\n<p>            6 oct. 2025 \u00e0 11h58        <\/p>\n<p>Une nouvelle semaine commence ! Que s\u2019est-il pass\u00e9 ce lundi 6 octobre 2025 \u00e0 Paris ? Voici l\u2019essentiel de l\u2019actualit\u00e9 \u00e0 midi \u00e0 Paris et en \u00cele-de-France :\u00a0en Seine-et-Marne, une habitante se d\u00e9m\u00e8ne pour venir en aide \u00e0 une famille gazaouie, \u00e0 Paris, les fast-foods se multiplient place de la R\u00e9publique et en Seine-Saint-Denis, de nouveaux moyens sont d\u00e9ploy\u00e9s pour lutter contre les d\u00e9p\u00f4ts sauvages.\u00a0<\/p>\n<p>Les informations \u00e0 retenir ce lundi 6 octobre 2025, \u00e0 midi, en \u00cele-de-France<\/p>\n<p class=\"expresso-item wall-content\"><strong>Essonne. <\/strong><a title=\"Lire l&#039;article\" href=\"https:\/\/actu.fr\/ile-de-france\/evry-courcouronnes_91228\/essonne-deux-adolescents-mis-en-examen-apres-la-mort-d-un-jeune-de-18-ans-a-la-gare-d-evry-courcouronnes_63258305.html\" target=\"_blank\" rel=\"noopener\">Deux adolescents mis en examen apr\u00e8s la mort d\u2019un jeune de 18 ans \u00e0 la gare d\u2019\u00c9vry-Courcouronnes<\/a><br \/>Ce samedi 4 octobre 2025, deux adolescents \u00e2g\u00e9s de 16 ans ont \u00e9t\u00e9 mis en examen pour homicide volontaire apr\u00e8s la mort d\u2019un jeune de 18 ans le 29 septembre \u00e0 la gare d\u2019Evry.<\/p>\n<p class=\"expresso-item wall-content\"><strong>Seine-et-Marne. <\/strong><a title=\"Lire l&#039;article\" href=\"https:\/\/actu.fr\/ile-de-france\/fontainebleau_77186\/je-garde-espoir-en-seine-et-marne-le-combat-de-marion-pour-aider-une-famille-prise-au-piege-a-gaza_63257726.html\" target=\"_blank\" rel=\"noopener\">\u00ab\u00a0Je garde espoir\u00a0\u00bb : le combat de Marion pour aider une famille, prise au pi\u00e8ge \u00e0 Gaza<\/a><br \/>Une habitante de Fontainebleau, a lanc\u00e9 une cagnotte pour aider Riyad Rashwan et sa famille \u00e0 quitter Gaza. Ce Palestinien t\u00e9moigne au quotidien de la situation sur place.<\/p>\n<p class=\"expresso-item wall-content\"><strong>Val-d\u2019Oise. <\/strong><a title=\"Lire l&#039;article\" href=\"https:\/\/actu.fr\/ile-de-france\/margency_95369\/du-ring-a-la-salle-sofiane-benakli-fait-rayonner-le-muay-thai-dans-le-val-doise_63251251.html\" target=\"_blank\" rel=\"noopener\">Du ring \u00e0 la salle, Sofiane Benakli fait rayonner le muay tha\u00ef<\/a><br \/>Port\u00e9 par l\u2019essor du Mma, le muay tha\u00ef s\u00e9duit en France. \u00c0 Margency (Val-d\u2019Oise), Sofiane Benakli et son \u00e9quipe transmettent cette discipline et ses valeurs depuis septembre 2025.<\/p>\n<p class=\"expresso-item wall-content\"><strong>Seine-Saint-Denis.<\/strong> <a title=\"Lire l&#039;article\" href=\"https:\/\/actu.fr\/ile-de-france\/saint-denis_93066\/seine-saint-denis-la-nouvelle-arme-de-plaine-commune-pour-lutter-contre-les-depots-sauvages_63253015.html\" target=\"_blank\" rel=\"noopener\">La nouvelle arme de Plaine Commune pour lutter contre les d\u00e9p\u00f4ts sauvages<\/a><br \/>Alors que 30 tonnes de d\u00e9chets sont ill\u00e9galement abandonn\u00e9s chaque ann\u00e9es sur le territoire, Plaine commune renforce son arsenal pour sanctionner les contrevenants.<\/p>\n<p class=\"expresso-item wall-content\"><strong>Paris. <\/strong><a title=\"Lire l&#039;article\" href=\"https:\/\/actu.fr\/ile-de-france\/paris_75056\/five-guys-mc-donald-s-burger-king-kfc-la-place-de-la-republique-a-paris-frole-t-elle-l-indigestion_63249680.html\" target=\"_blank\" rel=\"noopener\">Five Guys, Mc Donald\u2019s, Burger King, KFC\u2026 La place de la R\u00e9publique fr\u00f4le-t-elle l\u2019indigestion ?<\/a><br \/>En 2025, pr\u00e8s de la moiti\u00e9 de l\u2019offre d\u2019h\u00f4tellerie-restauration de la place de la R\u00e9publique \u00e0 Paris est tenue par les fast-foods dont cinq grosses cha\u00eenes am\u00e9ricaines.<\/p>\n<p class=\" wall-content\"><strong>Suivez-nous pour en savoir plus\u2009!<\/strong><br \/>Vous voulez plus d\u2019infos sur l\u2019\u00cele-de-France\u2009? Vous pouvez nous retrouver sur actu \u00cele-de-France. Pour nous suivre sur les r\u00e9seaux sociaux, dans vos d\u00e9partements\u2009:<\/p>\n<p class=\" wall-content\"><strong>Paris<\/strong>\u2009: retrouvez\u00a0actu\u00a0Paris\u00a0sur\u00a0<a href=\"https:\/\/www.facebook.com\/actufr.paris\/\" target=\"_blank\" rel=\"noopener\">Facebook<\/a>\u00a0et\u00a0<a href=\"https:\/\/twitter.com\/actufrparis\" target=\"_blank\" rel=\"noopener\">Twitter<\/a>\u2009;<br \/><strong>Seine-et-Marne<\/strong>\u2009: retrouvez\u00a0La R\u00e9publique de Seine-et-Marne\u00a0(sud) sur\u00a0<a href=\"https:\/\/www.facebook.com\/RepubliqueSeineMarne\/\" target=\"_blank\" rel=\"noopener\">Facebook<\/a>\u00a0et\u00a0<a href=\"https:\/\/twitter.com\/LaRep77\" target=\"_blank\" rel=\"noopener\">Twitter<\/a>\u2009;\u00a0La Marne\u00a0(nord) sur\u00a0<a href=\"https:\/\/www.facebook.com\/journallarmarne\/?__tn__=%2Cd%2CP-R&amp;eid=ARDLZc91LaHbXzDwChLLLQJVMBLx_ABJremTC2-RG0CYvg0f4f8CLvbV5G1Lli4g_6QoXDcKkU1_LX1W\" target=\"_blank\" rel=\"noopener\">Facebook<\/a>\u00a0et\u00a0<a href=\"https:\/\/twitter.com\/JournalLaMarne\" target=\"_blank\" rel=\"noopener\">Twitter<\/a>\u2009; et\u00a0Le Pays Briard\u00a0sur\u00a0<a href=\"https:\/\/www.facebook.com\/LePaysBriard\/?ref=bookmarks\" target=\"_blank\" rel=\"noopener\">Facebook<\/a>\u00a0et\u00a0<a href=\"https:\/\/twitter.com\/LePaysBriard\" target=\"_blank\" rel=\"noopener\">Twitter<\/a>\u2009;<br \/><strong>Yvelines\u2009:<\/strong>\u00a0retrouvez\u00a078actu\u00a0sur\u00a0<a href=\"https:\/\/www.facebook.com\/78actu\/\" target=\"_blank\" rel=\"noopener\">Facebook<\/a>\u00a0et\u00a0<a href=\"https:\/\/x.com\/78actu\">Twitter<\/a>\u2009;<br \/><strong>Essonne\u2009:<\/strong>\u00a0retrouvez\u00a0actu Essonne\u00a0sur\u00a0<a href=\"https:\/\/www.facebook.com\/actuessonne\/?ref=br_rs\" target=\"_blank\" rel=\"noopener\">Facebook<\/a>\u00a0et\u00a0<a href=\"https:\/\/twitter.com\/ActuEssonne\" target=\"_blank\" rel=\"noopener\">Twitter<\/a>\u2009;<br \/><strong>Hauts-de-Seine\u2009:<\/strong>\u00a0retrouvez\u00a0actu\u00a0Hauts-de-Seine\u00a0sur\u00a0<a href=\"https:\/\/www.facebook.com\/actufr.hautsdeseine\/\" target=\"_blank\" rel=\"noopener\">Facebook<\/a>\u00a0et\u00a0<a href=\"https:\/\/twitter.com\/actufr92\" target=\"_blank\" rel=\"noopener\">Twitter<\/a>\u2009;<br \/><strong>Seine-Saint-Denis\u2009:<\/strong>\u00a0retrouvez actu Seine-Saint-Denis sur\u00a0<a href=\"https:\/\/www.facebook.com\/actufr.seinesaintdenis\/\" target=\"_blank\" rel=\"noopener\">Facebook<\/a>\u00a0et\u00a0<a href=\"https:\/\/x.com\/Actufr93\">Twitter<\/a>\u2009;<br \/><strong>Val-de-Marne\u2009:\u00a0<\/strong>retrouvez actu Val-de-Marne sur\u00a0<a href=\"https:\/\/www.facebook.com\/actu94.valdemarne\/\" target=\"_blank\" rel=\"noopener\">Facebook\u00a0<\/a>et\u00a0<a href=\"https:\/\/x.com\/actufr94\">Twitter\u2009<\/a>;<br \/><strong>Val-d\u2019Oise\u2009:<\/strong>\u00a0retrouvez La Gazette du Val-d\u2019Oise sur\u00a0<a href=\"https:\/\/x.com\/actufr94\">Twitter<\/a><\/p>\n<p class=\" wall-content\">Personnalisez votre actualit\u00e9 en ajoutant vos villes et m\u00e9dias en favori avec <a href=\"https:\/\/moncompte.actu.fr\" title=\"D\u00e9couvez Mon Actu\" rel=\"nofollow noopener\" data-trk=\"{&quot;cta&quot;:{&quot;action&quot;:&quot;https:\\\/\\\/moncompte.actu.fr&quot;,&quot;category&quot;:&quot;mon compte&quot;,&quot;from&quot;:&quot;article footer&quot;,&quot;name&quot;:&quot;Mon actu&quot;,&quot;type&quot;:&quot;cta&quot;}}\" target=\"_blank\">Mon Actu<\/a>.<\/p>\n<p>                    <script async src=\"https:\/\/platform.twitter.com\/widgets.js\" charset=\"utf-8\"><\/script><\/p>\n","protected":false},"excerpt":{"rendered":"Par R\u00e9daction Paris Publi\u00e9 le 6 oct. 2025 \u00e0 11h58 Une nouvelle semaine commence ! Que s\u2019est-il pass\u00e9&hellip;\n","protected":false},"author":2,"featured_media":443717,"comment_status":"","ping_status":"","sticky":false,"template":"","format":"standard","meta":{"footnotes":""},"categories":[1592],"tags":[1111,11,3008,1777,674,1011,27,662,12,626,25,1340,104],"class_list":{"0":"post-443716","1":"post","2":"type-post","3":"status-publish","4":"format-standard","5":"has-post-thumbnail","7":"category-ile-de-france","8":"tag-actu","9":"tag-actualites","10":"tag-dechets","11":"tag-eu","12":"tag-europe","13":"tag-fr","14":"tag-france","15":"tag-ile-de-france","16":"tag-news","17":"tag-paris","18":"tag-republique-francaise","19":"tag-restaurant","20":"tag-societe"},"share_on_mastodon":{"url":"https:\/\/pubeurope.com\/@fr\/115329336870367974","error":""},"_links":{"self":[{"href":"https:\/\/www.europesays.com\/fr\/wp-json\/wp\/v2\/posts\/443716","targetHints":{"allow":["GET"]}}],"collection":[{"href":"https:\/\/www.europesays.com\/fr\/wp-json\/wp\/v2\/posts"}],"about":[{"href":"https:\/\/www.europesays.com\/fr\/wp-json\/wp\/v2\/types\/post"}],"author":[{"embeddable":true,"href":"https:\/\/www.europesays.com\/fr\/wp-json\/wp\/v2\/users\/2"}],"replies":[{"embeddable":true,"href":"https:\/\/www.europesays.com\/fr\/wp-json\/wp\/v2\/comments?post=443716"}],"version-history":[{"count":0,"href":"https:\/\/www.europesays.com\/fr\/wp-json\/wp\/v2\/posts\/443716\/revisions"}],"wp:featuredmedia":[{"embeddable":true,"href":"https:\/\/www.europesays.com\/fr\/wp-json\/wp\/v2\/media\/443717"}],"wp:attachment":[{"href":"https:\/\/www.europesays.com\/fr\/wp-json\/wp\/v2\/media?parent=443716"}],"wp:term":[{"taxonomy":"category","embeddable":true,"href":"https:\/\/www.europesays.com\/fr\/wp-json\/wp\/v2\/categories?post=443716"},{"taxonomy":"post_tag","embeddable":true,"href":"https:\/\/www.europesays.com\/fr\/wp-json\/wp\/v2\/tags?post=443716"}],"curies":[{"name":"wp","href":"https:\/\/api.w.org\/{rel}","templated":true}]}}