{"id":443729,"date":"2025-10-06T21:32:13","date_gmt":"2025-10-06T21:32:13","guid":{"rendered":"https:\/\/www.europesays.com\/fr\/443729\/"},"modified":"2025-10-06T21:32:13","modified_gmt":"2025-10-06T21:32:13","slug":"les-etats-unis-ont-accorde-20-de-visas-etudiants-en-moins-par-rapport-a-lannee-derniere","status":"publish","type":"post","link":"https:\/\/www.europesays.com\/fr\/443729\/","title":{"rendered":"Les \u00c9tats-Unis ont accord\u00e9 20% de visas \u00e9tudiants en moins par rapport \u00e0 l\u2019ann\u00e9e derni\u00e8re"},"content":{"rendered":"<p>Les \u00e9tudiants indiens sont les plus touch\u00e9s, \u00e0 pr\u00e9sent devanc\u00e9s par les Chinois. Au total, 313.138 visas ont \u00e9t\u00e9 d\u00e9livr\u00e9s en ao\u00fbt, avant la rentr\u00e9e des universit\u00e9s.<\/p>\n<p class=\"fig-paragraph\">Les \u00c9tats-Unis ont d\u00e9livr\u00e9 en ao\u00fbt pr\u00e8s de 20% de\u00a0<a href=\"http:\/\/www.lefigaro.fr\/international\/aux-etats-unis-trump-souhaite-restreindre-la-duree-des-visas-des-journalistes-et-etudiants-etrangers-20250828\" data-fig-type=\"NewsFlash\" data-gtm-custom-categorie=\"navigation\" data-gtm-custom-action=\"crossclick\" data-gtm-custom-label=\"Contextuel\" data-gtm-event=\"customEventSPE\" data-fig-domain=\"LEFIGARO\" target=\"_blank\" rel=\"noopener\">visas \u00e9tudiants<\/a>\u00a0de moins qu\u2019en ao\u00fbt 2024, selon des chiffres de la Commission du commerce international parus lundi, dans un contexte de durcissement des conditions d\u2019obtention par l\u2019administration de\u00a0<a href=\"http:\/\/www.lefigaro.fr\/sports\/mma\/mma-donald-trump-annonce-un-combat-a-la-maison-blanche-le-14-juin-20251006\" data-fig-type=\"NewsFlash\" data-gtm-custom-categorie=\"navigation\" data-gtm-custom-action=\"crossclick\" data-gtm-custom-label=\"Contextuel\" data-gtm-event=\"customEventSPE\" data-fig-domain=\"LEFIGARO\" target=\"_blank\" rel=\"noopener\">Donald Trump<\/a>. Le pays a ainsi \u00e9mis 313.138 visas \u00e9tudiants en ao\u00fbt, mois de rentr\u00e9e pour la plupart de ses universit\u00e9s, soit une baisse de 19,1 % par rapport \u00e0 la m\u00eame p\u00e9riode l\u2019an dernier.<\/p>\n<p class=\"fig-paragraph\">L\u2019Inde, qui \u00e9tait l\u2019ann\u00e9e derni\u00e8re la principale source d\u2019\u00e9tudiants \u00e9trangers aux \u00c9tats-Unis, a connu une chute spectaculaire avec 44,5% de visas \u00e9tudiants en moins par rapport \u00e0 ao\u00fbt 2024. C\u2019est la Chine qui a pris sa place, m\u00eame si le nombre de visas d\u00e9livr\u00e9s \u00e0 ses \u00e9tudiants en ao\u00fbt (plus de 86.000 pour ceux de Chine continentale) a \u00e9galement chut\u00e9 par rapport \u00e0 ao\u00fbt de l\u2019an dernier.<\/p>\n<p>                                    <a class=\"fig-a11y-skip a11y-hidden\" href=\"#fig-a11y-skip-main-inarticle\"><br \/>\n        Passer la publicit\u00e9<br \/>\n    <\/a><\/p>\n<p>6000 visas d\u2019\u00e9tudiants \u00e9trangers r\u00e9voqu\u00e9s en ao\u00fbt<\/p>\n<p class=\"fig-paragraph\">P\u00e9kin d\u00e9nonce r\u00e9guli\u00e8rement le traitement r\u00e9serv\u00e9 selon lui \u00e0 certains \u00e9tudiants chinois lors de leur entr\u00e9e ou leur s\u00e9jour sur le sol am\u00e9ricain, dans un contexte de tensions diplomatiques entre les deux puissances. Ces statistiques montrent \u00e9galement une forte baisse du nombre de visas d\u2019\u00e9tudiants en provenance de pays \u00e0 majorit\u00e9 musulmane, avec par exemple des admissions en provenance d\u2019Iran qui ont chut\u00e9 de 86%. Elles ne refl\u00e8tent pas la totalit\u00e9 des \u00e9trangers \u00e9tudiant aux \u00c9tats-Unis, mais seulement les nouveaux visas.<\/p>\n<p class=\"fig-paragraph\">L\u2019administration Trump s\u2019est engag\u00e9e dans une s\u00e9rie de batailles contre les universit\u00e9s, s\u2019en prenant \u00e0 des \u00e9tablissements de renom qu\u2019elle suspecte de laisser se propager sur leurs campus des id\u00e9es antis\u00e9mites, notamment dans le cadre des manifestations contre la guerre dans la bande de Gaza. En ao\u00fbt, le d\u00e9partement d\u2019\u00c9tat avait annonc\u00e9 avoir r\u00e9voqu\u00e9 les visas de plus de 6000 \u00e9tudiants \u00e9trangers, dont 4000 environ pour infraction \u00e0 la loi.<\/p>\n","protected":false},"excerpt":{"rendered":"Les \u00e9tudiants indiens sont les plus touch\u00e9s, \u00e0 pr\u00e9sent devanc\u00e9s par les Chinois. Au total, 313.138 visas ont&hellip;\n","protected":false},"author":2,"featured_media":443730,"comment_status":"","ping_status":"","sticky":false,"template":"","format":"standard","meta":{"footnotes":""},"categories":[1589],"tags":[11,75,1057,73,1866,12,1864,1865,1863,308],"class_list":{"0":"post-443729","1":"post","2":"type-post","3":"status-publish","4":"format-standard","5":"has-post-thumbnail","7":"category-etats-unis","8":"tag-actualites","9":"tag-donald-trump","10":"tag-education","11":"tag-etats-unis","12":"tag-etats-unis-damerique","13":"tag-news","14":"tag-united-states","15":"tag-united-states-of-america","16":"tag-us","17":"tag-usa"},"share_on_mastodon":{"url":"https:\/\/pubeurope.com\/@fr\/115329364604030238","error":""},"_links":{"self":[{"href":"https:\/\/www.europesays.com\/fr\/wp-json\/wp\/v2\/posts\/443729","targetHints":{"allow":["GET"]}}],"collection":[{"href":"https:\/\/www.europesays.com\/fr\/wp-json\/wp\/v2\/posts"}],"about":[{"href":"https:\/\/www.europesays.com\/fr\/wp-json\/wp\/v2\/types\/post"}],"author":[{"embeddable":true,"href":"https:\/\/www.europesays.com\/fr\/wp-json\/wp\/v2\/users\/2"}],"replies":[{"embeddable":true,"href":"https:\/\/www.europesays.com\/fr\/wp-json\/wp\/v2\/comments?post=443729"}],"version-history":[{"count":0,"href":"https:\/\/www.europesays.com\/fr\/wp-json\/wp\/v2\/posts\/443729\/revisions"}],"wp:featuredmedia":[{"embeddable":true,"href":"https:\/\/www.europesays.com\/fr\/wp-json\/wp\/v2\/media\/443730"}],"wp:attachment":[{"href":"https:\/\/www.europesays.com\/fr\/wp-json\/wp\/v2\/media?parent=443729"}],"wp:term":[{"taxonomy":"category","embeddable":true,"href":"https:\/\/www.europesays.com\/fr\/wp-json\/wp\/v2\/categories?post=443729"},{"taxonomy":"post_tag","embeddable":true,"href":"https:\/\/www.europesays.com\/fr\/wp-json\/wp\/v2\/tags?post=443729"}],"curies":[{"name":"wp","href":"https:\/\/api.w.org\/{rel}","templated":true}]}}