{"id":443731,"date":"2025-10-06T21:33:18","date_gmt":"2025-10-06T21:33:18","guid":{"rendered":"https:\/\/www.europesays.com\/fr\/443731\/"},"modified":"2025-10-06T21:33:18","modified_gmt":"2025-10-06T21:33:18","slug":"royaume-uni-maroc-thailande-combien-de-pays-ont-encore-une-monarchie-2","status":"publish","type":"post","link":"https:\/\/www.europesays.com\/fr\/443731\/","title":{"rendered":"Royaume-Uni, Maroc, Tha\u00eflande\u2026 Combien de pays ont encore une monarchie ?"},"content":{"rendered":"<p class=\"mb-4 text-lg md:leading-8 break-words\"><strong>Anachronique mais\u2026 &#8211; Le Luxembourg a un nouveau Grand-duc depuis ce week-end. Vivre dans une monarchie n\u2019est pas si rare, m\u00eame au XXIe\u00a0si\u00e8cle<\/strong><\/p>\n<p class=\"mb-4 text-lg md:leading-8 break-words\">Ce n\u2019\u00e9tait pas <a href=\"https:\/\/www.20minutes.fr\/monde\/4035767-20230506-couronnement-charles-iii-direct-suivez-sacre-nouveau-monarque-britannique?at_medium=RSS%20feed&amp;at_campaign=ynews&amp;utm_source=yahoo&amp;utm_medium=rss&amp;utm_campaign=news_feed&amp;utm_content=in_article_link\" rel=\"nofollow noopener\" target=\"_blank\" data-ylk=\"slk:le couronnement de Charles III;elm:context_link;itc:0;sec:content-canvas\" class=\"link \">le couronnement de Charles III<\/a> mais quand m\u00eame. De nombreux dirigeants europ\u00e9ens, dont Emmanuel Macron et son homologue allemand Frank-Walter Steinmeier, \u00e9taient en tenue de soir\u00e9e vendredi soir au <a href=\"https:\/\/www.20minutes.fr\/dossier\/luxembourg?at_medium=RSS%20feed&amp;at_campaign=ynews&amp;utm_source=yahoo&amp;utm_medium=rss&amp;utm_campaign=news_feed&amp;utm_content=in_article_link\" rel=\"nofollow noopener\" target=\"_blank\" data-ylk=\"slk:Luxembourg;elm:context_link;itc:0;sec:content-canvas\" class=\"link \">Luxembourg<\/a>. Pour l\u2019av\u00e8nement de <a href=\"https:\/\/www.20minutes.fr\/arts-stars\/culture\/4176973-20251003-guillaume-nouveau-grand-duc-luxembourg-vient-preter-serment?at_medium=RSS%20feed&amp;at_campaign=ynews&amp;utm_source=yahoo&amp;utm_medium=rss&amp;utm_campaign=news_feed&amp;utm_content=in_article_link\" rel=\"nofollow noopener\" target=\"_blank\" data-ylk=\"slk:Guillaume, qui a succ\u00e9d\u00e9 \u00e0 son p\u00e8re Henri \u00e0 la t\u00eate du Grand-duch\u00e9;elm:context_link;itc:0;sec:content-canvas\" class=\"link \">Guillaume, qui a succ\u00e9d\u00e9 \u00e0 son p\u00e8re Henri \u00e0 la t\u00eate du Grand-duch\u00e9<\/a>.<\/p>\n<p class=\"mb-4 text-lg md:leading-8 break-words\">Un nouveau souverain ne prend pas ses fonctions chaque jour dans le monde\u2026 Mais il reste encore une quarantaine de <a href=\"https:\/\/www.20minutes.fr\/monde\/royaute\/?at_medium=RSS%20feed&amp;at_campaign=ynews&amp;utm_source=yahoo&amp;utm_medium=rss&amp;utm_campaign=news_feed&amp;utm_content=in_article_link\" rel=\"nofollow noopener\" target=\"_blank\" data-ylk=\"slk:monarchies;elm:context_link;itc:0;sec:content-canvas\" class=\"link \">monarchies<\/a> dans le monde, tr\u00e8s diff\u00e9rentes. Petit tour de la plan\u00e8te avec 20 Minutes.<\/p>\n<p>Des chefs symboliques<\/p>\n<p class=\"mb-4 text-lg md:leading-8 break-words\">Pas besoin de partir tr\u00e8s loin de la France pour trouver ce type de r\u00e9gimes. Le Royaume-Uni en est l\u2019exemple le plus c\u00e9l\u00e8bre, avec un roi, <a href=\"https:\/\/www.20minutes.fr\/dossier\/prince_charles?at_medium=RSS%20feed&amp;at_campaign=ynews&amp;utm_source=yahoo&amp;utm_medium=rss&amp;utm_campaign=news_feed&amp;utm_content=in_article_link\" rel=\"nofollow noopener\" target=\"_blank\" data-ylk=\"slk:Charles III;elm:context_link;itc:0;sec:content-canvas\" class=\"link \">Charles III<\/a>, \u00e0 la t\u00eate d\u2019une monarchie constitutionnelle qui est parlementaire. Le pouvoir politique y est d\u00e9volu \u00e0 un Premier ministre et le fils d\u2019Elizabeth II ne poss\u00e8de donc qu\u2019un r\u00f4le symbolique. Philippe en Belgique, Frederik X au Danemark, Felipe VI en Espagne, Harald V en Norv\u00e8ge, <a href=\"https:\/\/www.20minutes.fr\/societe\/4176101-20250930-toulouse-reine-roi-pays-bas-visite-mercredi-pourquoi?at_medium=RSS%20feed&amp;at_campaign=ynews&amp;utm_source=yahoo&amp;utm_medium=rss&amp;utm_campaign=news_feed&amp;utm_content=in_article_link\" rel=\"nofollow noopener\" target=\"_blank\" data-ylk=\"slk:Willem-Alexander aux Pays-Bas;elm:context_link;itc:0;sec:content-canvas\" class=\"link \">Willem-Alexander aux Pays-Bas<\/a> ou encore Carl XVI Gustave en Su\u00e8de ont \u00e0 peu pr\u00e8s les m\u00eames pr\u00e9rogatives (limit\u00e9es). Sans oublier donc le dernier arriv\u00e9 sur le continent, Guillaume, au Luxembourg.<\/p>\n<p class=\"mb-4 text-lg md:leading-8 break-words\">Ailleurs, l\u2019empereur du Japon Naruhito peut \u00e9galement entrer dans cette liste, tout comme le roi du Lesotho, Letsie III, ou le roi du Cambodge. Les trois poss\u00e8dent avant tout un r\u00f4le protocolaire.<\/p>\n<p>Des monarques absolus<\/p>\n<p class=\"mb-4 text-lg md:leading-8 break-words\">Il faut se diriger vers l\u2019Asie pour trouver des monarques avec les pouvoirs absolus. En Arabie saoudite, le roi Salman(&#8230;)<\/p>\n<p class=\"mb-4 text-lg md:leading-8 break-words\"><a href=\"https:\/\/www.20minutes.fr\/monde\/royaume-uni\/4177366-20251006-royaume-uni-maroc-thailande-combien-pays-encore-monarchie?at_medium=RSS%20feed&amp;at_campaign=ynews&amp;utm_source=yahoo&amp;utm_medium=rss&amp;utm_campaign=news_feed&amp;utm_content=read_more_link&quot;\" rel=\"nofollow noopener\" target=\"_blank\" data-ylk=\"slk:Lire la suite sur 20minutes;elm:context_link;itc:0;sec:content-canvas\" class=\"link \">Lire la suite sur 20minutes<\/a><\/p>\n<p>\u00c0 lire aussi :<br \/><a href=\"https:\/\/www.20minutes.fr\/monde\/royaume-uni\/4168816-20250821-monarchie-britannique-royaume-uni-plein-doute-avenir-palais-buckingham?at_medium=RSS%20feed&amp;at_campaign=ynews&amp;utm_source=yahoo&amp;utm_medium=rss&amp;utm_campaign=news_feed&amp;utm_content=related_content_link\" rel=\"nofollow noopener\" target=\"_blank\" data-ylk=\"slk:Monarchie britannique\u00a0: Le Royaume-Uni en plein doute sur l\u2019avenir du palais de Buckingham;elm:context_link;itc:0;sec:content-canvas\" class=\"link \">Monarchie britannique\u00a0: Le Royaume-Uni en plein doute sur l\u2019avenir du palais de Buckingham<\/a><br \/><a href=\"https:\/\/www.20minutes.fr\/arts-stars\/culture\/4176973-20251003-guillaume-nouveau-grand-duc-luxembourg-vient-preter-serment?at_medium=RSS%20feed&amp;at_campaign=ynews&amp;utm_source=yahoo&amp;utm_medium=rss&amp;utm_campaign=news_feed&amp;utm_content=related_content_link\" rel=\"nofollow noopener\" target=\"_blank\" data-ylk=\"slk:Qui est Guillaume, le nouveau grand-duc du Luxembourg qui vient de pr\u00eater serment\u00a0?;elm:context_link;itc:0;sec:content-canvas\" class=\"link \">Qui est Guillaume, le nouveau grand-duc du Luxembourg qui vient de pr\u00eater serment\u00a0?<\/a><\/p>\n","protected":false},"excerpt":{"rendered":"Anachronique mais\u2026 &#8211; Le Luxembourg a un nouveau Grand-duc depuis ce week-end. Vivre dans une monarchie n\u2019est pas&hellip;\n","protected":false},"author":2,"featured_media":443732,"comment_status":"","ping_status":"","sticky":false,"template":"","format":"standard","meta":{"footnotes":""},"categories":[1588],"tags":[11,57006,1777,674,30994,57005,12,473,1853,16753,1851,1850,1852,5792],"class_list":{"0":"post-443731","1":"post","2":"type-post","3":"status-publish","4":"format-standard","5":"has-post-thumbnail","7":"category-royaume-uni","8":"tag-actualites","9":"tag-couronnement-de-charles-iii","10":"tag-eu","11":"tag-europe","12":"tag-le-luxembourg","13":"tag-monarchie-constitutionnelle","14":"tag-news","15":"tag-royaume-uni","16":"tag-royaume-uni-de-grande-bretagne-et-dirlande-du-nord","17":"tag-tenue-de-soiree","18":"tag-uk","19":"tag-united-kingdom","20":"tag-united-kingdom-of-great-britain-and-northern-ireland","21":"tag-xxie-siecle"},"share_on_mastodon":{"url":"https:\/\/pubeurope.com\/@fr\/115329368316239496","error":""},"_links":{"self":[{"href":"https:\/\/www.europesays.com\/fr\/wp-json\/wp\/v2\/posts\/443731","targetHints":{"allow":["GET"]}}],"collection":[{"href":"https:\/\/www.europesays.com\/fr\/wp-json\/wp\/v2\/posts"}],"about":[{"href":"https:\/\/www.europesays.com\/fr\/wp-json\/wp\/v2\/types\/post"}],"author":[{"embeddable":true,"href":"https:\/\/www.europesays.com\/fr\/wp-json\/wp\/v2\/users\/2"}],"replies":[{"embeddable":true,"href":"https:\/\/www.europesays.com\/fr\/wp-json\/wp\/v2\/comments?post=443731"}],"version-history":[{"count":0,"href":"https:\/\/www.europesays.com\/fr\/wp-json\/wp\/v2\/posts\/443731\/revisions"}],"wp:featuredmedia":[{"embeddable":true,"href":"https:\/\/www.europesays.com\/fr\/wp-json\/wp\/v2\/media\/443732"}],"wp:attachment":[{"href":"https:\/\/www.europesays.com\/fr\/wp-json\/wp\/v2\/media?parent=443731"}],"wp:term":[{"taxonomy":"category","embeddable":true,"href":"https:\/\/www.europesays.com\/fr\/wp-json\/wp\/v2\/categories?post=443731"},{"taxonomy":"post_tag","embeddable":true,"href":"https:\/\/www.europesays.com\/fr\/wp-json\/wp\/v2\/tags?post=443731"}],"curies":[{"name":"wp","href":"https:\/\/api.w.org\/{rel}","templated":true}]}}