{"id":443737,"date":"2025-10-06T21:36:19","date_gmt":"2025-10-06T21:36:19","guid":{"rendered":"https:\/\/www.europesays.com\/fr\/443737\/"},"modified":"2025-10-06T21:36:19","modified_gmt":"2025-10-06T21:36:19","slug":"on-a-eu-le-mental-pour-revenir-la-reserve-du-stade-brestois-sest-fait-une-frayeur-et-laisse-filer-deux-points-sur-la-pelouse-du-menez-paul","status":"publish","type":"post","link":"https:\/\/www.europesays.com\/fr\/443737\/","title":{"rendered":"\u00ab\u00a0On a eu le mental pour revenir\u00a0\u00bb\u00a0: la r\u00e9serve du Stade Brestois s\u2019est fait une frayeur et laisse filer deux points sur la pelouse du Menez Paul"},"content":{"rendered":"<p>National 3 (5e journ\u00e9e). Stade Brestois &#8211; Paotred Dispount \ufeff: 3-3<\/p>\n<p>Apr\u00e8s leur match nul spectaculaire contre les Paotred Dispount samedi apr\u00e8s-midi, et les trois points envol\u00e9s en deuxi\u00e8me mi-temps, <a href=\"https:\/\/www.letelegramme.fr\/sports\/football\/stade-brestois\/debat-stade-brestois-est-ce-une-bonne-idee-de-faire-revenir-soumaila-coulibaly-6904245.php\" target=\"_blank\" rel=\"noopener\">la r\u00e9serve du Stade Brestois<\/a> d\u2019Olivier Auriac devait se contenter de ce r\u00e9sultat frustrant.<\/p>\n<p>\u00ab On a la balle du troisi\u00e8me but avant la pause, se souvenait l\u2019entra\u00eeneur. Et derri\u00e8re, on se fait bousculer par une \u00e9quipe qui a su nous poser des probl\u00e8mes. \u00bb<\/p>\n<p>Le collectif brestois a \u00e9t\u00e9 rejoint \u00e0 trois reprises, la derni\u00e8re fois \u00e0 la 89e minute. Mais<\/p>\n<p>Heureusement pour Brest, dans la foul\u00e9e, le capitaine L\u00e9o Botz a remis les deux \u00e9quipes \u00e0 \u00e9galit\u00e9, permettant au sc\u00e9nario de ce match fou de retrouver une certaine logique.<\/p>\n<p>\u00ab On a eu le mental pour revenir, et \u00e7a c\u2019est positif. Mes joueurs sont jeunes, mais ils ont trouv\u00e9 les ressources n\u00e9cessaires pour aller chercher ce point, qui va nous faire du bien \u00bb, soulignait Olivier Auriac.<\/p>\n<p>Des joueurs de N3 souvent dans les feuilles de match d\u2019\u00c9ric Roy<\/p>\n<p>Malgr\u00e9 tout, <a href=\"https:\/\/www.letelegramme.fr\/sports\/football\/stade-brestois-romain-del-castillo-en-lice-pour-etre-elu-joueur-du-mois-de-septembre-en-ligue-1-6903280.php\" target=\"_blank\" rel=\"noopener\">la r\u00e9serve brestoise<\/a> reste englu\u00e9e en bas de tableau. Pour corriger l\u2019irr\u00e9gularit\u00e9 dont elle souffre sur la dur\u00e9e des matchs, la solution viendra peut-\u00eatre\u2026 d\u2019en haut. Avec un effectif professionnel r\u00e9duit jusqu\u2019\u00e0 la fin du mercato et plusieurs blessures, le groupe d\u2019\u00c9ric Roy pioche r\u00e9guli\u00e8rement dans la r\u00e9serve pour compl\u00e9ter son banc. Kant\u00e9, Diop, Le Guen ou encore Iri\u00e9 figurent souvent sur la feuille de match en Ligue 1.<\/p>\n<p>Or, pour exister dans un championnat de N3 exigeant, qui n\u2019accorde aucun passe-droit aux clubs formateurs, la r\u00e9serve pourrait b\u00e9n\u00e9ficier du retour de ces jeunes talents. En manque de temps de jeu depuis le mois d\u2019ao\u00fbt, certains retrouveraient sans doute du rythme et de la confiance en redescendant avec les amateurs &#8211; eux qui \u00e9voluaient encore en R1 il y a quelques mois. Reste \u00e0 trouver le bon \u00e9quilibre entre les imp\u00e9ratifs de formation et les exigences du classement, dans une lutte pour le maintien d\u00e9j\u00e0 bien pr\u00e9sente dans tous les esprits.<\/p>\n","protected":false},"excerpt":{"rendered":"National 3 (5e journ\u00e9e). Stade Brestois &#8211; Paotred Dispount \ufeff: 3-3 Apr\u00e8s leur match nul spectaculaire contre les&hellip;\n","protected":false},"author":2,"featured_media":443738,"comment_status":"","ping_status":"","sticky":false,"template":"","format":"standard","meta":{"footnotes":""},"categories":[1586],"tags":[328,11,1777,674,1779,1011,27,12,57007,25,1778,364],"class_list":{"0":"post-443737","1":"post","2":"type-post","3":"status-publish","4":"format-standard","5":"has-post-thumbnail","7":"category-europe","8":"tag-a-la-une","9":"tag-actualites","10":"tag-eu","11":"tag-europe","12":"tag-european-union","13":"tag-fr","14":"tag-france","15":"tag-news","16":"tag-paotred-dispount-ergue-gaberic","17":"tag-republique-francaise","18":"tag-ue","19":"tag-union-europeenne"},"share_on_mastodon":{"url":"https:\/\/pubeurope.com\/@fr\/115329380174829075","error":""},"_links":{"self":[{"href":"https:\/\/www.europesays.com\/fr\/wp-json\/wp\/v2\/posts\/443737","targetHints":{"allow":["GET"]}}],"collection":[{"href":"https:\/\/www.europesays.com\/fr\/wp-json\/wp\/v2\/posts"}],"about":[{"href":"https:\/\/www.europesays.com\/fr\/wp-json\/wp\/v2\/types\/post"}],"author":[{"embeddable":true,"href":"https:\/\/www.europesays.com\/fr\/wp-json\/wp\/v2\/users\/2"}],"replies":[{"embeddable":true,"href":"https:\/\/www.europesays.com\/fr\/wp-json\/wp\/v2\/comments?post=443737"}],"version-history":[{"count":0,"href":"https:\/\/www.europesays.com\/fr\/wp-json\/wp\/v2\/posts\/443737\/revisions"}],"wp:featuredmedia":[{"embeddable":true,"href":"https:\/\/www.europesays.com\/fr\/wp-json\/wp\/v2\/media\/443738"}],"wp:attachment":[{"href":"https:\/\/www.europesays.com\/fr\/wp-json\/wp\/v2\/media?parent=443737"}],"wp:term":[{"taxonomy":"category","embeddable":true,"href":"https:\/\/www.europesays.com\/fr\/wp-json\/wp\/v2\/categories?post=443737"},{"taxonomy":"post_tag","embeddable":true,"href":"https:\/\/www.europesays.com\/fr\/wp-json\/wp\/v2\/tags?post=443737"}],"curies":[{"name":"wp","href":"https:\/\/api.w.org\/{rel}","templated":true}]}}