{"id":443742,"date":"2025-10-06T21:41:13","date_gmt":"2025-10-06T21:41:13","guid":{"rendered":"https:\/\/www.europesays.com\/fr\/443742\/"},"modified":"2025-10-06T21:41:13","modified_gmt":"2025-10-06T21:41:13","slug":"les-choses-serieuses-debutent-pour-un-tours-vb-enfin-au-complet","status":"publish","type":"post","link":"https:\/\/www.europesays.com\/fr\/443742\/","title":{"rendered":"les choses s\u00e9rieuses d\u00e9butent pour un Tours VB enfin au complet"},"content":{"rendered":"<p><strong>Tours VB\u00a0&#8211; Saint-Nazaire<\/strong><\/p>\n<p>Tic-tac, tic-tac, tic-tac\u2026 \u00c0 deux semaines de l\u2019entame du championnat, le 21\u00a0octobre contre Ajaccio \u00e0 Grenon, le Tours Volley-Ball entre dans la derni\u00e8re ligne droite de sa pr\u00e9paration. Ce mardi apr\u00e8s-midi, les Tourangeaux re\u00e7oivent Saint-Nazaire en amical, six jours apr\u00e8s <a target=\"_blank\" href=\"https:\/\/www.lanouvellerepublique.fr\/tours\/le-tours-volley-ball-a-pu-integrer-ses-mondialistes-a-saint-nazaire-en-amical-1759349170\" rel=\"noopener\">un premier test<\/a>\u00a0\u2013 plus ou moins r\u00e9ussi \u2013 entre les deux derniers champions de France, en Loire-Atlantique (2-2)&#8230;. <\/p>\n<p>    Cet article a \u00e9t\u00e9 tronqu\u00e9. Abonnez-vous pour lire l&rsquo;article complet sur notre site.<\/p>\n<p style=\"margin: 0 !important; padding: 0 !important; font-size: 12px !important;\">Cet article a \u00e9t\u00e9 tronqu\u00e9. Abonnez-vous pour lire l&rsquo;article complet.<\/p>\n<p>    <a href=\"https:\/\/www.lanouvellerepublique.fr\/abonnements\" style=\"display: inline-block; margin-top: 5px !important; padding: 6px 12px !important; background: #cb1c27; color: white; text-decoration: none; border-radius: 4px; font-size: 12px !important;\" target=\"_blank\" rel=\"noopener\"><br \/>\n      S&rsquo;abonner<br \/>\n    <\/a><\/p>\n","protected":false},"excerpt":{"rendered":"Tours VB\u00a0&#8211; Saint-Nazaire Tic-tac, tic-tac, tic-tac\u2026 \u00c0 deux semaines de l\u2019entame du championnat, le 21\u00a0octobre contre Ajaccio \u00e0&hellip;\n","protected":false},"author":2,"featured_media":443743,"comment_status":"","ping_status":"","sticky":false,"template":"","format":"standard","meta":{"footnotes":""},"categories":[1417],"tags":[1392,1011,27,1387,60,1390,1471,2767,1470,1469],"class_list":{"0":"post-443742","1":"post","2":"type-post","3":"status-publish","4":"format-standard","5":"has-post-thumbnail","7":"category-volley","8":"tag-a-la-une-local","9":"tag-fr","10":"tag-france","11":"tag-indre-et-loire","12":"tag-sports","13":"tag-tours","14":"tag-tours-volley-ball","15":"tag-tvb-37","16":"tag-volley","17":"tag-volleyball"},"share_on_mastodon":{"url":"https:\/\/pubeurope.com\/@fr\/115329399840732656","error":""},"_links":{"self":[{"href":"https:\/\/www.europesays.com\/fr\/wp-json\/wp\/v2\/posts\/443742","targetHints":{"allow":["GET"]}}],"collection":[{"href":"https:\/\/www.europesays.com\/fr\/wp-json\/wp\/v2\/posts"}],"about":[{"href":"https:\/\/www.europesays.com\/fr\/wp-json\/wp\/v2\/types\/post"}],"author":[{"embeddable":true,"href":"https:\/\/www.europesays.com\/fr\/wp-json\/wp\/v2\/users\/2"}],"replies":[{"embeddable":true,"href":"https:\/\/www.europesays.com\/fr\/wp-json\/wp\/v2\/comments?post=443742"}],"version-history":[{"count":0,"href":"https:\/\/www.europesays.com\/fr\/wp-json\/wp\/v2\/posts\/443742\/revisions"}],"wp:featuredmedia":[{"embeddable":true,"href":"https:\/\/www.europesays.com\/fr\/wp-json\/wp\/v2\/media\/443743"}],"wp:attachment":[{"href":"https:\/\/www.europesays.com\/fr\/wp-json\/wp\/v2\/media?parent=443742"}],"wp:term":[{"taxonomy":"category","embeddable":true,"href":"https:\/\/www.europesays.com\/fr\/wp-json\/wp\/v2\/categories?post=443742"},{"taxonomy":"post_tag","embeddable":true,"href":"https:\/\/www.europesays.com\/fr\/wp-json\/wp\/v2\/tags?post=443742"}],"curies":[{"name":"wp","href":"https:\/\/api.w.org\/{rel}","templated":true}]}}