{"id":443748,"date":"2025-10-06T21:45:16","date_gmt":"2025-10-06T21:45:16","guid":{"rendered":"https:\/\/www.europesays.com\/fr\/443748\/"},"modified":"2025-10-06T21:45:16","modified_gmt":"2025-10-06T21:45:16","slug":"une-course-eprouvante-et-plutot-ennuyeuse-pour-alex-marquez-en-indonesie","status":"publish","type":"post","link":"https:\/\/www.europesays.com\/fr\/443748\/","title":{"rendered":"Une course \u00e9prouvante et plut\u00f4t ennuyeuse pour \u00c1lex M\u00e1rquez en Indon\u00e9sie"},"content":{"rendered":"<p><a href=\"https:\/\/fr.motorsport.com\/driver\/alex-marquez\/96324\/\" target=\"_blank\" rel=\"noopener\">\u00c1lex M\u00e1rquez<\/a> a d\u00e9croch\u00e9 dimanche sa 22e entr\u00e9e de la saison dans le top 3, son dixi\u00e8me podium si l&rsquo;on ne prend en compte que les Grands Prix. Il le doit \u00e0 une course qui n&rsquo;a pas r\u00e9compens\u00e9 que la performance pure mais aussi la gestion et l&rsquo;endurance, lui qui se savait moins comp\u00e9titif ce week-end qu&rsquo;il a pu l&rsquo;\u00eatre sur d&rsquo;autres circuits.<\/p>\n<p>Quatri\u00e8me du sprint, le pilote Gresini estimait alors avoir obtenu ce qui \u00e9tait \u00ab\u00a0le maximum\u00a0\u00bb pour lui apr\u00e8s un d\u00e9but de week-end plut\u00f4t compliqu\u00e9. Il comptait sur le passage au pneu arri\u00e8re medium afin de disposer de meilleures options pour la course longue, et de potentiellement viser le podium. C&rsquo;est exactement la tournure qu&rsquo;a prise l&rsquo;\u00e9preuve pour lui, sans toutefois lui laisser de chance de se rapprocher de son co\u00e9quipier, <a href=\"https:\/\/fr.motorsport.com\/driver\/fermin-aldeguer\/945314\/\" target=\"_blank\" rel=\"noopener\">Ferm\u00edn Aldeguer<\/a>, dont le pilotage correspond \u00e0 la perfection au d\u00e9fi pos\u00e9 par ce circuit.<\/p>\n<p>Avant m\u00eame de s&rsquo;aligner sur la grille pour ce second d\u00e9part du week-end, \u00c1lex M\u00e1rquez se f\u00e9licitait de sa courbe ascendante, en d\u00e9pit de performances inf\u00e9rieures \u00e0 ce qu&rsquo;il aurait pu viser dans des conditions plus favorables. \u00ab\u00a0On s&rsquo;est am\u00e9lior\u00e9s tout au long du week-end, c&rsquo;\u00e9tait un peu mieux \u00e0 chaque s\u00e9ance\u00a0\u00bb, expliquait-il au site officiel du MotoGP dimanche matin. \u00ab\u00a0Avec le nouveau pneu arri\u00e8re tendre, on souffre pas mal dans le time attack. <a href=\"https:\/\/fr.motorsport.com\/motogp\/news\/alex-marquez-ravi-sensations-malgre-chute-indonesie\/10764560\/\" target=\"_self\" rel=\"noopener\">Je suis tomb\u00e9 vendredi<\/a>, je suis tomb\u00e9 en qualifs, donc \u00e7a n&rsquo;est pas tr\u00e8s facile de partir septi\u00e8me, et ce d&rsquo;autant moins que c&rsquo;est la partie sale de la piste.\u00a0\u00bb<\/p>\n<p>Quelques heures plus tard, le deuxi\u00e8me homme du <a href=\"https:\/\/fr.motorsport.com\/motogp\/news\/championnat-bagnaia-preserve-troisieme-place\/10765214\/\" target=\"_self\" rel=\"noopener\">championnat<\/a> r\u00e9ussissait \u00e0 ajouter de gros points \u00e0 son butin. Mais il a pour cela d\u00fb en passer par 27 tours \u00e9prouvants, entre chaleur extr\u00eame et obligation de doser savamment son attaque pour conserver suffisamment de gomme jusqu&rsquo;\u00e0 l&rsquo;arriv\u00e9e.\u00a0\u00ab\u00a0Une course d&rsquo;endurance\u00a0!\u00a0\u00bb, a-t-il r\u00e9sum\u00e9. \u00ab\u00a0C&rsquo;\u00e9tait tellement long, il faisait tellement chaud. Pendant toute la course, j&rsquo;ai roul\u00e9 \u00e0 80% juste pour essayer de ne pas faire d&rsquo;erreurs, juste pour rester sur la moto.\u00a0\u00bb<\/p>\n<p>Lire aussi :<\/p>\n<p>\u00c1lex M\u00e1rquez a d&rsquo;abord d\u00e9pass\u00e9 <a href=\"https:\/\/fr.motorsport.com\/driver\/fabio-quartararo\/109400\/\" target=\"_blank\" rel=\"noopener\">Fabio Quartararo<\/a>, puis il a profit\u00e9 du contact entre <a href=\"https:\/\/fr.motorsport.com\/driver\/luca-marini\/201098\/\" target=\"_blank\" rel=\"noopener\">Luca Marini<\/a> et <a href=\"https:\/\/fr.motorsport.com\/driver\/raul-fernandez\/443094\/\" target=\"_blank\" rel=\"noopener\">Ra\u00fal Fern\u00e1ndez<\/a> avant de s&rsquo;attaquer \u00e0 <a href=\"https:\/\/fr.motorsport.com\/driver\/pedro-acosta\/840236\/\" target=\"_blank\" rel=\"noopener\">Pedro Acosta<\/a> et \u00e0 <a href=\"https:\/\/fr.motorsport.com\/driver\/alex-rins\/109402\/\" target=\"_blank\" rel=\"noopener\">\u00c1lex Rins<\/a>. La r\u00e9plique du pilote KTM \u00e0 trois tours de l&rsquo;arriv\u00e9e a eu raison de son ambition de terminer deuxi\u00e8me, mais il s&rsquo;estime d\u00e9j\u00e0 bien r\u00e9compens\u00e9 au vu des efforts qu&rsquo;il a d\u00fb consentir.<\/p>\n<p>\u00ab\u00a0Je me sentais \u00e0 la limite, physiquement et \u00e0 tous les niveaux\u00a0\u00bb, admet-il pour expliquer son manque de r\u00e9partie sur Acosta. \u00ab\u00a0J&rsquo;avais pass\u00e9 beaucoup de tours derri\u00e8re beaucoup de motos et je pense que mon pneu avant chauffait de plus en plus. J&rsquo;ai fait des erreurs dans certains virages et je me suis dit qu&rsquo;il fallait laisser tomber et juste valider le podium et passer \u00e0 autre chose.\u00a0\u00bb<\/p>\n<p><img decoding=\"async\" class=\"sizer\" draggable=\"false\" src=\"data:image\/png;base64,iVBORw0KGgoAAAANSUhEUgAAABAAAAAJCAYAAAA7KqwyAAAAGXRFWHRTb2Z0d2FyZQBBZG9iZSBJbWFnZVJlYWR5ccllPAAAABpJREFUeNpi\/P\/\/PwMlgImBQjBqwLAwACDAAOVfAw9\/ZDvcAAAAAElFTkSuQmCC\" alt=\"\" loading=\"lazy\"\/><\/p>\n<p class=\"title\">VID\u00c9O &#8211; Premi\u00e8re victoire MotoGP pour Ferm\u00edn Aldeguer !<\/p>\n<p>S&rsquo;il se f\u00e9licite de ce podium, c&rsquo;est aussi car il sait que sa course aurait pu tr\u00e8s mal tourner d\u00e8s l&rsquo;extinction des feux. \u00ab\u00a0J&rsquo;ai fait une erreur au d\u00e9part, je n&rsquo;ai pas enclench\u00e9 le front device. Il s&rsquo;est pass\u00e9 quelque chose, j&rsquo;ai entendu un gros bruit \u00e0 l&rsquo;avant et je n&rsquo;ai pas pu l&rsquo;enclencher\u00a0\u00bb, r\u00e9v\u00e8le-t-il.<\/p>\n<p>\u00ab\u00a0Je pensais que la course \u00e9tait fichue. Mais heureusement, j&rsquo;ai r\u00e9ussi malgr\u00e9 tout \u00e0 prendre un assez bon d\u00e9part. J&rsquo;ai perdu des places mais j&rsquo;ai essay\u00e9 d&rsquo;\u00eatre constant, de ne pas faire d&rsquo;erreurs. Le podium \u00e9tait tr\u00e8s loin, et puis tout \u00e0 coup, d&rsquo;un tour \u00e0 l&rsquo;autre, j&rsquo;ai vu que le groupe \u00e9tait l\u00e0 alors j&rsquo;ai fait de mon mieux.\u00a0\u00bb<\/p>\n<p>\u00ab\u00a0Je suis rest\u00e9 dans le sillage des deux Yamaha, Quartararo et Rins, qui \u00e9taient super rapides au d\u00e9but avec le pneu tendre et impossibles \u00e0 d\u00e9passer. Mais ensuite, j&rsquo;ai commenc\u00e9 \u00e0 d\u00e9passer, \u00e0 me sentir un peu mieux, donc je suis rest\u00e9 patient, j&rsquo;ai juste essay\u00e9 de ne pas faire d&rsquo;erreurs.\u00a0\u00bb<\/p>\n<p>Un week-end \u00ab\u00a0sauv\u00e9\u00a0\u00bb, non sans mal<\/p>\n<p>Dans la longue file indienne qui s&rsquo;\u00e9tirait derri\u00e8re Acosta,\u00a0\u00c1lex M\u00e1rquez a r\u00e9ussi \u00e0 se frayer un chemin, jusqu&rsquo;\u00e0 valider cette troisi\u00e8me place qu&rsquo;il accueille avec soulagement, d&rsquo;autant qu&rsquo;il est le seul parmi les quatre premiers du championnat \u00e0 avoir pris des points dimanche. Ce r\u00e9sultat lui permet aussi de valider le titre honorifique de meilleur pilote ind\u00e9pendant cette saison.<\/p>\n<p>\u00ab\u00a0C&rsquo;est un tr\u00e8s beau podium\u00a0\u00bb, juge-t-il. \u00ab\u00a0En \u00e9tant parti septi\u00e8me, en ayant eu des probl\u00e8mes au d\u00e9but, c&rsquo;est un bon r\u00e9sultat. Un week-end tr\u00e8s positif, alors que l&rsquo;ann\u00e9e derni\u00e8re on avait beaucoup souffert et que Mandalika \u00e9tait sur le papier l&rsquo;un de mes plus gros points faibles. On a tr\u00e8s bien sauv\u00e9 le week-end.\u00a0\u00bb<\/p>\n<p>Lire aussi :<\/p>\n<p>\u00ab\u00a0Je veux f\u00e9liciter l&rsquo;\u00e9quipe et surtout Ferm\u00edn qui a fait un boulot incroyable\u00a0\u00bb, ajoute \u00c1lex M\u00e1rquez, lui-m\u00eame vainqueur \u00e0 Jerez et Barcelone cette saison. \u00ab\u00a0Je le redis\u00a0:\u00a0tous ceux qui passent par Gresini gagnent une course\u00a0!\u00a0Il doit y avoir une raison \u00e0 \u00e7a. C&rsquo;est une \u00e9quipe incroyable, une famille incroyable. Ils le m\u00e9ritent, et Ferm\u00edn aussi car il a d\u00fb patienter toute l&rsquo;ann\u00e9e avant d&rsquo;en arriver l\u00e0.\u00a0\u00bb<\/p>\n<p>Le r\u00e9sultat final a beau le r\u00e9jouir,\u00a0\u00c1lex M\u00e1rquez a h\u00e2te de retrouver une piste sur laquelle il se sent plus \u00e0 m\u00eame d&rsquo;exprimer ses points forts sans \u00eatre limit\u00e9.\u00a0\u00ab\u00a0Vu de l&rsquo;ext\u00e9rieur, c&rsquo;\u00e9tait peut-\u00eatre une course assez marrante, mais de l&rsquo;int\u00e9rieur c&rsquo;\u00e9tait plut\u00f4t ennuyeux\u00a0\u00bb, fait-il remarquer, \u00ab\u00a0parce que c&rsquo;est super difficile de faire le moindre d\u00e9passement ici, il faut \u00e9norm\u00e9ment calculer et on ne peut pas prendre beaucoup de risques. Il faut lancer le d\u00e9passement de fa\u00e7on tr\u00e8s pr\u00e9cise. Donc je suis juste rest\u00e9 patient.\u00a0\u00bb<\/p>\n<p>\u00ab\u00a0Pedro \u00e9tait plus rapide que moi dans les deux derniers tours, il m&rsquo;a d\u00e9pass\u00e9 et je me suis dit que le podium, \u00e7a allait, apr\u00e8s tous les probl\u00e8mes qu&rsquo;on a eus dans le week-end. C&rsquo;est assez positif, \u00e7a fait de gros points pour la deuxi\u00e8me place du championnat. Maintenant on va penser \u00e0 l&rsquo;Australie.\u00a0\u00bb<\/p>\n<p>            Votre avis nous int\u00e9resse !<\/p>\n<p class=\"mt-auto\">Qu&rsquo;aimeriez-vous voir sur Motorsport.com ?<\/p>\n<p>            <a href=\"#\" class=\"ms-link text-link font-bold\">R\u00e9pondez \u00e0 notre enqu\u00eate de 5 minutes.<\/a><\/p>\n<p class=\"mt-1 font-info text-body\">&#8211; L&rsquo;\u00e9quipe Motorsport.com<\/p>\n","protected":false},"excerpt":{"rendered":"\u00c1lex M\u00e1rquez a d\u00e9croch\u00e9 dimanche sa 22e entr\u00e9e de la saison dans le top 3, son dixi\u00e8me podium&hellip;\n","protected":false},"author":2,"featured_media":443749,"comment_status":"","ping_status":"","sticky":false,"template":"","format":"standard","meta":{"footnotes":""},"categories":[1413],"tags":[1011,27,55763,3452,55764,1457,1456,1458,60,7896,57008],"class_list":{"0":"post-443748","1":"post","2":"type-post","3":"status-publish","4":"format-standard","5":"has-post-thumbnail","7":"category-moto","8":"tag-fr","9":"tag-france","10":"tag-gp-dindonu00e9sie","11":"tag-gresini-racing","12":"tag-mandalika-international-street-circuit","13":"tag-moto","14":"tag-motocycle","15":"tag-motogp","16":"tag-sports","17":"tag-u00c1lex-mu00e1rquez","18":"tag-une-course-u00e9prouvante-et-plutu00f4t-ennuyeuse-pour-u00c1lex-mu00e1rquez-en-indonu00e9sie"},"share_on_mastodon":{"url":"https:\/\/pubeurope.com\/@fr\/115329415507915397","error":""},"_links":{"self":[{"href":"https:\/\/www.europesays.com\/fr\/wp-json\/wp\/v2\/posts\/443748","targetHints":{"allow":["GET"]}}],"collection":[{"href":"https:\/\/www.europesays.com\/fr\/wp-json\/wp\/v2\/posts"}],"about":[{"href":"https:\/\/www.europesays.com\/fr\/wp-json\/wp\/v2\/types\/post"}],"author":[{"embeddable":true,"href":"https:\/\/www.europesays.com\/fr\/wp-json\/wp\/v2\/users\/2"}],"replies":[{"embeddable":true,"href":"https:\/\/www.europesays.com\/fr\/wp-json\/wp\/v2\/comments?post=443748"}],"version-history":[{"count":0,"href":"https:\/\/www.europesays.com\/fr\/wp-json\/wp\/v2\/posts\/443748\/revisions"}],"wp:featuredmedia":[{"embeddable":true,"href":"https:\/\/www.europesays.com\/fr\/wp-json\/wp\/v2\/media\/443749"}],"wp:attachment":[{"href":"https:\/\/www.europesays.com\/fr\/wp-json\/wp\/v2\/media?parent=443748"}],"wp:term":[{"taxonomy":"category","embeddable":true,"href":"https:\/\/www.europesays.com\/fr\/wp-json\/wp\/v2\/categories?post=443748"},{"taxonomy":"post_tag","embeddable":true,"href":"https:\/\/www.europesays.com\/fr\/wp-json\/wp\/v2\/tags?post=443748"}],"curies":[{"name":"wp","href":"https:\/\/api.w.org\/{rel}","templated":true}]}}