{"id":443762,"date":"2025-10-06T21:56:11","date_gmt":"2025-10-06T21:56:11","guid":{"rendered":"https:\/\/www.europesays.com\/fr\/443762\/"},"modified":"2025-10-06T21:56:11","modified_gmt":"2025-10-06T21:56:11","slug":"nayef-aguerd-sort-du-silence-apres-son-agression-je-suis-concentre-sur-ce-qui-compte-le-plus-pour-moi-jouer-pour-lom","status":"publish","type":"post","link":"https:\/\/www.europesays.com\/fr\/443762\/","title":{"rendered":"Nayef Aguerd sort du silence apr\u00e8s son agression : \u00ab\u00a0Je suis concentr\u00e9 sur ce qui compte le plus pour moi : jouer pour l&rsquo;OM\u00a0\u00bb"},"content":{"rendered":"<p>\u00ab\u00a0Je tiens \u00e0 rassurer tout le monde suite aux informations qui circulent depuis quelques heures. J&rsquo;ai bien \u00e9t\u00e9 agress\u00e9 \u00e0 l&rsquo;a\u00e9roport de Marignane alors que j&rsquo;attendais mon vol pour rejoindre la s\u00e9lection marocaine. Heureusement, plus de peur que de mal, tout s&rsquo;est vite termin\u00e9 gr\u00e2ce \u00e0 l&rsquo;intervention du personnel charg\u00e9 de la s\u00e9curit\u00e9 et des forces de l&rsquo;ordre. Tout est d\u00e9sormais entre les mains de la police. Je vais bien, et je suis d\u00e9sormais concentr\u00e9 sur ce qui compte le plus pour moi : jouer pour l&rsquo;OM et repr\u00e9senter mon pays avec fiert\u00e9 lors du prochain rassemblement. Merci pour tous vos messages de soutien et d&rsquo;inqui\u00e9tude, ils me touchent sinc\u00e8rement. Soyons toujours calmes et respectueux. La vie continue\u00a0\u00bb, a \u00e9crit l&rsquo;international marocain qui reviendra en Provence d\u00e8s la fin de la tr\u00eave internationale.<\/p>\n<p>Cette derni\u00e8re lui r\u00e9serve deux rendez-vous avec les Lions de l&rsquo;Atlas\u00a0: la r\u00e9ception du Bahre\u00efn en amical (ce jeudi 9 octobre) et celle du Congo en \u00e9liminatoires pour la coupe du monde (mardi 14 octobre prochain).<\/p>\n","protected":false},"excerpt":{"rendered":"\u00ab\u00a0Je tiens \u00e0 rassurer tout le monde suite aux informations qui circulent depuis quelques heures. J&rsquo;ai bien \u00e9t\u00e9&hellip;\n","protected":false},"author":2,"featured_media":443763,"comment_status":"","ping_status":"","sticky":false,"template":"","format":"standard","meta":{"footnotes":""},"categories":[9],"tags":[17,1120,51919,150,1011,27,57010,149,15980,3711,4102,60],"class_list":{"0":"post-443762","1":"post","2":"type-post","3":"status-publish","4":"format-standard","5":"has-post-thumbnail","7":"category-sports","8":"tag-17","9":"tag-agression","10":"tag-aguerd","11":"tag-apres","12":"tag-fr","13":"tag-france","14":"tag-nayef","15":"tag-om","16":"tag-silence","17":"tag-son","18":"tag-sort","19":"tag-sports"},"share_on_mastodon":{"url":"https:\/\/pubeurope.com\/@fr\/115329458897280701","error":""},"_links":{"self":[{"href":"https:\/\/www.europesays.com\/fr\/wp-json\/wp\/v2\/posts\/443762","targetHints":{"allow":["GET"]}}],"collection":[{"href":"https:\/\/www.europesays.com\/fr\/wp-json\/wp\/v2\/posts"}],"about":[{"href":"https:\/\/www.europesays.com\/fr\/wp-json\/wp\/v2\/types\/post"}],"author":[{"embeddable":true,"href":"https:\/\/www.europesays.com\/fr\/wp-json\/wp\/v2\/users\/2"}],"replies":[{"embeddable":true,"href":"https:\/\/www.europesays.com\/fr\/wp-json\/wp\/v2\/comments?post=443762"}],"version-history":[{"count":0,"href":"https:\/\/www.europesays.com\/fr\/wp-json\/wp\/v2\/posts\/443762\/revisions"}],"wp:featuredmedia":[{"embeddable":true,"href":"https:\/\/www.europesays.com\/fr\/wp-json\/wp\/v2\/media\/443763"}],"wp:attachment":[{"href":"https:\/\/www.europesays.com\/fr\/wp-json\/wp\/v2\/media?parent=443762"}],"wp:term":[{"taxonomy":"category","embeddable":true,"href":"https:\/\/www.europesays.com\/fr\/wp-json\/wp\/v2\/categories?post=443762"},{"taxonomy":"post_tag","embeddable":true,"href":"https:\/\/www.europesays.com\/fr\/wp-json\/wp\/v2\/tags?post=443762"}],"curies":[{"name":"wp","href":"https:\/\/api.w.org\/{rel}","templated":true}]}}