{"id":443766,"date":"2025-10-06T21:58:13","date_gmt":"2025-10-06T21:58:13","guid":{"rendered":"https:\/\/www.europesays.com\/fr\/443766\/"},"modified":"2025-10-06T21:58:13","modified_gmt":"2025-10-06T21:58:13","slug":"de-lor-pour-rendre-les-panneaux-solaires-plus-efficaces-et-moins-chers","status":"publish","type":"post","link":"https:\/\/www.europesays.com\/fr\/443766\/","title":{"rendered":"De l\u2019or pour rendre les panneaux solaires plus efficaces\u2026 et moins chers"},"content":{"rendered":"<p class=\"ed__a-p ed__bdy__l\"><img loading=\"lazy\" decoding=\"async\" src=\"data:image\/svg+xml,%3Csvg xmlns='http:\/\/www.w3.org\/2000\/svg'%3E%3C\/svg%3E\" draggable=\"false\" width=\"2133\" height=\"1200\" class=\"ed__title-xxs\" alt=\"En pla\u00e7ant un miroir \u00e0 base d\u2019or sous les cellules photovolta\u00efques, des chercheurs ont augment\u00e9 le rendement des panneaux solaires ultrafins.\" style=\"background-color: #f2f2f2; aspect-ratio:2133\/1200;\"\/><\/p>\n<p>En pla\u00e7ant un miroir \u00e0 base d\u2019or sous les cellules photovolta\u00efques, des chercheurs ont augment\u00e9 le rendement des panneaux solaires ultrafins.<\/p>\n<p>\u00a9 Andr\u00e9 Violas, INL<\/p>\n<\/p>\n<p class=\"ed__a-p ed__bdy__l\">Int\u00e9grer de l\u2019or dans les panneaux solaires pour en r\u00e9duire le co\u00fbt peut sembler contre-intuitif, mais c\u2019est la derni\u00e8re d\u00e9couverte de chercheurs du Laboratoire international ib\u00e9rique de nanotechnologie. Dans un article publi\u00e9 dans la revue <a href=\"https:\/\/doi.org\/10.1002\/solr.202400837\" target=\"_blank\" rel=\"nofollow noopener\">Solar RRL<\/a>, ils ont mis au point un nouveau type de panneau solaire ultrafin avec un meilleur rendement gr\u00e2ce \u00e0 un nano-miroir \u00e0 base d\u2019or.<\/p>\n<p>            Publicit\u00e9, votre contenu continue ci-dessous<\/p>\n<p>        Publicit\u00e9<\/p>\n<p>Un \u201cmiroir nanostructur\u00e9\u201d pour pi\u00e9ger la lumi\u00e8re<\/p>\n<p class=\"ed__a-p ed__bdy__l\">Les panneaux solaires ultrafins sont tr\u00e8s prometteurs, car ils n\u00e9cessitent moins de mat\u00e9riaux, sont plus rapides \u00e0 produire et peuvent \u00eatre ajout\u00e9s sur des surfaces incurv\u00e9es ou flexibles. Toutefois, ils souffrent d\u2019un d\u00e9faut majeur\u202f: plus les cellules sont fines, moins elles peuvent absorber de lumi\u00e8re, laissant l\u2019\u00e9nergie s\u2019\u00e9chapper \u00e0 l\u2019arri\u00e8re. Cela r\u00e9duit consid\u00e9rablement leur rendement.<\/p>\n<p class=\"ed__a-p ed__bdy__l\"><img loading=\"lazy\" decoding=\"async\" src=\"data:image\/svg+xml,%3Csvg xmlns='http:\/\/www.w3.org\/2000\/svg'%3E%3C\/svg%3E\" draggable=\"false\" width=\"1024\" height=\"735\" class=\"ed__title-xxs\" alt=\"Cette nanostructure en forme de T a \u00e9t\u00e9 cr\u00e9\u00e9e gr\u00e2ce \u00e0 la lithographie par nano-impression.\" style=\"background-color: #f2f2f2; aspect-ratio:1024\/735;\"\/><\/p>\n<p>Cette nanostructure en forme de T a \u00e9t\u00e9 cr\u00e9\u00e9e gr\u00e2ce \u00e0 la lithographie par nano-impression.<\/p>\n<p>\u00a9 Andr\u00e9 Violas, INL<\/p>\n<\/p>\n<p class=\"ed__a-p ed__bdy__l\">La solution des chercheurs est d\u2019ajouter un \u201cmiroir nanostructur\u00e9\u201d sous la cellule qui r\u00e9fl\u00e9chit la lumi\u00e8re, r\u00e9duisant les pertes d\u2019\u00e9nergie par l\u2019arri\u00e8re et permettant une seconde absorption. Ce miroir est compos\u00e9 d\u2019une couche ultrafine d\u2019or, de seulement 25\u202fnanom\u00e8tres d\u2019\u00e9paisseur, recouverte d\u2019un motif et encapsul\u00e9e avec de l\u2019oxyde d\u2019aluminium. Ce dernier permet une passivation de l\u2019interface, autrement dit, cela permet d\u2019\u00e9viter les pertes d\u2019\u00e9nergie au niveau de la surface arri\u00e8re en emp\u00eachant une recombinaison pr\u00e9coce des \u00e9lectrons.<\/p>\n<p>            Publicit\u00e9, votre contenu continue ci-dessous<\/p>\n<p>        Publicit\u00e9<\/p>\n<blockquote class=\"ed__a-bq ed__bdy__l\">\n<p>Cette architecture nous offre un moyen puissant de g\u00e9rer la lumi\u00e8re et de r\u00e9duire la recombinaison d&rsquo;interface dans les dispositifs ultrafins, tout en conservant une fabrication pratique.<\/p>\n<p>Andr\u00e9 Violas<\/p><\/blockquote>\n<p class=\"ed__a-p ed__bdy__l\">Habituellement ce type de couche n\u00e9cessite un proc\u00e9d\u00e9 de nanofabrication tr\u00e8s co\u00fbteux, mais les chercheurs ont r\u00e9ussi \u00e0 simplifier le processus gr\u00e2ce \u00e0 la lithographie par nano-impression en une \u00e9tape. Cela devrait permettre une production \u00e0 grande \u00e9chelle.<\/p>\n<p>Des r\u00e9sultats prometteurs<\/p>\n<p class=\"ed__a-p ed__bdy__l\">Test\u00e9 sur des cellules photovolta\u00efques ultrafines de type ACIGS ((Ag,Cu)(In,Ga)Se\u2082), le miroir a augment\u00e9 le rendement de 1,5\u202fpoint de pourcentage. Mieux encore, la temp\u00e9rature de fabrication de ces cellules est plus basse, seulement 450\u202fdegr\u00e9s Celsius, en comparaison avec les cellules CIGS plus classiques qui n\u00e9cessitent une temp\u00e9rature de plus de 530 degr\u00e9s. Selon les chercheurs, cette diff\u00e9rence permet d\u2019\u00e9viter les probl\u00e8mes de diffusion qui se produisent fr\u00e9quemment avec les contacts \u00e0 base d\u2019or, et assure une compatibilit\u00e9 avec des substrats flexibles.<\/p>\n<p class=\"ed__a-p ed__bdy__l\">Cette avanc\u00e9e permet donc de r\u00e9soudre deux probl\u00e8mes simultan\u00e9ment : la passivation de l\u2019interface et la gestion de la lumi\u00e8re (en pi\u00e9geant et en r\u00e9fl\u00e9chissant les photons dans la cellule). Elle augmente de mani\u00e8re significative le rendement des panneaux solaires ultrafins, qui sont moins chers \u00e0 produire et nettement plus l\u00e9gers que les panneaux classiques. Les chercheurs esp\u00e8rent que cette technologie permettra l\u2019adoption de panneaux solaires ultrafins \u00e0 grande \u00e9chelle, qui pourraient \u00eatre int\u00e9gr\u00e9s sur des v\u00e9hicules, des b\u00e2timents ou de nombreux appareils mobiles.<\/p>\n<p>            Publicit\u00e9, votre contenu continue ci-dessous<\/p>\n<p>        Publicit\u00e9<\/p>\n<p class=\"ed__a-p ed__bdy__l\">Envie de faire encore plus d&rsquo;\u00e9conomies ? D\u00e9couvrez <a href=\"https:\/\/www.lesnumeriques.com\/codes-promo.html\" rel=\"nofollow noopener\" target=\"_blank\">nos codes promo<\/a> s\u00e9lectionn\u00e9s pour vous.<\/p>\n","protected":false},"excerpt":{"rendered":"En pla\u00e7ant un miroir \u00e0 base d\u2019or sous les cellules photovolta\u00efques, des chercheurs ont augment\u00e9 le rendement des&hellip;\n","protected":false},"author":2,"featured_media":443767,"comment_status":"","ping_status":"","sticky":false,"template":"","format":"standard","meta":{"footnotes":""},"categories":[7],"tags":[1011,27,43,40,41,39,42,44],"class_list":{"0":"post-443766","1":"post","2":"type-post","3":"status-publish","4":"format-standard","5":"has-post-thumbnail","7":"category-sciences-et-technologies","8":"tag-fr","9":"tag-france","10":"tag-science","11":"tag-science-and-technology","12":"tag-sciences","13":"tag-sciences-et-technologies","14":"tag-technologies","15":"tag-technology"},"share_on_mastodon":{"url":"https:\/\/pubeurope.com\/@fr\/115329466684188971","error":""},"_links":{"self":[{"href":"https:\/\/www.europesays.com\/fr\/wp-json\/wp\/v2\/posts\/443766","targetHints":{"allow":["GET"]}}],"collection":[{"href":"https:\/\/www.europesays.com\/fr\/wp-json\/wp\/v2\/posts"}],"about":[{"href":"https:\/\/www.europesays.com\/fr\/wp-json\/wp\/v2\/types\/post"}],"author":[{"embeddable":true,"href":"https:\/\/www.europesays.com\/fr\/wp-json\/wp\/v2\/users\/2"}],"replies":[{"embeddable":true,"href":"https:\/\/www.europesays.com\/fr\/wp-json\/wp\/v2\/comments?post=443766"}],"version-history":[{"count":0,"href":"https:\/\/www.europesays.com\/fr\/wp-json\/wp\/v2\/posts\/443766\/revisions"}],"wp:featuredmedia":[{"embeddable":true,"href":"https:\/\/www.europesays.com\/fr\/wp-json\/wp\/v2\/media\/443767"}],"wp:attachment":[{"href":"https:\/\/www.europesays.com\/fr\/wp-json\/wp\/v2\/media?parent=443766"}],"wp:term":[{"taxonomy":"category","embeddable":true,"href":"https:\/\/www.europesays.com\/fr\/wp-json\/wp\/v2\/categories?post=443766"},{"taxonomy":"post_tag","embeddable":true,"href":"https:\/\/www.europesays.com\/fr\/wp-json\/wp\/v2\/tags?post=443766"}],"curies":[{"name":"wp","href":"https:\/\/api.w.org\/{rel}","templated":true}]}}