{"id":443770,"date":"2025-10-06T22:00:14","date_gmt":"2025-10-06T22:00:14","guid":{"rendered":"https:\/\/www.europesays.com\/fr\/443770\/"},"modified":"2025-10-06T22:00:14","modified_gmt":"2025-10-06T22:00:14","slug":"trump-est-il-le-favori-pas-vraiment-liberation","status":"publish","type":"post","link":"https:\/\/www.europesays.com\/fr\/443770\/","title":{"rendered":"Trump est-il le favori\u00a0? Pas vraiment \u2013 Lib\u00e9ration"},"content":{"rendered":"<p class=\"sc-cPiKLX AiZTS text-element\">A l\u2019heure o\u00f9 le monde est secou\u00e9 par des guerres civiles, des crises humanitaires et des conflits de toutes parts, le prix Nobel de la paix \u2013 qui sera annonc\u00e9 ce vendredi 10 octobre \u00e0 l\u2019institut Nobel norv\u00e9gien \u2013 est scrut\u00e9 de tr\u00e8s pr\u00e8s. Mais les gros titres des m\u00e9dias internationaux ne semblent pas s\u2019attarder sur les acteurs fondamentaux des aides humanitaires au Proche-Orient, ni m\u00eame sur les ONG de d\u00e9fense des journalistes \u2013 pourtant centraux dans la couverture des conflits cette ann\u00e9e. Un seul nom cristallise l\u2019attention : celui de Donald Trump, pour son palmar\u00e8s autoproclam\u00e9 et particuli\u00e8rement impressionnant : <a href=\"https:\/\/www.liberation.fr\/idees-et-debats\/editorial\/a-lassemblee-generale-de-lonu-donald-trump-emmerde-le-monde-20250923_E6MAC4LZARHQFHG4EFOIJFI6R4\/\" target=\"_blank\" rel=\"noopener\" title=\"https:\/\/www.liberation.fr\/idees-et-debats\/editorial\/a-lassemblee-generale-de-lonu-donald-trump-emmerde-le-monde-20250923_E6MAC4LZARHQFHG4EFOIJFI6R4\/\">\u00abavoir mis fin \u00e0 sept guerres\u00bb<\/a>, tout simplement\u2026 Mais face \u00e0 cette repr\u00e9sentation d\u2019humilit\u00e9 notoire, 388 personnes ou organisations ont \u00e9galement officiellement \u00e9t\u00e9 propos\u00e9es. Quels sont les favoris ? Lib\u00e9ration fait le point. <\/p>\n<p class=\"sc-cPiKLX AiZTS text-element\">Le locataire de la Maison Blanche ne semble pas ouvert au d\u00e9bat. Pour lui, il s\u2019agirait d\u2019une \u00abinsulte\u00bb aux Etats-Unis qu\u2019il ne soit pas d\u00e9cor\u00e9 du prix Nobel de la paix \u2013 comme son pr\u00e9d\u00e9cesseur <a href=\"https:\/\/www.liberation.fr\/planete\/2009\/12\/11\/obama-nobel-de-la-guerre-just &lt;div style=\" clear:=\"\" both=\"\" target=\"_blank\" rel=\"noopener\"><\/p>\n","protected":false},"excerpt":{"rendered":"A l\u2019heure o\u00f9 le monde est secou\u00e9 par des guerres civiles, des crises humanitaires et des conflits de&hellip;\n","protected":false},"author":2,"featured_media":443771,"comment_status":"","ping_status":"","sticky":false,"template":"","format":"standard","meta":{"footnotes":""},"categories":[5],"tags":[11,75,1011,27,14,12,33226,28],"class_list":{"0":"post-443770","1":"post","2":"type-post","3":"status-publish","4":"format-standard","5":"has-post-thumbnail","7":"category-international","8":"tag-actualites","9":"tag-donald-trump","10":"tag-fr","11":"tag-france","12":"tag-international","13":"tag-news","14":"tag-prix-nobel","15":"tag-world"},"share_on_mastodon":{"url":"https:\/\/pubeurope.com\/@fr\/115329474452902459","error":""},"_links":{"self":[{"href":"https:\/\/www.europesays.com\/fr\/wp-json\/wp\/v2\/posts\/443770","targetHints":{"allow":["GET"]}}],"collection":[{"href":"https:\/\/www.europesays.com\/fr\/wp-json\/wp\/v2\/posts"}],"about":[{"href":"https:\/\/www.europesays.com\/fr\/wp-json\/wp\/v2\/types\/post"}],"author":[{"embeddable":true,"href":"https:\/\/www.europesays.com\/fr\/wp-json\/wp\/v2\/users\/2"}],"replies":[{"embeddable":true,"href":"https:\/\/www.europesays.com\/fr\/wp-json\/wp\/v2\/comments?post=443770"}],"version-history":[{"count":0,"href":"https:\/\/www.europesays.com\/fr\/wp-json\/wp\/v2\/posts\/443770\/revisions"}],"wp:featuredmedia":[{"embeddable":true,"href":"https:\/\/www.europesays.com\/fr\/wp-json\/wp\/v2\/media\/443771"}],"wp:attachment":[{"href":"https:\/\/www.europesays.com\/fr\/wp-json\/wp\/v2\/media?parent=443770"}],"wp:term":[{"taxonomy":"category","embeddable":true,"href":"https:\/\/www.europesays.com\/fr\/wp-json\/wp\/v2\/categories?post=443770"},{"taxonomy":"post_tag","embeddable":true,"href":"https:\/\/www.europesays.com\/fr\/wp-json\/wp\/v2\/tags?post=443770"}],"curies":[{"name":"wp","href":"https:\/\/api.w.org\/{rel}","templated":true}]}}