{"id":443780,"date":"2025-10-06T22:07:16","date_gmt":"2025-10-06T22:07:16","guid":{"rendered":"https:\/\/www.europesays.com\/fr\/443780\/"},"modified":"2025-10-06T22:07:16","modified_gmt":"2025-10-06T22:07:16","slug":"a-la-garde-la-maison-gerard-philipe-a-rouvert","status":"publish","type":"post","link":"https:\/\/www.europesays.com\/fr\/443780\/","title":{"rendered":"A La Garde, la maison G\u00e9rard-Philipe a rouvert"},"content":{"rendered":"<p class=\"fs-5 \">Des poubelles dispos\u00e9es un peu partout dans la salle polyvalente pour tenter de r\u00e9cup\u00e9rer l\u2019eau qui s\u2019infiltre par le toit.<\/p>\n<p class=\"fs-5 \">C\u2019est cette sc\u00e8ne, plusieurs fois v\u00e9cue par le pass\u00e9, quand l\u2019orage grondait au-dessus du Rocher, qu\u2019a d\u2019abord choisi d\u2019\u00e9voquer l\u2019ancien maire Jean-Louis Masson (LR) pour exposer l\u2019immense travail de r\u00e9novation accompli.<\/p>\n<p class=\"fs-5 \">Samedi, lors de l\u2019inauguration de la maison communale G\u00e9rard-Philipe, r\u00e9habilit\u00e9e apr\u00e8s un gigantesque chantier de deux ans, l\u2019actuel pr\u00e9sident du D\u00e9partement a ainsi salu\u00e9 une \u00ab grande r\u00e9ussite \u00bb.<\/p>\n<p class=\"fs-5 \">Des bureaux du service communication aux espaces associatifs du premier \u00e9tage, de l\u2019imprimerie municipale aux loges de la s\u00e9curit\u00e9 incendie, de la salle de 1 000 m2 jusqu\u2019au hall Dieudonn\u00e9-Jacobs : le b\u00e2timent, construit en 1984, a \u00e9t\u00e9 largement refait.<\/p>\n<p class=\"fs-5 \">Sa toiture, les menuiseries ext\u00e9rieures et int\u00e9rieures, l\u2019isolation, les sols, le chauffage, la ventilation, la peinture, les r\u00e9seaux d\u2019eau ou \u00e9lectriques ont \u00e9t\u00e9 enti\u00e8rement chang\u00e9s.<\/p>\n<p class=\"fs-5 \">Bref, c\u2019est un espace \u00ab comme neuf \u00bb qu\u2019ont pu d\u00e9couvrir ce week-end les habitants, pour qui on avait d\u00e9roul\u00e9 le tapis rouge.<\/p>\n<p>                                                                                H\u00e9l\u00e8ne Bill : \u00ab Ce lieu ne se r\u00e9sume pas \u00e0 des murs ; il est vivant \u00bb<\/p>\n<p class=\"fs-5 \">\u00ab Apr\u00e8s quarante d\u2019ans d\u2019utilisation quotidienne, il s\u2019av\u00e9rait n\u00e9cessaire et urgent de r\u00e9nover l\u2019ensemble pour offrir un accueil s\u00e9curis\u00e9 et optimal \u00bb, a expliqu\u00e9 la maire H\u00e9l\u00e8ne Arnaud-Bill.<\/p>\n<p class=\"fs-5 \">\u00ab Un lieu comme celui-ci ne se r\u00e9sume pas \u00e0 des murs : il est vivant. C\u2019est une seconde maison pour des g\u00e9n\u00e9rations de Gard\u00e9ennes et de Gard\u00e9ens. \u00bb<\/p>\n<p class=\"fs-5 \">Et l\u2019\u00e9lue de rappeler que l\u2019endroit est en effet id\u00e9al pour accueillir des r\u00e9unions publiques, des spectacles, des galas, concours, expositions, repas, concerts et autres salons.<\/p>\n<p class=\"fs-5 \">Jean-Louis Masson a \u00e9galement profit\u00e9 de cet instant solennel pour donner un petit cours d\u2019histoire locale.<\/p>\n<p class=\"fs-5 \">\u00ab C\u2019est Maurice Delplace, il y a quarante ans, qui est \u00e0 l\u2019origine de ce centre de vie. On n\u2019\u00e9tait pas du m\u00eame bord politique (Maurice Delplace \u00e9tait communiste, ndlr) mais c\u2019\u00e9tait mon directeur d\u2019\u00e9cole. Et je n\u2019oublie pas tout ce qu\u2019il a fait pour La Garde. Aujourd\u2019hui, nous sommes la ville qui a la plus grande densit\u00e9 associative en Europe et on se doit d\u2019avoir un lieu exemplaire pour accueillir toute cette vitalit\u00e9. \u00bb<\/p>\n<p class=\"fs-5 \">Au total, dix millions d\u2018euros ont \u00e9t\u00e9 investis par les collectivit\u00e9s dans ce chantier. Pour autant, il reste encore \u00e0 faire dans le secteur. Le nouveau th\u00e9\u00e2tre attenant sera ainsi inaugur\u00e9 en novembre.<\/p>\n<p class=\"fs-5 \">Une troisi\u00e8me phase de travaux est aussi envisag\u00e9e \u2013 \u00ab c\u2019est pour la prochaine mandature \u00bb, a confi\u00e9 l\u2019entourage de la maire \u2013 cette fois pour refaire la m\u00e9diath\u00e8que, le conservatoire et la galerie d\u2019art contemporain.<\/p>\n<p class=\"fs-5 \">Dans l\u2019imm\u00e9diat, Jean-Louis Masson a savour\u00e9 l\u2019instant. \u00ab D\u00e9sormais, attendons les gros orages pour voir ce qui va se passer. Mais je ne suis pas inquiet. Ou alors le ma\u00eetre d\u2019\u0153uvre va entendre parler de moi ! \u00bb<\/p>\n","protected":false},"excerpt":{"rendered":"Des poubelles dispos\u00e9es un peu partout dans la salle polyvalente pour tenter de r\u00e9cup\u00e9rer l\u2019eau qui s\u2019infiltre par&hellip;\n","protected":false},"author":2,"featured_media":442308,"comment_status":"","ping_status":"","sticky":false,"template":"","format":"standard","meta":{"footnotes":""},"categories":[9619],"tags":[1111,11,1777,674,1011,27,12,882,25,2310],"class_list":{"0":"post-443780","1":"post","2":"type-post","3":"status-publish","4":"format-standard","5":"has-post-thumbnail","7":"category-toulon","8":"tag-actu","9":"tag-actualites","10":"tag-eu","11":"tag-europe","12":"tag-fr","13":"tag-france","14":"tag-news","15":"tag-provence-alpes-cote-dazur","16":"tag-republique-francaise","17":"tag-toulon"},"share_on_mastodon":{"url":"https:\/\/pubeurope.com\/@fr\/115329502030009809","error":""},"_links":{"self":[{"href":"https:\/\/www.europesays.com\/fr\/wp-json\/wp\/v2\/posts\/443780","targetHints":{"allow":["GET"]}}],"collection":[{"href":"https:\/\/www.europesays.com\/fr\/wp-json\/wp\/v2\/posts"}],"about":[{"href":"https:\/\/www.europesays.com\/fr\/wp-json\/wp\/v2\/types\/post"}],"author":[{"embeddable":true,"href":"https:\/\/www.europesays.com\/fr\/wp-json\/wp\/v2\/users\/2"}],"replies":[{"embeddable":true,"href":"https:\/\/www.europesays.com\/fr\/wp-json\/wp\/v2\/comments?post=443780"}],"version-history":[{"count":0,"href":"https:\/\/www.europesays.com\/fr\/wp-json\/wp\/v2\/posts\/443780\/revisions"}],"wp:featuredmedia":[{"embeddable":true,"href":"https:\/\/www.europesays.com\/fr\/wp-json\/wp\/v2\/media\/442308"}],"wp:attachment":[{"href":"https:\/\/www.europesays.com\/fr\/wp-json\/wp\/v2\/media?parent=443780"}],"wp:term":[{"taxonomy":"category","embeddable":true,"href":"https:\/\/www.europesays.com\/fr\/wp-json\/wp\/v2\/categories?post=443780"},{"taxonomy":"post_tag","embeddable":true,"href":"https:\/\/www.europesays.com\/fr\/wp-json\/wp\/v2\/tags?post=443780"}],"curies":[{"name":"wp","href":"https:\/\/api.w.org\/{rel}","templated":true}]}}