{"id":443781,"date":"2025-10-06T22:08:18","date_gmt":"2025-10-06T22:08:18","guid":{"rendered":"https:\/\/www.europesays.com\/fr\/443781\/"},"modified":"2025-10-06T22:08:18","modified_gmt":"2025-10-06T22:08:18","slug":"toulon-veronique-maurel-et-amir-reza-tofighi-dans-les-valeurs-de-lauthentique","status":"publish","type":"post","link":"https:\/\/www.europesays.com\/fr\/443781\/","title":{"rendered":"TOULON : V\u00e9ronique MAUREL et Amir Reza-Tofighi dans les valeurs de l\u2019authentique"},"content":{"rendered":"<p style=\"text-align: left;\"><strong>D\u00e8s l\u2019ouverture de Var UP, 23e\u00a0\u00e9dition du grand salon d\u00e9partemental de l\u2019entreprise port\u00e9 par la CPME 83 et l\u2019Union Patronale du Var, la pr\u00e9sidente V\u00e9ronique Maurel a conduit les d\u00e9bats fa\u00e7on \u00ab\u00a0heure de v\u00e9rit\u00e9\u00a0\u00bb, en pr\u00e9sence remarqu\u00e9e du pr\u00e9sident national de la CPME, Amir Reza-Tofighi.<\/strong><\/p>\n<p style=\"text-align: left;\">Simplicit\u00e9 bien ordonn\u00e9e commence par soi-m\u00eame, et en l\u2019occurrence par la fa\u00e7on de le dire. Loin des discours ampoul\u00e9s et du jeu d\u2019acteurs qui ne m\u00e8ne \u00e0 rien d\u2019autres que de continuer \u00e0\u2026 jouer sa partition alors que le bateau a depuis longtemps touch\u00e9 l\u2019iceberg, V\u00e9ronique Maurel, pr\u00e9sidente de l\u2019Union Patronale du Var et de la CPME, a parl\u00e9 \u00ab\u00a0le vrai\u00a0\u00bb lors de l\u2019ouverture de Var UP.<\/p>\n<p style=\"text-align: left;\">Le grand salon de l\u2019entreprise dans le Var accueillait ce jeudi 25 septembre plus de 2 500 personnes, dirigeants d\u2019entreprises essentiellement, ainsi qu\u2019un record de parlementaires et \u00e9lus locaux. Int\u00e9r\u00eat de la manifestation et proximit\u00e9 des \u00e9lections obligent. L\u2019invit\u00e9 d\u2019honneur, Amir Reza-Tofighi, pr\u00e9sident national de la CPME, que V\u00e9ronique Maurel avait soutenu lors de sa campagne en d\u00e9but d\u2019ann\u00e9e, a pu appr\u00e9cier au premier rang l\u2019entr\u00e9e en mati\u00e8re et le ton employ\u00e9 par celle qui si\u00e8ge \u00e0 ses c\u00f4t\u00e9s au Comex du syndicat, en qualit\u00e9 de personnalit\u00e9 qualifi\u00e9e en charge des industries de d\u00e9fense.<\/p>\n<p class=\"wp-block-heading\" style=\"text-align: left;\"><strong>Rien n\u2019a chang\u00e9<\/strong><\/p>\n<p style=\"text-align: left;\">Souhaitant la bienvenue \u00e0 \u00ab\u00a0cette 23e \u00e9dition de Var UP, port\u00e9e par la CPME, qui repr\u00e9sente aujourd\u2019hui au national 239 000 entreprises et plus de 3 millions de salari\u00e9s, et par l\u2019UPV, la plus grande union patronale de France\u00a0\u00bb, la pr\u00e9sidente a d\u00e9but\u00e9 son propos par une pens\u00e9e pour le sketch des \u00ab\u00a0Inconnus\u00a0\u00bb de 1991, \u00ab\u00a0les rap-tout\u00a0\u00bb, allusion au rapt fiscal sur les entreprises qui n\u2019a certainement pas \u00e9chapp\u00e9 au pr\u00e9fet du Var.<\/p>\n<p style=\"text-align: left;\">Elle a encha\u00een\u00e9 en ouvrant les guillemets\u00a0: \u00ab\u00a0Je veux vous dire que je suis HEUREUSE de vous retrouver aujourd\u2019hui, apr\u00e8s une p\u00e9riode in\u00e9dite, et pour beaucoup d\u2019entre nous\u2026 si difficile. Mais quelle gal\u00e8re, n\u2019est-ce pas ?! Nous sommes nombreux \u00e0 le penser. OUI, le contexte est compliqu\u00e9. OUI, la vie de chef d\u2019entreprise n\u2019est pas de tout repos, aujourd\u2019hui encore plus qu\u2019hier. Mais\u00a0OUI, je crois fermement qu\u2019en se serrant les coudes, nous pouvons surmonter la crise. Et ce ne sont pas que des mots, ce sont des actes que je vous propose d\u2019initier\u2026\u00a0\u00bb.<\/p>\n<p style=\"text-align: left;\">Surprise dans l\u2019assistance au moment de refermer les guillemets et d\u2019expliquer que c\u2019\u00e9tait l\u2019introduction de son discours de Var UP 2020\u00a0! \u00ab\u00a0Si j\u2019en crois mes mots, rien n\u2019a chang\u00e9 depuis 2020, la situation des entreprises ne s\u2019est pas am\u00e9lior\u00e9e. On pourrait m\u00eame dire qu\u2019elle a empir\u00e9\u2026\u00a0\u00bb, malgr\u00e9 la mobilisation des f\u00e9d\u00e9rations, branches, syndicats, les combats contre des imp\u00f4ts injustes, comme r\u00e9cemment contre le Versement mobilit\u00e9 r\u00e9gional, surtout quand ils impactent la production.<\/p>\n<p class=\"wp-block-heading\" style=\"text-align: left;\"><strong>Tension palpable<\/strong><\/p>\n<p style=\"text-align: left;\">\u00ab\u00a0Faut-il qu\u2019on se remette en question\u00a0? Qu\u2019on s\u2019y prenne autrement\u00a0? Qu\u2019on durcisse nos discours et nos m\u00e9thodes\u00a0\u00bb, s\u2019est interrog\u00e9e V\u00e9ronique Maurel pour mieux r\u00e9pondre par l\u2019affirmative et prendre toute sa place dans le d\u00e9bat alors qu\u2019un r\u00e9cent sondage affirme que 70% des Fran\u00e7ais souhaitent entendre davantage les chefs d\u2019entreprises. A l\u2019aube de nouvelles \u00e9ch\u00e9ances \u00e9lectorales, ils ne vont pas \u00eatre d\u00e9\u00e7us, les gouvernants non plus. \u00ab\u00a0Les entreprises et leurs salari\u00e9s ne sont pas la variable d\u2019ajustement d\u2019une dette dont ils ne sont pas responsables\u00a0\u00bb, a-t-elle r\u00e9sum\u00e9, revendiquant une fois encore la \u00ab\u00a0simplification des normes et l\u2019all\u00e8gement des charges\u00a0\u00bb et annon\u00e7ant des actions concr\u00e8tes, mobilisatrices et f\u00e9d\u00e9ratrices de terrain.<\/p>\n<p style=\"text-align: left;\">Le ton monte et la tension est palpable dans les PME et TPE, au sein de la population aussi, alors que les transitions en tout genre sont autant de d\u00e9fis \u00e0 relever par la soci\u00e9t\u00e9, grande th\u00e9matique de ce salon Var UP.<\/p>\n<p style=\"text-align: left;\"><a href=\"https:\/\/www.var-entreprises.com\/veronique-maurel-et-amir-reza-tofighi-dans-les-valeurs-de-lauthentique\" rel=\"nofollow noopener\" target=\"_blank\">LIRE LA SUITE<\/a><\/p>\n<p style=\"text-align: left;\"><strong>SOURCE : Var entreprises \u2013 Newsletter de septembre 2025.<\/strong><\/p>\n","protected":false},"excerpt":{"rendered":"D\u00e8s l\u2019ouverture de Var UP, 23e\u00a0\u00e9dition du grand salon d\u00e9partemental de l\u2019entreprise port\u00e9 par la CPME 83 et&hellip;\n","protected":false},"author":2,"featured_media":443782,"comment_status":"","ping_status":"","sticky":false,"template":"","format":"standard","meta":{"footnotes":""},"categories":[9619],"tags":[1111,11,1777,674,1011,27,12,882,25,2310],"class_list":{"0":"post-443781","1":"post","2":"type-post","3":"status-publish","4":"format-standard","5":"has-post-thumbnail","7":"category-toulon","8":"tag-actu","9":"tag-actualites","10":"tag-eu","11":"tag-europe","12":"tag-fr","13":"tag-france","14":"tag-news","15":"tag-provence-alpes-cote-dazur","16":"tag-republique-francaise","17":"tag-toulon"},"share_on_mastodon":{"url":"https:\/\/pubeurope.com\/@fr\/115329505950983247","error":""},"_links":{"self":[{"href":"https:\/\/www.europesays.com\/fr\/wp-json\/wp\/v2\/posts\/443781","targetHints":{"allow":["GET"]}}],"collection":[{"href":"https:\/\/www.europesays.com\/fr\/wp-json\/wp\/v2\/posts"}],"about":[{"href":"https:\/\/www.europesays.com\/fr\/wp-json\/wp\/v2\/types\/post"}],"author":[{"embeddable":true,"href":"https:\/\/www.europesays.com\/fr\/wp-json\/wp\/v2\/users\/2"}],"replies":[{"embeddable":true,"href":"https:\/\/www.europesays.com\/fr\/wp-json\/wp\/v2\/comments?post=443781"}],"version-history":[{"count":0,"href":"https:\/\/www.europesays.com\/fr\/wp-json\/wp\/v2\/posts\/443781\/revisions"}],"wp:featuredmedia":[{"embeddable":true,"href":"https:\/\/www.europesays.com\/fr\/wp-json\/wp\/v2\/media\/443782"}],"wp:attachment":[{"href":"https:\/\/www.europesays.com\/fr\/wp-json\/wp\/v2\/media?parent=443781"}],"wp:term":[{"taxonomy":"category","embeddable":true,"href":"https:\/\/www.europesays.com\/fr\/wp-json\/wp\/v2\/categories?post=443781"},{"taxonomy":"post_tag","embeddable":true,"href":"https:\/\/www.europesays.com\/fr\/wp-json\/wp\/v2\/tags?post=443781"}],"curies":[{"name":"wp","href":"https:\/\/api.w.org\/{rel}","templated":true}]}}