{"id":443792,"date":"2025-10-06T22:14:11","date_gmt":"2025-10-06T22:14:11","guid":{"rendered":"https:\/\/www.europesays.com\/fr\/443792\/"},"modified":"2025-10-06T22:14:11","modified_gmt":"2025-10-06T22:14:11","slug":"une-nigeriane-retrouvee-morte-en-partie-devetue-a-grenoble","status":"publish","type":"post","link":"https:\/\/www.europesays.com\/fr\/443792\/","title":{"rendered":"Une Nig\u00e9riane retrouv\u00e9e morte, en partie d\u00e9v\u00eatue, \u00e0 Grenoble"},"content":{"rendered":"<p>Le corps sans vie d\u2019une femme a \u00e9t\u00e9 d\u00e9cou\u00advert \u00e0 Grenoble, dimanche 5 octobre dans la mati\u00adn\u00e9e, rue Commandant-de-Reynies. C\u2019est un pas\u00adsant qui a fait la macabre d\u00e9cou\u00adverte der\u00adri\u00e8re un buis\u00adson du square Saint-Georges, situ\u00e9 le long de la piste cyclable Chronov\u00e9lo 2, pr\u00e8s du bou\u00adle\u00advard Foch. Alert\u00e9s, les pom\u00adpiers n\u2019ont pu que consta\u00adter le d\u00e9c\u00e8s de la vic\u00adtime, une Nig\u00e9riane de 45 ans. Son corps, en \u00e9tat de rigi\u00addit\u00e9 cada\u00adv\u00e9\u00adrique, \u00e9tait par\u00adtiel\u00adle\u00adment d\u00e9nud\u00e9\u00a0: son pan\u00adta\u00adlon \u00e9tait baiss\u00e9 tan\u00addis que son buste \u00e9tait recou\u00advert d\u2019un\u00a0pull.<\/p>\n<p><a href=\"https:\/\/www.europesays.com\/fr\/wp-content\/uploads\/2025\/10\/secteursquarefochgrenoblecreditgooglemaps.jpg\"><img fetchpriority=\"high\" decoding=\"async\" aria-describedby=\"caption-attachment-661511\" class=\"wp-image-661511 size-full\" src=\"data:image\/svg+xml,%3Csvg%20xmlns=\" http:=\"\" alt=\"Une Nig\u00e9riane retrouv\u00e9e morte, en partie d\u00e9v\u00eatue, \u00e0 Grenoble. Le secteur o\u00f9 le corps d'une femme de 45 ans a \u00e9t\u00e9 d\u00e9couvert. \u00a9 Google Maps\" width=\"1500\" height=\"1151\" data-lazy- data-lazy- data-lazy-src=\"https:\/\/www.europesays.com\/fr\/wp-content\/uploads\/2025\/10\/secteursquarefochgrenoblecreditgooglemaps.jpg\"\/><\/a><\/p>\n<p id=\"caption-attachment-661511\" class=\"wp-caption-text\">Secteur o\u00f9 le corps d\u2019une femme de 45 ans a \u00e9t\u00e9 d\u00e9cou\u00advert. \u00a9 <a href=\"https:\/\/www.google.com\/maps\/place\/Rue+Commandant+de+Reynies,+38100+Grenoble\/@45.1801185,5.7173238,17z\/data=!4m6!3m5!1s0x478af49a00d2bc39:0xcee30ebbd79244d2!8m2!3d45.1801185!4d5.7198987!16s%2Fg%2F1tcxhnsv?entry=ttu&amp;g_ep=EgoyMDI1MTAwMS4wIKXMDSoASAFQAw%3D%3D\" target=\"_blank\" rel=\"noopener nofollow\">Google Maps<\/a><\/p>\n<p>Selon le par\u00adquet de Grenoble et les pre\u00admiers \u00e9l\u00e9\u00adments recueillis sur place, aucun signe de vio\u00adlence n\u2019\u00e9tait visible. Le par\u00adquet de Grenoble a confirm\u00e9 par voie de com\u00admu\u00adni\u00adqu\u00e9, lundi 6 octobre, que l\u2019autopsie avait conclu \u00ab\u00a0\u00e0 une mort bru\u00adtale cons\u00e9\u00adcu\u00adtive \u00e0 une rup\u00adture d\u2019an\u00e9vrisme\u00a0\u00bb, non pro\u00advo\u00adqu\u00e9e par une inter\u00adven\u00adtion ext\u00e9\u00adrieure. Le d\u00e9c\u00e8s serait sur\u00advenu envi\u00adron douze heures avant la d\u00e9cou\u00adverte du\u00a0corps.<\/p>\n<p>\u00c0 proxi\u00admit\u00e9 du cadavre, la police \u00e0 trouv\u00e9 un pr\u00e9\u00adser\u00adva\u00adtif et son embal\u00adlage, ce qui a conduit le par\u00adquet \u00e0 esti\u00admer que la vic\u00adtime se livrait pro\u00adba\u00adble\u00adment \u00e0 la pros\u00adti\u00adtu\u00adtion au moment du malaise fatal. \u00ab\u00a0Ces \u00e9l\u00e9\u00adments se ver\u00adront ana\u00adly\u00ads\u00e9s pour ten\u00adter d\u2019identifier d\u2019\u00e9ventuels clients\u00a0\u00bb, indique le com\u00admu\u00adni\u00adqu\u00e9 du pro\u00adcu\u00adreur de la R\u00e9publique de Grenoble.<\/p>\n<p>Si la piste cri\u00admi\u00adnelle se voit \u00e9car\u00adt\u00e9e, l\u2019enqu\u00eate ne s\u2019arr\u00eate tou\u00adte\u00adfois pas l\u00e0. Le par\u00adquet a annonc\u00e9 l\u2019ouverture d\u2019investigations pour \u00ab\u00a0non-assis\u00adtance \u00e0 per\u00adsonne en p\u00e9ril\u00a0\u00bb, rele\u00advant qu\u2019aucun t\u00e9moin n\u2019a alert\u00e9 les secours alors que la femme aurait pu subir un malaise au cours d\u2019un rap\u00adport sexuel tarif\u00e9.<\/p>\n<p>En effet, le sec\u00adteur du square Saint-Georges, situ\u00e9 \u00e0 proxi\u00admit\u00e9 du lieu de la d\u00e9cou\u00adverte, a la r\u00e9pu\u00adta\u00adtion d\u2019\u00eatre un lieu de pros\u00adti\u00adtu\u00adtion. Les poli\u00adciers pour\u00adsuivent leurs inves\u00adti\u00adga\u00adtions afin de recons\u00adti\u00adtuer les cir\u00adcons\u00adtances exactes du drame et le par\u00adcours de la vic\u00adtime dans les heures ayant pr\u00e9\u00adc\u00e9d\u00e9 son\u00a0d\u00e9c\u00e8s.<\/p>\n","protected":false},"excerpt":{"rendered":"Le corps sans vie d\u2019une femme a \u00e9t\u00e9 d\u00e9cou\u00advert \u00e0 Grenoble, dimanche 5 octobre dans la mati\u00adn\u00e9e, rue&hellip;\n","protected":false},"author":2,"featured_media":240195,"comment_status":"","ping_status":"","sticky":false,"template":"","format":"standard","meta":{"footnotes":""},"categories":[9566],"tags":[1111,11,2430,1777,674,1011,27,2731,12,25],"class_list":{"0":"post-443792","1":"post","2":"type-post","3":"status-publish","4":"format-standard","5":"has-post-thumbnail","7":"category-grenoble","8":"tag-actu","9":"tag-actualites","10":"tag-auvergne-rhone-alpes","11":"tag-eu","12":"tag-europe","13":"tag-fr","14":"tag-france","15":"tag-grenoble","16":"tag-news","17":"tag-republique-francaise"},"share_on_mastodon":{"url":"https:\/\/pubeurope.com\/@fr\/115329529743356170","error":""},"_links":{"self":[{"href":"https:\/\/www.europesays.com\/fr\/wp-json\/wp\/v2\/posts\/443792","targetHints":{"allow":["GET"]}}],"collection":[{"href":"https:\/\/www.europesays.com\/fr\/wp-json\/wp\/v2\/posts"}],"about":[{"href":"https:\/\/www.europesays.com\/fr\/wp-json\/wp\/v2\/types\/post"}],"author":[{"embeddable":true,"href":"https:\/\/www.europesays.com\/fr\/wp-json\/wp\/v2\/users\/2"}],"replies":[{"embeddable":true,"href":"https:\/\/www.europesays.com\/fr\/wp-json\/wp\/v2\/comments?post=443792"}],"version-history":[{"count":0,"href":"https:\/\/www.europesays.com\/fr\/wp-json\/wp\/v2\/posts\/443792\/revisions"}],"wp:featuredmedia":[{"embeddable":true,"href":"https:\/\/www.europesays.com\/fr\/wp-json\/wp\/v2\/media\/240195"}],"wp:attachment":[{"href":"https:\/\/www.europesays.com\/fr\/wp-json\/wp\/v2\/media?parent=443792"}],"wp:term":[{"taxonomy":"category","embeddable":true,"href":"https:\/\/www.europesays.com\/fr\/wp-json\/wp\/v2\/categories?post=443792"},{"taxonomy":"post_tag","embeddable":true,"href":"https:\/\/www.europesays.com\/fr\/wp-json\/wp\/v2\/tags?post=443792"}],"curies":[{"name":"wp","href":"https:\/\/api.w.org\/{rel}","templated":true}]}}